{"id":70666,"date":"2019-12-19T06:02:59","date_gmt":"2019-12-19T11:02:59","guid":{"rendered":"https:\/\/linitiative.ca\/International\/ces-migrants-francais-au-maroc\/"},"modified":"2019-12-19T06:02:59","modified_gmt":"2019-12-19T11:02:59","slug":"ces-migrants-francais-au-maroc","status":"publish","type":"post","link":"https:\/\/linitiative.ca\/International\/ces-migrants-francais-au-maroc\/","title":{"rendered":"Ces migrants Fran\u00e7ais au Maroc"},"content":{"rendered":"<p class=\"has-text-color has-vivid-cyan-blue-color\"><strong>Le Maroc a c\u00e9l\u00e9br\u00e9 hier, 18 d\u00e9cembre, la journ\u00e9e internationale des migrants. L\u2019occasion de revenir sur les chiffres du Haut-commissariat au Plan (HCP) sur les migrants au Maroc et dissiper les id\u00e9es a priori sur la d\u00e9finition du \u00abmigrant\u00bb.<\/strong><\/p>\n<p>Au cours de la derni\u00e8re d\u00e9cennie, la pr\u00e9sence des Subsahariens s\u2019est accrue dans le royaume. Ce qui a laiss\u00e9 croire que les \u00e9trangers venus d\u2019Afrique Subsaharienne constituait l\u2019essentiel des \u00e9trangers dans le Royaume. Selon les Chiffres du HCP publi\u00e9s en octobre dernier, dans son \u00abRapport national sur la population et le d\u00e9veloppement\u00bb, il apparait que le nombre d\u2019\u00e9trangers, (ndlr\u00a0: migrants) au Maroc, s\u2019\u00e9l\u00e8ve \u00e0 84\u00a0001 personnes, soit \u00e0 peine 0,25% de la population marocaine estim\u00e9e pour sa part \u00e0 33,8 millions d\u2019habitants. Un chiffre qui vient contrecarrer les id\u00e9es selon lesquelles les \u00e9trangers sont en tr\u00e8s grand nombre dans le royaume, m\u00eame s\u2019il d\u00e9montre qu\u2019en comparaison avec le recensement de 2004, l\u2019effectif de la population migrante au Maroc s\u2019est accru de 32566 personnes en 10 ans, soit de 63%.<\/p>\n<p>La m\u00eame enqu\u00eate r\u00e9v\u00e8le que les ressortissants fran\u00e7ais sont les migrants les plus majoritaires au Maroc, soit 25,4% de l\u2019ensemble des \u00e9trangers. Ils sont suivis par les S\u00e9n\u00e9galais qui repr\u00e9sentent 7%, suivi des Alg\u00e9riens (6,8%), puis des Syriens (6,2%), des Espagnols (4,8%), des Guin\u00e9ens (2,9%), des Ivoiriens (2,7%), des Libyens (2,4%, 2013) et enfin des Italiens (2,3%).<\/p>\n<p>Si le terme \u00abmigrant\u00bb est g\u00e9n\u00e9ralement confin\u00e9 aux \u00e9trangers d\u2019Afrique subsaharienne ou de Syrie et d\u2019autres pays du Moyen-Orient, les \u00e9trangers originaires d\u2019Europe et qui r\u00e9sident dans le royaume sont commun\u00e9ment qualifi\u00e9s d\u2019\u00abexpatri\u00e9s\u00bb. Une distinction qui joue sur l\u2019euph\u00e9misme, tend \u00e0 ancrer une in\u00e9galit\u00e9 entre Europ\u00e9ens et Africains, quand il s\u2019agit de mobilit\u00e9 et qui contribue \u00e9galement \u00e0 d\u00e9valoriser le \u00abmigrant\u00bb. Et pourtant, selon l\u2019Organisation internationale de migration (OIM), le terme \u00abmigrant\u00a0\u00bb\u00a0\u00abd\u00e9signe toute personne qui quitte son lieu de r\u00e9sidence habituelle pour s\u2019\u00e9tablir \u00e0 titre temporaire ou permanent et pour diverses raisons, soit dans une autre r\u00e9gion \u00e0 l\u2019int\u00e9rieur d\u2019un m\u00eame pays, soit dans un autre pays, franchissant ainsi une fronti\u00e8re internationale\u00bb.<\/p>\n<p>Si au Maroc, les Europ\u00e9ens ne sont pas souvent qualifi\u00e9s de \u00abmigrants\u00bb, il faut dire qu\u2019il s\u2019agit d\u2019une tendance mondiale. Dans plusieurs pays, les Occidentaux portent l\u2019\u00e9tiquette d\u2019\u00abexpats\u00bb pour sortir du lot et b\u00e9n\u00e9ficier d\u2019avantages et se diff\u00e9rencier de la population \u00e9trang\u00e8re d\u2019un pays. Si dans le fond, la d\u00e9finition s\u00e9mantique d\u2019 \u00abexpat\u00bb ( personne vivant en dehors de son pays natal\u00bb et \u00abmigrant (personne venue vivre ou s\u2019\u00e9tablir dans un pays\u00bb est presque la m\u00eame, ils ont rev\u00eatu avec le temps diff\u00e9rentes connotations. Ainsi, l\u2019expat serait celui qui choisit la mobilit\u00e9 et le \u00abmigrant\u00bb, celui qui subit la mobilit\u00e9 pour diff\u00e9rentes raisons (financi\u00e8res, s\u00e9curit\u00e9\u2026).<\/p>\n<p>Ainsi, dans la r\u00e9alit\u00e9, m\u00eame si de nombreux \u00e9trangers fran\u00e7ais au Maroc sont en situation de pr\u00e9carit\u00e9, en situation irr\u00e9guli\u00e8re\u2026, en raison de leur statut d\u2019\u00abexpat\u00bb, ils ne sont pas refoul\u00e9s, arr\u00eat\u00e9s\u2026comme les autres migrants.<\/p>\n<p>De telles diff\u00e9rences ont contribu\u00e9 avec le temps \u00e0 ternir l\u2019image de l\u2019acte d\u2019immigration, non seulement au Maroc, mais partout ailleurs. Et pourtant, la migration est un facteur de d\u00e9veloppement \u00e0 la fois pour les pays d\u2019accueil et les pays d\u2019origine. Et la percevoir ainsi serait la meilleure mani\u00e8re de c\u00e9l\u00e9brer la Journ\u00e9e internationale des migrants.<\/p>\n<p class=\"c2\"><strong>Danielle Engolo<\/strong><\/p>\n<p>Auteur: M&rsquo;hammed rahal<br \/>\n<a href=\"http:\/\/albayane.press.ma\/ces-migrants-francais-au-maroc.html\">Cliquez ici pour lire l&rsquo;article depuis sa source.<\/a><\/p>\n","protected":false},"excerpt":{"rendered":"<p>Le Maroc a c\u00e9l\u00e9br\u00e9 hier, 18 d\u00e9cembre, la journ\u00e9e internationale des migrants. L\u2019occasion de revenir sur les chiffres du Haut-commissariat au Plan (HCP) sur les migrants au Maroc et dissiper les id\u00e9es a priori sur la d\u00e9finition du \u00abmigrant\u00bb. Au cours de la derni\u00e8re d\u00e9cennie, la pr\u00e9sence des Subsahariens s\u2019est accrue dans le royaume. Ce [&hellip;]<\/p>\n","protected":false},"author":1760,"featured_media":0,"comment_status":"closed","ping_status":"closed","sticky":false,"template":"","format":"standard","meta":{"fifu_image_url":"","fifu_image_alt":"","footnotes":""},"categories":[73,54],"tags":[],"class_list":["post-70666","post","type-post","status-publish","format-standard","hentry","category-actualite","category-maroc"],"_links":{"self":[{"href":"https:\/\/linitiative.ca\/International\/wp-json\/wp\/v2\/posts\/70666","targetHints":{"allow":["GET"]}}],"collection":[{"href":"https:\/\/linitiative.ca\/International\/wp-json\/wp\/v2\/posts"}],"about":[{"href":"https:\/\/linitiative.ca\/International\/wp-json\/wp\/v2\/types\/post"}],"author":[{"embeddable":true,"href":"https:\/\/linitiative.ca\/International\/wp-json\/wp\/v2\/users\/1760"}],"replies":[{"embeddable":true,"href":"https:\/\/linitiative.ca\/International\/wp-json\/wp\/v2\/comments?post=70666"}],"version-history":[{"count":0,"href":"https:\/\/linitiative.ca\/International\/wp-json\/wp\/v2\/posts\/70666\/revisions"}],"wp:attachment":[{"href":"https:\/\/linitiative.ca\/International\/wp-json\/wp\/v2\/media?parent=70666"}],"wp:term":[{"taxonomy":"category","embeddable":true,"href":"https:\/\/linitiative.ca\/International\/wp-json\/wp\/v2\/categories?post=70666"},{"taxonomy":"post_tag","embeddable":true,"href":"https:\/\/linitiative.ca\/International\/wp-json\/wp\/v2\/tags?post=70666"}],"curies":[{"name":"wp","href":"https:\/\/api.w.org\/{rel}","templated":true}]}}