{"id":70669,"date":"2019-12-19T06:46:26","date_gmt":"2019-12-19T11:46:26","guid":{"rendered":"https:\/\/linitiative.ca\/International\/apres-5-ans-dexistence-la-fnm-livre-son-bilan\/"},"modified":"2019-12-19T06:46:26","modified_gmt":"2019-12-19T11:46:26","slug":"apres-5-ans-dexistence-la-fnm-livre-son-bilan","status":"publish","type":"post","link":"https:\/\/linitiative.ca\/International\/apres-5-ans-dexistence-la-fnm-livre-son-bilan\/","title":{"rendered":"Apr\u00e8s 5 ans d\u2019existence, la FNM livre son bilan"},"content":{"rendered":"<p class=\"has-text-color has-vivid-cyan-blue-color\"><strong>La Fondation des mus\u00e9es (FNM) a \u00a0le vent en poupe. En effet, apr\u00e8s 5 ans d\u2019existence, cette institution vient de livrer son bilan mardi 17 d\u00e9cembre dans les locaux du Mus\u00e9e Mohammed VI d\u2019Art Moderne et Contemporain \u00e0 Rabat.<\/strong><\/p>\n<p>Depuis 2014 jusqu\u2019\u00e0\u00a0 nos jours, la fondation a organis\u00e9 une cinquantaine d\u2019activit\u00e9s dont des expositions entre autres\u00a0 \u2018\u20191914-2014 cent ans de cr\u00e9ation\u2019\u2019, \u2018\u2019le Maroc m\u00e9di\u00e9val, Un empire de l\u2019Afrique \u00e0 l\u2019Espagne\u2019\u2019 en passant\u00a0 par la r\u00e9trospective Giacometti, \u2018\u2019l\u2019Afrique en Capitale\u2019\u2019, \u2018\u2019de Goya \u00e0\u00a0 nos jours\u2019\u2019, \u2018\u2019C\u00e9sar, une histoire m\u00e9diterran\u00e9enne\u2019\u2019, \u2018\u2019lumi\u00e8res d\u2019Afrique\u2019\u2019, les couleurs de\u00a0 l\u2019impressionnisme, \u2018\u2019chefs-d\u2019\u0153uvre des collections du Mus\u00e9e d\u2019Orsay\u2019\u2019 sans oublier la premi\u00e8re biennale de Rabat\u00a0: un instant\u00a0 avant le monde et bien d\u2019autres \u00e9v\u00e9nements. \u00a0\u00abLa biennale s\u2019ach\u00e8ve aujourd\u2019hui, un \u00e9v\u00e9nement artistique qui a marqu\u00e9 les esprits et qui a connu un succ\u00e8s consid\u00e9rable avec\u00a0 plus de 140.000 visiteurs.<\/p>\n<p>Cette biennale est la meilleure illustration de quelque chose qui \u00a0a enrichi et chang\u00e9 \u00a0notre paysage artistique et culturel national. Une r\u00e9volution a \u00e9t\u00e9 accomplie depuis que Sa Majest\u00e9 le Roi Mohammed VI nous a fait l\u2019honneur d\u2019inaugurer, le 7 octobre 2014, ce beau Mus\u00e9e Mohammed VI d\u2019Art Moderne et Contemporain\u00bb, a soulign\u00e9 Mehdi Qotbi, Pr\u00e9sident de la Fondation Nationale des Mus\u00e9es du Maroc lors, de la conf\u00e9rence de presse tenue \u00e0 l\u2019issue.\u00a0 Depuis sa cr\u00e9ation, la FNM, a-t-il\u00a0 ajout\u00e9, a r\u00e9pondu\u00a0 \u00e0 cette orientation impuls\u00e9e par la volont\u00e9 de SA Majest\u00e9 visant \u00e0 donner \u00a0\u00e0 l\u2019art et \u00e0 la culture la place qui leurs reviennent \u00a0partout \u00e0 travers le royaume.<\/p>\n<p>En outre, l\u2019ann\u00e9e de 2020 s\u2019annonce d\u00e9j\u00e0\u00a0 prometteuse avec une programmation color\u00e9e et lumineuse, et qui\u00a0 sera marqu\u00e9e par l\u2019ouverture du premier mus\u00e9e d\u00e9di\u00e9 \u00e0 la photographie au Fort Rottembourg dont l\u2019inauguration est pr\u00e9vue le 14 janvier ainsi que l\u2019ouverture de\u00a0 nouveaux\u00a0 mus\u00e9es\u00a0\u00a0 \u00e0 savoir le mus\u00e9e de Dar Jamai \u00e0 Meknes, le mus\u00e9e Borj Belkadi , le mus\u00e9e Bab Okla \u00e0\u00a0 T\u00e9touan, le mus\u00e9e de la place Jamaa El Fna \u00e0 la ville ocre. D\u2019autres \u00e9v\u00e9nements artistiques meubleront le programme de 2020 \u00e0\u00a0 savoir l\u2019exposition \u00abMaroc 2020 \u00e0 Madrid\u00bb, \u00abMaroc 2020 \u00e0 P\u00e9kin\u00bb ainsi que les expositions qui seront consacr\u00e9es au MMVI \u00e0\u00a0 l\u2019artiste marocain Fouad Bellamine, Eug\u00e8ne Delacroix et \u00e0 l\u2019art africain.<\/p>\n<p>\u00abCe qui est important pour moi, c\u2019est donner la possibilit\u00e9 aux diff\u00e9rentes couches sociales de venir d\u00e9couvrir ces merveilles au\u00a0 mus\u00e9e. On a 55% de visiteurs sont des jeunes qui viennent des \u00e9coles. C\u2019est \u00e7a pour moi le but et l\u2019essentiel\u00bb, a-t-il fait savoir Qotbi.<\/p>\n<p>Et d\u2019ajouter\u00a0:\u00a0\u00ab\u00a0Nous avons fait brill\u00e9 nos talents et tr\u00e9sors artistiques \u00e0 l\u2019\u00e9tranger qu\u2019il s\u2019agisse du Maroc contemporain \u00e0 l\u2019IMA ou des chefs d\u2019\u0153uvre de notre patrimoine\u00a0 \u00e0 Abu Dhabi ou la grande exposition \u00abLe Maroc m\u00e9di\u00e9val. Un empire de l\u2019Afrique \u00e0 l\u2019Espagne \u00bb qui a eu lieu au Louvre, et qui avait s\u00e9duit 150.000 visiteurs en trois mois\u00bb Une s\u2019ach\u00e8ve, une autre s\u2019annonce. Et afin de renforcer sa place \u00e0 l\u2019\u00e9chelle internationale, la FNM a multiplie ses collaborations et ses conventions avec des institutions mus\u00e9ales internationales comme le Mus\u00e9e du Louvre,\u00a0le Mus\u00e9e Pouchkine, le Mus\u00e9e d\u2019Orsay, le Mus\u00e9e Pompidou et d\u2019autres.<\/p>\n<p>On a fait une cinquantaine d\u2019activit\u00e9s \u00e0 l\u2019\u00e9chelle nationale et internationale depuis 5 ans. Une cinquantaine d\u2019activit\u00e9s\u00a0 c\u2019est-\u00e0-dire une trentaine d\u2019expositions temporaires, 5 mus\u00e9es qui ont \u00e9t\u00e9 r\u00e9nov\u00e9s\u00a0 et restaur\u00e9s, 6 mus\u00e9es qui sont en train\u00a0 d\u2019\u00eatre restaur\u00e9s, 4 mus\u00e9es sont inaugur\u00e9s, ce qui va faire une carte m\u00e9sologique\u00a0 diff\u00e9rente avec une dizaine\u00a0 de mus\u00e9es\u00a0 qui fonctionnent et une \u00e9quipe dynamique form\u00e9e et motiv\u00e9e\u00a0 qui va mettre ses services \u00e0 la disposition de cette institution\u00bb, a pr\u00e9cis\u00e9 Abdelaziz El Idrissi, directeur Mus\u00e9e Mohammed VI d\u2019Art Moderne et Contemporain.<\/p>\n<p class=\"c2\"><strong>Mohamed Nait Youssef<\/strong><\/p>\n<p>Auteur: M&rsquo;hammed rahal<br \/>\n<a href=\"http:\/\/albayane.press.ma\/apres-5-ans-dexistence-la-fnm-livre-son-bilan.html\">Cliquez ici pour lire l&rsquo;article depuis sa source.<\/a><\/p>\n","protected":false},"excerpt":{"rendered":"<p>La Fondation des mus\u00e9es (FNM) a \u00a0le vent en poupe. En effet, apr\u00e8s 5 ans d\u2019existence, cette institution vient de livrer son bilan mardi 17 d\u00e9cembre dans les locaux du Mus\u00e9e Mohammed VI d\u2019Art Moderne et Contemporain \u00e0 Rabat. Depuis 2014 jusqu\u2019\u00e0\u00a0 nos jours, la fondation a organis\u00e9 une cinquantaine d\u2019activit\u00e9s dont des expositions entre [&hellip;]<\/p>\n","protected":false},"author":1760,"featured_media":0,"comment_status":"closed","ping_status":"closed","sticky":false,"template":"","format":"standard","meta":{"fifu_image_url":"","fifu_image_alt":"","footnotes":""},"categories":[73,54],"tags":[],"class_list":["post-70669","post","type-post","status-publish","format-standard","hentry","category-actualite","category-maroc"],"_links":{"self":[{"href":"https:\/\/linitiative.ca\/International\/wp-json\/wp\/v2\/posts\/70669","targetHints":{"allow":["GET"]}}],"collection":[{"href":"https:\/\/linitiative.ca\/International\/wp-json\/wp\/v2\/posts"}],"about":[{"href":"https:\/\/linitiative.ca\/International\/wp-json\/wp\/v2\/types\/post"}],"author":[{"embeddable":true,"href":"https:\/\/linitiative.ca\/International\/wp-json\/wp\/v2\/users\/1760"}],"replies":[{"embeddable":true,"href":"https:\/\/linitiative.ca\/International\/wp-json\/wp\/v2\/comments?post=70669"}],"version-history":[{"count":0,"href":"https:\/\/linitiative.ca\/International\/wp-json\/wp\/v2\/posts\/70669\/revisions"}],"wp:attachment":[{"href":"https:\/\/linitiative.ca\/International\/wp-json\/wp\/v2\/media?parent=70669"}],"wp:term":[{"taxonomy":"category","embeddable":true,"href":"https:\/\/linitiative.ca\/International\/wp-json\/wp\/v2\/categories?post=70669"},{"taxonomy":"post_tag","embeddable":true,"href":"https:\/\/linitiative.ca\/International\/wp-json\/wp\/v2\/tags?post=70669"}],"curies":[{"name":"wp","href":"https:\/\/api.w.org\/{rel}","templated":true}]}}