{"id":70671,"date":"2019-12-19T03:06:04","date_gmt":"2019-12-19T08:06:04","guid":{"rendered":"https:\/\/linitiative.ca\/International\/adhesion-de-la-bfpme-au-systeme-de-telecompensation-bancaire\/"},"modified":"2019-12-19T03:06:04","modified_gmt":"2019-12-19T08:06:04","slug":"adhesion-de-la-bfpme-au-systeme-de-telecompensation-bancaire","status":"publish","type":"post","link":"https:\/\/linitiative.ca\/International\/adhesion-de-la-bfpme-au-systeme-de-telecompensation-bancaire\/","title":{"rendered":"Adh\u00e9sion de la BFPME au syst\u00e8me de t\u00e9l\u00e9compensation bancaire."},"content":{"rendered":"<p>La BFPME vient d\u2019adh\u00e9rer \u2013 \u00e0 la date du 18 d\u00e9cembre 2019 \u2013 au syst\u00e8me national de t\u00e9l\u00e9compensation bancaire, \u00e0 travers la signature des conventions y aff\u00e9rentes, par l\u2019Association Professionnelle Tunisienne des Banques et des Etablissements Financiers pour le compte de la BFPME, d\u2019un c\u00f4t\u00e9, et par la Banque Centrale de Tunisie, de l\u2019autre. La c\u00e9r\u00e9monie a eu lieu au Si\u00e8ge de la BCT, en pr\u00e9sence de Mme. Mouna SAIED, D\u00e9l\u00e9gu\u00e9e G\u00e9n\u00e9rale de l\u2019APTBEF, Mme. Saji\u00e2a OUALHA, Directrice G\u00e9n\u00e9rale du D\u00e9veloppement et du Contr\u00f4le des Syst\u00e8mes et des Outils de Paiement \u00e0 la BCT, M. L\u00e9bid ZAAFRANE, Pr\u00e9sident \u2013 Directeur G\u00e9n\u00e9ral de la BFPME et de plusieurs hauts cadres relevant de ces institutions. Il s\u2019agit en fait de trois conventions, concernant les ch\u00e8ques, les effets et les virements bancaires. Cette \u00e9tape achev\u00e9e par la BFPME \u2013 dans le cadre du processus de la mise en place de son agence bancaire centrale \u2013 vient suivre une premi\u00e8re convention sign\u00e9e en novembre dernier, relative \u00e0 l\u2019adh\u00e9sion de notre banque au Syst\u00e8me de Virements de Gros Montants Tunisien (SGMT). La prochaine ouverture d\u2019une agence centrale \u00e0 la BFPME donnera la possibilit\u00e9 \u00e0 notre banque pour d\u00e9velopper la relation de compte avec nos clients, d\u2019am\u00e9liorer le suivi de l\u2019activit\u00e9 de ses derniers et de diversifier notre offre au profit des PME tunisiennes. Elle aura aussi un impact positif au niveau du recouvrement.<\/p>\n<p class=\"dpsp-share-text\">Partager c&rsquo;est aimer!<\/p>\n<div class=\"wp-post-author-wrap wp-post-author-shortcode left\">\n<h3 class=\"awpa-title\"\/>\n<div class=\"wp-post-author\">\n<div class=\"awpa-img awpa-author-block square\"><a href=\"http:\/\/lexpertjournal.net\/fr\/author\/expert\/\"><img loading=\"lazy\" decoding=\"async\" alt=\"\" src=\"http:\/\/0.gravatar.com\/avatar\/c828f0b17d24309f0d01a4eac3747085?s=150&#038;d=mm&#038;r=g\" srcset=\"http:\/\/0.gravatar.com\/avatar\/c828f0b17d24309f0d01a4eac3747085?s=300&#038;d=mm&#038;r=g 2x\" class=\"avatar avatar-150 photo\" height=\"150\" width=\"150\"\/><\/a><\/div>\n<\/div>\n<\/div>\n<p>Auteur: L&rsquo;expert<br \/>\n<a href=\"http:\/\/lexpertjournal.net\/fr\/2019\/12\/19\/adhesion-de-la-bfpme-au-systeme-de-telecompensation-bancaire\/\">Cliquez ici pour lire l&rsquo;article depuis sa source.<\/a><\/p>\n","protected":false},"excerpt":{"rendered":"<p>La BFPME vient d\u2019adh\u00e9rer \u2013 \u00e0 la date du 18 d\u00e9cembre 2019 \u2013 au syst\u00e8me national de t\u00e9l\u00e9compensation bancaire, \u00e0 travers la signature des conventions y aff\u00e9rentes, par l\u2019Association Professionnelle Tunisienne des Banques et des Etablissements Financiers pour le compte de la BFPME, d\u2019un c\u00f4t\u00e9, et par la Banque Centrale de Tunisie, de l\u2019autre. La [&hellip;]<\/p>\n","protected":false},"author":1775,"featured_media":0,"comment_status":"closed","ping_status":"closed","sticky":false,"template":"","format":"standard","meta":{"fifu_image_url":"","fifu_image_alt":"","footnotes":""},"categories":[78,55],"tags":[],"class_list":["post-70671","post","type-post","status-publish","format-standard","hentry","category-economie","category-tunisie"],"_links":{"self":[{"href":"https:\/\/linitiative.ca\/International\/wp-json\/wp\/v2\/posts\/70671","targetHints":{"allow":["GET"]}}],"collection":[{"href":"https:\/\/linitiative.ca\/International\/wp-json\/wp\/v2\/posts"}],"about":[{"href":"https:\/\/linitiative.ca\/International\/wp-json\/wp\/v2\/types\/post"}],"author":[{"embeddable":true,"href":"https:\/\/linitiative.ca\/International\/wp-json\/wp\/v2\/users\/1775"}],"replies":[{"embeddable":true,"href":"https:\/\/linitiative.ca\/International\/wp-json\/wp\/v2\/comments?post=70671"}],"version-history":[{"count":0,"href":"https:\/\/linitiative.ca\/International\/wp-json\/wp\/v2\/posts\/70671\/revisions"}],"wp:attachment":[{"href":"https:\/\/linitiative.ca\/International\/wp-json\/wp\/v2\/media?parent=70671"}],"wp:term":[{"taxonomy":"category","embeddable":true,"href":"https:\/\/linitiative.ca\/International\/wp-json\/wp\/v2\/categories?post=70671"},{"taxonomy":"post_tag","embeddable":true,"href":"https:\/\/linitiative.ca\/International\/wp-json\/wp\/v2\/tags?post=70671"}],"curies":[{"name":"wp","href":"https:\/\/api.w.org\/{rel}","templated":true}]}}