{"id":70673,"date":"2019-12-19T13:04:15","date_gmt":"2019-12-19T18:04:15","guid":{"rendered":"https:\/\/linitiative.ca\/International\/tizi-ouzou-serie-dhommages-a-des-personnalites-culturelles-locales\/"},"modified":"2019-12-19T13:04:15","modified_gmt":"2019-12-19T18:04:15","slug":"tizi-ouzou-serie-dhommages-a-des-personnalites-culturelles-locales","status":"publish","type":"post","link":"https:\/\/linitiative.ca\/International\/tizi-ouzou-serie-dhommages-a-des-personnalites-culturelles-locales\/","title":{"rendered":"Tizi-Ouzou : s\u00e9rie d&rsquo;hommages \u00e0 des personnalit\u00e9s culturelles locales"},"content":{"rendered":"<div readability=\"39\">\n<p><strong>TIZI-OUZOU, 18 d\u00e9c 2019 (APS)- Une s\u00e9rie d\u2019hommages sera rendue courant de ce mois de d\u00e9cembre \u00e0 plusieurs personnalit\u00e9s et hommes de culture locaux qui se sont distingu\u00e9s par leur apport et leur cr\u00e9ation dans le domaine de la culture et du patrimoine, a annonc\u00e9 mercredi, dans un communiqu\u00e9, la\u00a0direction locale de la Culture.<\/strong><\/p>\n<\/div>\n<div readability=\"86\">\n<p>Ainsi, pour rendre hommage aux t\u00e9nors de la chanson amazigh, une s\u00e9rie de spectacles artistiques sera organis\u00e9e du 28 au 30 du mois de d\u00e9cembre en cours au niveau de la grande salle de la maison de la culture Mouloud Mammeri.<\/p>\n<p>Organis\u00e9e par la direction de la Culture et l\u2019Agence alg\u00e9rienne pour le rayonnement culturel (AARC) et plac\u00e9e sous le th\u00e8me : \u00ab\u00a0lumi\u00e8re sur la nouvelle sc\u00e8ne de la chanson amazigh\u00a0\u00bb, cette manifestation culturelle est d\u00e9di\u00e9e aux t\u00e9nors de la chanson kabyle que sont Cherif Kheddam, Brahim Izri, Taleb Rabah, Djamila et Mohamed Lamari.<\/p>\n<p>Les spectacles seront anim\u00e9s par une panoplie de jeunes artistes parmi ceux prim\u00e9s lors des programmes Alhane ou Chabab ou lors des festivals de la chanson amazigh qui se d\u00e9roulent annuellement au niveau local.<\/p>\n<blockquote readability=\"11\">\n<p><em><strong>L\u2019objectif vis\u00e9 par cet hommage, \u00e0 soulign\u00e9 \u00e0 l\u2019APS, Goumeziane Nabila, directrice locale de la Culture, est \u00ab\u00a0de rendre hommage \u00e0 ces artistes tous disparus r\u00e9cemment et par la m\u00eame occasion encourager ces jeunes talents en leur offrant un espace exclusivement r\u00e9serv\u00e9 pour eux\u00a0\u00bb.<\/strong><\/em><\/p>\n<\/blockquote>\n<p>Dans le m\u00eame sillage, plusieurs \u00e9tablissements culturels \u00e0 travers la wilaya seront baptis\u00e9s aux noms de certains d\u2019entre-eux, a-t-on, \u00e9galement, indiqu\u00e9 de m\u00eame source. Une \u00ab\u00a0initiative qui vise \u00e0 honorer leur m\u00e9moire et \u00e0 perp\u00e9tuer leur apport\u00a0\u00bb, a soulign\u00e9 \u00e0 ce propos Mme Goumeziane.<\/p>\n<p>Ainsi, l\u2019\u00e9cole r\u00e9gionale des Beaux-arts d\u2019Azazga portera d\u00e9sormais le nom du c\u00e9l\u00e8bre peintre M\u2019hamed Issiakhem, le th\u00e9\u00e2tre de verdure situ\u00e9e dans l&rsquo;enceinte de la Maison de la culture Mouloud Mammeri celui dramaturge Mohia Abdallah.<\/p>\n<blockquote readability=\"11\">\n<p><em><strong>Les biblioth\u00e8ques semi urbaine de la maison de la culture de Tizi-Ouzou, de B\u00e9ni-Douala et Illilten dans la daira d&rsquo;Iferhounene porteront respectivement ceux de Boulifa Si Amar Oussaid, l&rsquo;un des premiers\u00a0chercheurs en linguistique berb\u00e8re, de l\u2019\u00e9crivain Mouloud Feraoun et du chanteur Taleb Rabah.<\/strong><\/em><\/p>\n<\/blockquote>\n<p>Deux salles de lecture, des villages d\u2019Agouni Issad, dans communue Ait Yahia au Sud-est de la wilaya et Icherdiouene, dans la commune Beni Douala, porteront, elles, les noms du po\u00e8te soufi et saint kabyle de la seconde moiti\u00e9 du 19e si\u00e8cle, Cheikh Si Mohand Oulhoucine et du cofondateur du premier parti nationaliste alg\u00e9rien, l&rsquo;Etoile Nord Africaine (ENA) Imache Amar.<\/p>\n<\/div>\n<p>Auteur:<br \/>\n<a href=\"http:\/\/www.aps.dz\/culture\/99129-tizi-ouzou-serie-d-hommages-a-des-personnalites-culturelles-locales\">Cliquez ici pour lire l&rsquo;article depuis sa source.<\/a><\/p>\n","protected":false},"excerpt":{"rendered":"<p>TIZI-OUZOU, 18 d\u00e9c 2019 (APS)- Une s\u00e9rie d\u2019hommages sera rendue courant de ce mois de d\u00e9cembre \u00e0 plusieurs personnalit\u00e9s et hommes de culture locaux qui se sont distingu\u00e9s par leur apport et leur cr\u00e9ation dans le domaine de la culture et du patrimoine, a annonc\u00e9 mercredi, dans un communiqu\u00e9, la\u00a0direction locale de la Culture. Ainsi, [&hellip;]<\/p>\n","protected":false},"author":1790,"featured_media":0,"comment_status":"closed","ping_status":"closed","sticky":false,"template":"","format":"standard","meta":{"fifu_image_url":"","fifu_image_alt":"","footnotes":""},"categories":[53,79],"tags":[],"class_list":["post-70673","post","type-post","status-publish","format-standard","hentry","category-algerie","category-culture"],"_links":{"self":[{"href":"https:\/\/linitiative.ca\/International\/wp-json\/wp\/v2\/posts\/70673","targetHints":{"allow":["GET"]}}],"collection":[{"href":"https:\/\/linitiative.ca\/International\/wp-json\/wp\/v2\/posts"}],"about":[{"href":"https:\/\/linitiative.ca\/International\/wp-json\/wp\/v2\/types\/post"}],"author":[{"embeddable":true,"href":"https:\/\/linitiative.ca\/International\/wp-json\/wp\/v2\/users\/1790"}],"replies":[{"embeddable":true,"href":"https:\/\/linitiative.ca\/International\/wp-json\/wp\/v2\/comments?post=70673"}],"version-history":[{"count":0,"href":"https:\/\/linitiative.ca\/International\/wp-json\/wp\/v2\/posts\/70673\/revisions"}],"wp:attachment":[{"href":"https:\/\/linitiative.ca\/International\/wp-json\/wp\/v2\/media?parent=70673"}],"wp:term":[{"taxonomy":"category","embeddable":true,"href":"https:\/\/linitiative.ca\/International\/wp-json\/wp\/v2\/categories?post=70673"},{"taxonomy":"post_tag","embeddable":true,"href":"https:\/\/linitiative.ca\/International\/wp-json\/wp\/v2\/tags?post=70673"}],"curies":[{"name":"wp","href":"https:\/\/api.w.org\/{rel}","templated":true}]}}