{"id":70676,"date":"2019-12-19T05:00:00","date_gmt":"2019-12-19T10:00:00","guid":{"rendered":"https:\/\/linitiative.ca\/International\/soutien-au-bedeiste-detenu-nime\/"},"modified":"2019-12-19T05:00:00","modified_gmt":"2019-12-19T10:00:00","slug":"soutien-au-bedeiste-detenu-nime","status":"publish","type":"post","link":"https:\/\/linitiative.ca\/International\/soutien-au-bedeiste-detenu-nime\/","title":{"rendered":"Soutien au b\u00e9d\u00e9iste d\u00e9tenu Nime"},"content":{"rendered":"<div id=\"originalText\" readability=\"57\">\n<p>La\u00a0 Cit\u00e9\u00a0 internationale\u00a0 de\u00a0 la bande\u00a0 dessin\u00e9e\u00a0 et de\u00a0 l\u2019image\u00a0 (CIBDI)\u00a0 d\u2019Angoul\u00eame,\u00a0 en\u00a0 Charente, principal festival de bande dessin\u00e9e francophone et le deuxi\u00e8me plus important d\u2019Europe en termes de notori\u00e9t\u00e9, a exprim\u00e9 sa solidarit\u00e9 avec Abdelhamid Amine, dit Nime, auteur de bandes dessin\u00e9es et qui a \u00e9t\u00e9 condamn\u00e9 \u00e0 un an de prison, dont trois mois ferme, par le tribunal d\u2019Oran.\u00a0<\/p>\n<p>\u201cLa Cit\u00e9-BD\u00a0 t\u00e9moigne de tout son soutien \u00e0 Nime-BD\u00a0 ancien r\u00e9sident\u00a0 \u00e0 la Maison\u00a0 des auteurs en 2012. Sans la libert\u00e9 d\u2019expression, la libert\u00e9 est amput\u00e9e de ce qu&rsquo;elle a de plus essentiel\u201d, a \u00e9crit la CIBDI dans un tweet. \u201cJe suis constern\u00e9 par cette condamnation.<\/p>\n<p>Quand on commence \u00e0 mettre des auteurs de BD en prison, on se dit qu\u2019on est en train de vivre le d\u00e9but du pire. Nime est un embl\u00e8me. Malheureusement, il n\u2019est pas le seul, au regard des arrestations qui se multiplient en Alg\u00e9rie\u201d, pr\u00e9cise Pierre Lungheretti, directeur de la CIBDI.\u00a0<\/p>\n<\/div>\n<div id=\"text_core\" readability=\"57\">\n<p>La\u00a0 Cit\u00e9\u00a0 internationale\u00a0 de\u00a0 la bande\u00a0 dessin\u00e9e\u00a0 et de\u00a0 l\u2019image\u00a0 (CIBDI)\u00a0 d\u2019Angoul\u00eame,\u00a0 en\u00a0 Charente, principal festival de bande dessin\u00e9e francophone et le deuxi\u00e8me plus important d\u2019Europe en termes de notori\u00e9t\u00e9, a exprim\u00e9 sa solidarit\u00e9 avec Abdelhamid Amine, dit Nime, auteur de bandes dessin\u00e9es et qui a \u00e9t\u00e9 condamn\u00e9 \u00e0 un an de prison, dont trois mois ferme, par le tribunal d\u2019Oran.\u00a0<\/p>\n<p>\u201cLa Cit\u00e9-BD\u00a0 t\u00e9moigne de tout son soutien \u00e0 Nime-BD\u00a0 ancien r\u00e9sident\u00a0 \u00e0 la Maison\u00a0 des auteurs en 2012. Sans la libert\u00e9 d\u2019expression, la libert\u00e9 est amput\u00e9e de ce qu&rsquo;elle a de plus essentiel\u201d, a \u00e9crit la CIBDI dans un tweet. \u201cJe suis constern\u00e9 par cette condamnation.<\/p>\n<p>Quand on commence \u00e0 mettre des auteurs de BD en prison, on se dit qu\u2019on est en train de vivre le d\u00e9but du pire. Nime est un embl\u00e8me. Malheureusement, il n\u2019est pas le seul, au regard des arrestations qui se multiplient en Alg\u00e9rie\u201d, pr\u00e9cise Pierre Lungheretti, directeur de la CIBDI.\u00a0<\/p>\n<\/div>\n<p>Auteur:<br \/>\n<a href=\"https:\/\/www.liberte-algerie.com\/radar\/soutien-au-bedeiste-detenu-nime-330418\">Cliquez ici pour lire l&rsquo;article depuis sa source.<\/a><\/p>\n","protected":false},"excerpt":{"rendered":"<p>La\u00a0 Cit\u00e9\u00a0 internationale\u00a0 de\u00a0 la bande\u00a0 dessin\u00e9e\u00a0 et de\u00a0 l\u2019image\u00a0 (CIBDI)\u00a0 d\u2019Angoul\u00eame,\u00a0 en\u00a0 Charente, principal festival de bande dessin\u00e9e francophone et le deuxi\u00e8me plus important d\u2019Europe en termes de notori\u00e9t\u00e9, a exprim\u00e9 sa solidarit\u00e9 avec Abdelhamid Amine, dit Nime, auteur de bandes dessin\u00e9es et qui a \u00e9t\u00e9 condamn\u00e9 \u00e0 un an de prison, dont trois [&hellip;]<\/p>\n","protected":false},"author":1742,"featured_media":0,"comment_status":"closed","ping_status":"closed","sticky":false,"template":"","format":"standard","meta":{"fifu_image_url":"","fifu_image_alt":"","footnotes":""},"categories":[73,53],"tags":[],"class_list":["post-70676","post","type-post","status-publish","format-standard","hentry","category-actualite","category-algerie"],"_links":{"self":[{"href":"https:\/\/linitiative.ca\/International\/wp-json\/wp\/v2\/posts\/70676","targetHints":{"allow":["GET"]}}],"collection":[{"href":"https:\/\/linitiative.ca\/International\/wp-json\/wp\/v2\/posts"}],"about":[{"href":"https:\/\/linitiative.ca\/International\/wp-json\/wp\/v2\/types\/post"}],"author":[{"embeddable":true,"href":"https:\/\/linitiative.ca\/International\/wp-json\/wp\/v2\/users\/1742"}],"replies":[{"embeddable":true,"href":"https:\/\/linitiative.ca\/International\/wp-json\/wp\/v2\/comments?post=70676"}],"version-history":[{"count":0,"href":"https:\/\/linitiative.ca\/International\/wp-json\/wp\/v2\/posts\/70676\/revisions"}],"wp:attachment":[{"href":"https:\/\/linitiative.ca\/International\/wp-json\/wp\/v2\/media?parent=70676"}],"wp:term":[{"taxonomy":"category","embeddable":true,"href":"https:\/\/linitiative.ca\/International\/wp-json\/wp\/v2\/categories?post=70676"},{"taxonomy":"post_tag","embeddable":true,"href":"https:\/\/linitiative.ca\/International\/wp-json\/wp\/v2\/tags?post=70676"}],"curies":[{"name":"wp","href":"https:\/\/api.w.org\/{rel}","templated":true}]}}