{"id":70677,"date":"2019-12-19T05:00:00","date_gmt":"2019-12-19T10:00:00","guid":{"rendered":"https:\/\/linitiative.ca\/International\/menace-a-visage-decouvert-contre-les-manifestants\/"},"modified":"2019-12-19T05:00:00","modified_gmt":"2019-12-19T10:00:00","slug":"menace-a-visage-decouvert-contre-les-manifestants","status":"publish","type":"post","link":"https:\/\/linitiative.ca\/International\/menace-a-visage-decouvert-contre-les-manifestants\/","title":{"rendered":"Menace \u00e0 visage d\u00e9couvert contre les manifestants"},"content":{"rendered":"<div id=\"originalText\" readability=\"51\">\n<p>Depuis\u00a0 quelques\u00a0 jours,\u00a0 une\u00a0 vid\u00e9o\u00a0 circule\u00a0 sur\u00a0 les\u00a0 r\u00e9seaux\u00a0 sociaux\u00a0 dans laquelle un inconnu menace de s\u2019en prendre physiquement \u00e0 ceux qui voudraient participer \u00e0 la marche du vendredi \u00e0 Oran. S\u2019exprimant \u00e0 visage d\u00e9couvert, l\u2019homme jure d\u2019accueillir les manifestants avec des bouchias (nom donn\u00e9 au couteau de boucher).<\/p>\n<p>L\u2019inconnu, qui se pr\u00e9sente comme un p\u00eacheur et repris de justice, s\u2019en prend notamment \u00e0 ceux qu\u2019il appelle \u201czouaves\u201d et harka, et menace le com\u00e9dien Abdelkader Djeroui pour son appel \u00e0 une marche nationale dans la capitale de l\u2019Ouest en solidarit\u00e9 avec les Oranais qui avaient subi la r\u00e9pression que l\u2019on sait.<\/p>\n<p>Cette vid\u00e9o de plus 25 minutes, manifestement r\u00e9alis\u00e9e \u00e0 partir du quartier Gambetta, a suscit\u00e9 une vague d\u2019indignation parmi les internautes qui d\u00e9noncent des propos extr\u00eamement violents et appellent les autorit\u00e9s \u00e0 r\u00e9agir de toute urgence.<\/p>\n<\/div>\n<div id=\"text_core\" readability=\"51\">\n<p>Depuis\u00a0 quelques\u00a0 jours,\u00a0 une\u00a0 vid\u00e9o\u00a0 circule\u00a0 sur\u00a0 les\u00a0 r\u00e9seaux\u00a0 sociaux\u00a0 dans laquelle un inconnu menace de s\u2019en prendre physiquement \u00e0 ceux qui voudraient participer \u00e0 la marche du vendredi \u00e0 Oran. S\u2019exprimant \u00e0 visage d\u00e9couvert, l\u2019homme jure d\u2019accueillir les manifestants avec des bouchias (nom donn\u00e9 au couteau de boucher).<\/p>\n<p>L\u2019inconnu, qui se pr\u00e9sente comme un p\u00eacheur et repris de justice, s\u2019en prend notamment \u00e0 ceux qu\u2019il appelle \u201czouaves\u201d et harka, et menace le com\u00e9dien Abdelkader Djeroui pour son appel \u00e0 une marche nationale dans la capitale de l\u2019Ouest en solidarit\u00e9 avec les Oranais qui avaient subi la r\u00e9pression que l\u2019on sait.<\/p>\n<p>Cette vid\u00e9o de plus 25 minutes, manifestement r\u00e9alis\u00e9e \u00e0 partir du quartier Gambetta, a suscit\u00e9 une vague d\u2019indignation parmi les internautes qui d\u00e9noncent des propos extr\u00eamement violents et appellent les autorit\u00e9s \u00e0 r\u00e9agir de toute urgence.<\/p>\n<\/div>\n<p>Auteur:<br \/>\n<a href=\"https:\/\/www.liberte-algerie.com\/radar\/menace-a-visage-decouvert-contre-les-manifestants-330417\">Cliquez ici pour lire l&rsquo;article depuis sa source.<\/a><\/p>\n","protected":false},"excerpt":{"rendered":"<p>Depuis\u00a0 quelques\u00a0 jours,\u00a0 une\u00a0 vid\u00e9o\u00a0 circule\u00a0 sur\u00a0 les\u00a0 r\u00e9seaux\u00a0 sociaux\u00a0 dans laquelle un inconnu menace de s\u2019en prendre physiquement \u00e0 ceux qui voudraient participer \u00e0 la marche du vendredi \u00e0 Oran. S\u2019exprimant \u00e0 visage d\u00e9couvert, l\u2019homme jure d\u2019accueillir les manifestants avec des bouchias (nom donn\u00e9 au couteau de boucher). L\u2019inconnu, qui se pr\u00e9sente comme un [&hellip;]<\/p>\n","protected":false},"author":1742,"featured_media":0,"comment_status":"closed","ping_status":"closed","sticky":false,"template":"","format":"standard","meta":{"fifu_image_url":"","fifu_image_alt":"","footnotes":""},"categories":[73,53],"tags":[],"class_list":["post-70677","post","type-post","status-publish","format-standard","hentry","category-actualite","category-algerie"],"_links":{"self":[{"href":"https:\/\/linitiative.ca\/International\/wp-json\/wp\/v2\/posts\/70677","targetHints":{"allow":["GET"]}}],"collection":[{"href":"https:\/\/linitiative.ca\/International\/wp-json\/wp\/v2\/posts"}],"about":[{"href":"https:\/\/linitiative.ca\/International\/wp-json\/wp\/v2\/types\/post"}],"author":[{"embeddable":true,"href":"https:\/\/linitiative.ca\/International\/wp-json\/wp\/v2\/users\/1742"}],"replies":[{"embeddable":true,"href":"https:\/\/linitiative.ca\/International\/wp-json\/wp\/v2\/comments?post=70677"}],"version-history":[{"count":0,"href":"https:\/\/linitiative.ca\/International\/wp-json\/wp\/v2\/posts\/70677\/revisions"}],"wp:attachment":[{"href":"https:\/\/linitiative.ca\/International\/wp-json\/wp\/v2\/media?parent=70677"}],"wp:term":[{"taxonomy":"category","embeddable":true,"href":"https:\/\/linitiative.ca\/International\/wp-json\/wp\/v2\/categories?post=70677"},{"taxonomy":"post_tag","embeddable":true,"href":"https:\/\/linitiative.ca\/International\/wp-json\/wp\/v2\/tags?post=70677"}],"curies":[{"name":"wp","href":"https:\/\/api.w.org\/{rel}","templated":true}]}}