{"id":70680,"date":"2019-12-19T09:03:21","date_gmt":"2019-12-19T14:03:21","guid":{"rendered":"https:\/\/linitiative.ca\/International\/2019-lannee-phare-dun-rayonnement-a-linternational\/"},"modified":"2019-12-19T09:03:21","modified_gmt":"2019-12-19T14:03:21","slug":"2019-lannee-phare-dun-rayonnement-a-linternational","status":"publish","type":"post","link":"https:\/\/linitiative.ca\/International\/2019-lannee-phare-dun-rayonnement-a-linternational\/","title":{"rendered":"2019, l\u2019ann\u00e9e phare d\u2019un rayonnement \u00e0 l\u2019international"},"content":{"rendered":"<div readability=\"44\">\n<p>Par : Samir Lotfy<br \/>Essaouira \u2013 D\u00e9clar\u00e9e patrimoine universel de l\u2019Humanit\u00e9 par l\u2019UNESCO depuis 2001, la ville d\u2019Essaouira, espace de l\u2019art, de la culture et de la musique, de toutes les musiques, et \u00e0 travers elle, tout le Royaume, a veill\u00e9 \u00e0 faire de 2019, l\u2019ann\u00e9e phare d\u2019un rayonnement \u00e0 l\u2019international, en d\u00e9crochant haut la main une double distinction de la part de la Communaut\u00e9 des Nations.<\/p>\n<\/div>\n<div readability=\"157\">\n<p>Gr\u00e2ce au dynamisme de sa soci\u00e9t\u00e9 civile locale depuis une trentaine d\u2019ann\u00e9es, \u00e0 sa vision pragmatique et amplement r\u00e9fl\u00e9chie, et \u00e0 sa d\u00e9marche cr\u00e9ative faisant de l\u2019art et de la culture le moteur de la renaissance, la cit\u00e9 des Aliz\u00e9s a r\u00e9ussi le 31 octobre dernier \u00e0 attirer les regards des curieux et de ses amoureux en rejoignant, avec brio, le r\u00e9seau mondial des villes les plus cr\u00e9atives gr\u00e2ce \u00e0 l\u2019effervescence de la musique. Une distinction prestigieuse portant le sceau de l\u2019UNESCO.<\/p>\n<p>C\u2019est dire que la ville d\u2019Essaouira, c\u00e9l\u00e8bre par ses festivals de musique \u00e0 l\u2019image des Festivals \u00ab\u00a0Gnaoua et Musiques du Monde\u00a0\u00bb, \u00ab\u00a0Jazz sous l\u2019Arganier\u00a0\u00bb, \u00ab\u00a0Printemps des Aliz\u00e9s\u00a0\u00bb ou encore \u00ab\u00a0les Andalousies Atlantiques\u00a0\u00bb, a int\u00e9gr\u00e9 ce r\u00e9seau qui rassemble en totalit\u00e9 246 villes qui fondent leur d\u00e9veloppement sur la cr\u00e9ativit\u00e9.<\/p>\n<p>Et ce n\u2019est pas tout, puisque le 12 d\u00e9cembre, c\u2019est toute la ville d\u2019Essaouira, v\u00e9ritable porte d\u2019entr\u00e9e de tous les Gnaoua du Maroc, et l\u2019ensemble du Royaume qui se r\u00e9veilleront sur la bonne nouvelle, celle de voir l\u2019art gnaoua s\u2019inscrire depuis Bogota, par le Comit\u00e9 International de Sauvegarde du Patrimoine Culturel immat\u00e9riel de l\u2019UNESCO qui tenait sa 14\u00e8me session annuelle en pr\u00e9sence de 124 pays, dont le Maroc, sur la liste du patrimoine immat\u00e9riel de l\u2019UNESCO.<\/p>\n<p>R\u00e9agissant \u00e0 cette double distinction, M. Andr\u00e9 Azoulay, Conseiller de Sa Majest\u00e9 le Roi et pr\u00e9sident de l\u2019Association Essaouira-Mogador, avait soulign\u00e9 que \u00ab\u00a0l\u2019inscription des Gnaoua dans la liste du patrimoine immat\u00e9riel de l\u2019UNESCO est une cons\u00e9cration de l\u2019engagement pionnier d\u2019Essaouira\u00a0\u00bb.<\/p>\n<p>\u00ab\u00a0Cette reconnaissance par la Communaut\u00e9 des Nations de l\u2019universalit\u00e9 du Maroc et de l\u2019exceptionnelle richesse de sa diversit\u00e9, incarn\u00e9es par le leadership de SM le Roi Mohammed VI et port\u00e9es avec fiert\u00e9 et d\u00e9termination par Essaouira, rend justice \u00e0 l\u2019engagement pionnier et visionnaire de la Cit\u00e9 des Aliz\u00e9s qui a fond\u00e9 sa renaissance sur la profondeur de notre patrimoine. Un patrimoine qui a le talent de faire converger la modernit\u00e9 et l\u2019exemplaire singularit\u00e9 de nos m\u00e9moires m\u00eal\u00e9es\u00a0\u00bb, s\u2019est f\u00e9licit\u00e9 M. Azoulay.<\/p>\n<p>Et le Conseiller de Sa Majest\u00e9 le Roi de pr\u00e9ciser que \u00ab\u00a0d\u00e8s sa naissance, le Festival Gnaoua a fait jouer Essaouira dans la Cour des Grands. Essaouira, d\u00e9j\u00e0 inscrite par l\u2019UNESCO il y a quelques semaines dans la liste des villes les plus cr\u00e9atives du monde : une double cons\u00e9cration r\u00e9conciliant la Cit\u00e9 des Aliz\u00e9s avec les lumi\u00e8res de son glorieux pass\u00e9 pour une autre histoire riche de belles promesses\u00a0\u00bb.<\/p>\n<p>L\u2019ensemble de ces exploits n\u2019est pas un simple fruit du hasard, mais \u00e9mane d\u2019une prise de conscience locale et nationale quant \u00e0 l\u2019imp\u00e9ratif de pr\u00e9server et promouvoir ce patrimoine civilisationnel mat\u00e9riel et immat\u00e9riel si singulier que rec\u00e8le cette cit\u00e9 embl\u00e9matique du Maroc Atlantique. Un legs qui constitue une partie int\u00e9grante de l\u2019identit\u00e9 plurielle marocaine et m\u00e9rite amplement sa transmission aux g\u00e9n\u00e9rations montantes.<\/p>\n<p>Pour ce faire, une place de choix a \u00e9t\u00e9 accord\u00e9e \u00e0 toutes les initiatives cr\u00e9atives et novatrices pr\u00f4nant une approche participative qui fait appel \u00e0 une multitude d\u2019acteurs et d\u2019intervenants d\u2019horizons divers, faisant que la cit\u00e9 des Aliz\u00e9s est, d\u00e9sormais, hiss\u00e9e au rang de \u00ab\u00a0Laboratoire\u00a0\u00bb pour toutes les id\u00e9es constructives.<\/p>\n<p>C\u2019est dans ce sens que la ville d\u2019Essaouira a invent\u00e9, dans une synergie inou\u00efe, une initiative baptis\u00e9e \u00ab\u00a0Essaouira Territorial Innovation Lab : ETIL\u00a0\u00bb. Une plateforme novatrice associant diff\u00e9rentes comp\u00e9tences anim\u00e9es par le d\u00e9sir de d\u00e9battre des probl\u00e9matiques de d\u00e9veloppement territorial de la r\u00e9gion, afin d\u2019y proposer des solutions innovantes, efficaces, prenant en consid\u00e9ration les visions de chaque intervenant territorial.<\/p>\n<div readability=\"99\">\n<p>L\u2019int\u00e9r\u00eat accord\u00e9 au niveau provincial \u00e0 l\u2019innovation s\u2019est traduit par l\u2019organisation, du 26 f\u00e9vrier au 1er mars 2019, de la 1\u00e8re \u00e9dition du Congr\u00e8s International des Territoires Innovants (CITI-2019). Un rendez-vous multith\u00e9matique et multiforme articul\u00e9 autour de 3 axes majeurs : Tourisme, Entrepreneuriat et Changements Climatiques, avec comme th\u00e8me principal : \u00ab\u00a0De la Cr\u00e9ativit\u00e9 en ville \u00e0 la ville cr\u00e9ative\u00a0\u00bb.<\/p>\n<p>Le 7 octobre dernier, Essaouira a eu encore le privil\u00e8ge d\u2019accueillir \u00ab\u00a0La Caravane Innov-Maroc\u00a0\u00bb, un \u00e9v\u00e9nement national articul\u00e9 autour d\u2019un appel \u00e0 projets d\u2019innovation ouvert au grand public, initi\u00e9 par la Fondation de Recherche, de D\u00e9veloppement et d\u2019Innovation en Sciences d\u2019Ing\u00e9nierie, en partenariat avec l\u2019ETIL et l\u2019Initiative Nationale pour le D\u00e9veloppement Humain (INDH).<\/p>\n<p>A partir du 15 novembre dernier, Essaouira a encore abrit\u00e9 la c\u00e9r\u00e9monie de remise des prix de cette Comp\u00e9tition nationale au profit de 5 Laur\u00e9ats porteurs d\u2019une id\u00e9e novatrice, un produit, une initiative, ou un service et ce, sur un total de 10 projets qui \u00e9taient en lice pour ces finales.<\/p>\n<p>Cette caravane a \u00e9t\u00e9 plac\u00e9e sous le signe \u00ab\u00a0Co-construire les territoires de demain, imaginer, d\u00e9velopper, innover, cr\u00e9er de la valeur p\u00e9renne, construire les cit\u00e9s de demain inclusives et solidaires\u00a0\u00bb.<\/p>\n<p>Dans le sillage de l\u2019int\u00e9r\u00eat port\u00e9 \u00e0 la promotion de l\u2019esprit cr\u00e9atif chez les g\u00e9n\u00e9rations montantes, la ville d\u2019Essaouira a \u00e9t\u00e9 encore honor\u00e9e, le 17 novembre dernier, en accueillant \u00e0 Dar Souiri, la c\u00e9r\u00e9monie de remise des Prix de la 5\u00e8 \u00e9dition du Forum Euro-m\u00e9diterran\u00e9en des Jeunes Leaders, organis\u00e9 par l\u2019ambassade de France \u00e0 Rabat en partenariat avec l\u2019Association Essaouira-Mogador.<\/p>\n<p>Ces prix organis\u00e9s avec le soutien de la Fondation Lyautey et de Webhelp, constituaient une nouveaut\u00e9 de ce Forum. Ils ont \u00e9t\u00e9 remis \u00e0 trois laur\u00e9ats porteurs de projets con\u00e7us de mani\u00e8re \u00e0 atteindre des Objectifs de D\u00e9veloppement Durable (ODD) en particulier les Objectifs 11 \u00ab\u00a0Villes et communaut\u00e9s durables\u00a0\u00bb et 13 \u00ab\u00a0Mesures relatives \u00e0 la lutte contre le changement climatique\u00a0\u00bb.<\/p>\n<p>Une autre illustration \u00e9clatante de l\u2019int\u00e9r\u00eat port\u00e9 \u00e0 la cr\u00e9ativit\u00e9 appara\u00eet \u00e0 travers la d\u00e9marche adopt\u00e9e en mati\u00e8re de conception et d\u2019organisation des Festivals et ce, l\u2019instar du Festival des Andalousies Atlantiques, unique rendez-vous annuel au monde, \u00e0 mettre c\u00f4te-\u00e0-c\u00f4te musulmans et juifs pour chanter ensemble, jouer de la musique ensemble et f\u00eater cette capillarit\u00e9 si \u00e9troite qui a toujours exist\u00e9 entre islam et juda\u00efsme en cette terre musulmane qu\u2019est le Maroc.<\/p>\n<p>Le Festival des Andalousies Atlantiques, qui a f\u00eat\u00e9 du 31 octobre au 2 novembre derniers, son 16\u00e8 anniversaire, de par sa riche programmation et son forum-Agora, se veut au-del\u00e0 de son aspect festif, une v\u00e9ritable \u00e9cole souirie du \u00ab\u00a0vivre-ensemble\u00a0\u00bb.<\/p>\n<p>En mati\u00e8re de pr\u00e9servation du patrimoine ancestral de la cit\u00e9 des Aliz\u00e9s, le projet unique au monde de \u00ab\u00a0Bayt Dakira\u00a0\u00bb (Maison de la M\u00e9moire), un Complexe en cours de finalisation, articul\u00e9 autour de 3 axes majeurs \u00e0 savoir : Spiritualit\u00e9 avec la r\u00e9habilitation de la Synagogue \u00ab\u00a0Slat Attia\u00a0\u00bb, Histoire et m\u00e9moire, et Recherche scientifique avec le Centre Abraham Zagouri sur le droit h\u00e9bra\u00efque marocain et le Centre Ha\u00efm Zefrani d\u00e9di\u00e9 aux relations entre islam et juda\u00efsme, est un exemple salutaire de la vision novatrice port\u00e9e par l\u2019Association Essaouira-Mogador.<\/p>\n<p>In Fine, consciente de l\u2019imp\u00e9ratif d\u2019imaginer des solutions novatrices et durables \u00e0 nombre de probl\u00e9matiques de d\u00e9veloppement au niveau provincial, Essaouira ne cesse, ces derni\u00e8res ann\u00e9es, d\u2019\u00e9pouser une approche novatrice, bas\u00e9e sur des synergies \u00e0 cr\u00e9er entre diff\u00e9rents intervenants et ce, partant du constat que c\u2019est la compl\u00e9mentarit\u00e9 et la jonction des intelligences individuelles qui d\u00e9boucheront sur \u00ab\u00a0l\u2019intelligence collective\u00a0\u00bb, combien indispensable pour relever la myriade des d\u00e9fis impos\u00e9s.<\/p>\n<\/div>\n<\/div>\n<p>Auteur: Meriem IGASS<br \/>\n<a href=\"http:\/\/www.mapmarrakech.ma\/fr\/unesco\/\">Cliquez ici pour lire l&rsquo;article depuis sa source.<\/a><\/p>\n","protected":false},"excerpt":{"rendered":"<p>Par : Samir LotfyEssaouira \u2013 D\u00e9clar\u00e9e patrimoine universel de l\u2019Humanit\u00e9 par l\u2019UNESCO depuis 2001, la ville d\u2019Essaouira, espace de l\u2019art, de la culture et de la musique, de toutes les musiques, et \u00e0 travers elle, tout le Royaume, a veill\u00e9 \u00e0 faire de 2019, l\u2019ann\u00e9e phare d\u2019un rayonnement \u00e0 l\u2019international, en d\u00e9crochant haut la main [&hellip;]<\/p>\n","protected":false},"author":1788,"featured_media":0,"comment_status":"closed","ping_status":"closed","sticky":false,"template":"","format":"standard","meta":{"fifu_image_url":"","fifu_image_alt":"","footnotes":""},"categories":[54,76],"tags":[],"class_list":["post-70680","post","type-post","status-publish","format-standard","hentry","category-maroc","category-regions"],"_links":{"self":[{"href":"https:\/\/linitiative.ca\/International\/wp-json\/wp\/v2\/posts\/70680","targetHints":{"allow":["GET"]}}],"collection":[{"href":"https:\/\/linitiative.ca\/International\/wp-json\/wp\/v2\/posts"}],"about":[{"href":"https:\/\/linitiative.ca\/International\/wp-json\/wp\/v2\/types\/post"}],"author":[{"embeddable":true,"href":"https:\/\/linitiative.ca\/International\/wp-json\/wp\/v2\/users\/1788"}],"replies":[{"embeddable":true,"href":"https:\/\/linitiative.ca\/International\/wp-json\/wp\/v2\/comments?post=70680"}],"version-history":[{"count":0,"href":"https:\/\/linitiative.ca\/International\/wp-json\/wp\/v2\/posts\/70680\/revisions"}],"wp:attachment":[{"href":"https:\/\/linitiative.ca\/International\/wp-json\/wp\/v2\/media?parent=70680"}],"wp:term":[{"taxonomy":"category","embeddable":true,"href":"https:\/\/linitiative.ca\/International\/wp-json\/wp\/v2\/categories?post=70680"},{"taxonomy":"post_tag","embeddable":true,"href":"https:\/\/linitiative.ca\/International\/wp-json\/wp\/v2\/tags?post=70680"}],"curies":[{"name":"wp","href":"https:\/\/api.w.org\/{rel}","templated":true}]}}