{"id":70683,"date":"2019-12-19T10:06:32","date_gmt":"2019-12-19T15:06:32","guid":{"rendered":"https:\/\/linitiative.ca\/International\/affaire-de-corruption-a-la-wilaya-report-du-proces\/"},"modified":"2019-12-19T10:06:32","modified_gmt":"2019-12-19T15:06:32","slug":"affaire-de-corruption-a-la-wilaya-report-du-proces","status":"publish","type":"post","link":"https:\/\/linitiative.ca\/International\/affaire-de-corruption-a-la-wilaya-report-du-proces\/","title":{"rendered":"Affaire de corruption \u00e0 la wilaya: Report du proc\u00e8s"},"content":{"rendered":"<div class=\"single-featured\"><img alt=\"\" data-src=\"http:\/\/www.mapmarrakech.ma\/map\/uploads\/2019\/12\/courdappelmarrakech.jpg\"\/><\/div>\n<div class=\"single-post-excerpt post-excerpt-bc\" readability=\"36\">\n<p>Marrakech \u2013 La Chambre criminelle pr\u00e8s la Cour d\u2019appel de Marrakech a d\u00e9cid\u00e9 jeudi, de reporter au 02 janvier prochain, l\u2019affaire du chef de la division \u00e9conomique et sociale de la wilaya de Marrakech-Safi poursuivi pour corruption et chantage.<\/p>\n<\/div>\n<div class=\"entry-content clearfix single-post-content\" readability=\"44\">\n<p>Cette d\u00e9cision intervient suite \u00e0 la demande des avocats du mis en cause, qui ont demand\u00e9 un d\u00e9lai pour pr\u00e9parer leur d\u00e9fense.<\/p>\n<p>Le pr\u00e9venu est poursuivi en \u00e9tat de d\u00e9tention pr\u00e9ventive pour corruption et chantage.<\/p>\n<p>L\u2019affaire remonte au 12 d\u00e9cembre dernier lorsque les \u00e9l\u00e9ments de la Police judiciaire de Marrakech avaient proc\u00e9d\u00e9 \u00e0 l\u2019interpellation du mis en cause en flagrant d\u00e9lit de corruption dans son bureau suite \u00e0 une plainte d\u00e9pos\u00e9e par un promoteur touristique via la ligne t\u00e9l\u00e9phonique directe d\u00e9di\u00e9e \u00e0 la r\u00e9ception des d\u00e9nonciations d\u2019actes de corruption et de chantage.<\/p>\n<p>L\u2019homme d\u2019affaires accusait le mis en cause de chantage pour l\u2019obtention d\u2019un permis pour l\u2019exercice d\u2019une activit\u00e9 \u00e9conomique.<\/p>\n<\/div>\n<p>Auteur: Meriem IGASS<br \/>\n<a href=\"http:\/\/www.mapmarrakech.ma\/fr\/affaire\/\">Cliquez ici pour lire l&rsquo;article depuis sa source.<\/a><\/p>\n","protected":false},"excerpt":{"rendered":"<p>Marrakech \u2013 La Chambre criminelle pr\u00e8s la Cour d\u2019appel de Marrakech a d\u00e9cid\u00e9 jeudi, de reporter au 02 janvier prochain, l\u2019affaire du chef de la division \u00e9conomique et sociale de la wilaya de Marrakech-Safi poursuivi pour corruption et chantage. Cette d\u00e9cision intervient suite \u00e0 la demande des avocats du mis en cause, qui ont demand\u00e9 [&hellip;]<\/p>\n","protected":false},"author":1788,"featured_media":70684,"comment_status":"closed","ping_status":"closed","sticky":false,"template":"","format":"standard","meta":{"fifu_image_url":"","fifu_image_alt":"","footnotes":""},"categories":[54,76],"tags":[],"class_list":["post-70683","post","type-post","status-publish","format-standard","has-post-thumbnail","hentry","category-maroc","category-regions"],"_links":{"self":[{"href":"https:\/\/linitiative.ca\/International\/wp-json\/wp\/v2\/posts\/70683","targetHints":{"allow":["GET"]}}],"collection":[{"href":"https:\/\/linitiative.ca\/International\/wp-json\/wp\/v2\/posts"}],"about":[{"href":"https:\/\/linitiative.ca\/International\/wp-json\/wp\/v2\/types\/post"}],"author":[{"embeddable":true,"href":"https:\/\/linitiative.ca\/International\/wp-json\/wp\/v2\/users\/1788"}],"replies":[{"embeddable":true,"href":"https:\/\/linitiative.ca\/International\/wp-json\/wp\/v2\/comments?post=70683"}],"version-history":[{"count":0,"href":"https:\/\/linitiative.ca\/International\/wp-json\/wp\/v2\/posts\/70683\/revisions"}],"wp:featuredmedia":[{"embeddable":true,"href":"https:\/\/linitiative.ca\/International\/wp-json\/"}],"wp:attachment":[{"href":"https:\/\/linitiative.ca\/International\/wp-json\/wp\/v2\/media?parent=70683"}],"wp:term":[{"taxonomy":"category","embeddable":true,"href":"https:\/\/linitiative.ca\/International\/wp-json\/wp\/v2\/categories?post=70683"},{"taxonomy":"post_tag","embeddable":true,"href":"https:\/\/linitiative.ca\/International\/wp-json\/wp\/v2\/tags?post=70683"}],"curies":[{"name":"wp","href":"https:\/\/api.w.org\/{rel}","templated":true}]}}