{"id":70685,"date":"2019-12-19T10:35:40","date_gmt":"2019-12-19T15:35:40","guid":{"rendered":"https:\/\/linitiative.ca\/International\/marrakech-un-carrefour-des-debats-en-2019\/"},"modified":"2019-12-19T10:35:40","modified_gmt":"2019-12-19T15:35:40","slug":"marrakech-un-carrefour-des-debats-en-2019","status":"publish","type":"post","link":"https:\/\/linitiative.ca\/International\/marrakech-un-carrefour-des-debats-en-2019\/","title":{"rendered":"Marrakech, un carrefour des d\u00e9bats en 2019"},"content":{"rendered":"<div readability=\"38\">\n<p>Par Mohamed KOURSI<br \/>Marrakech \u2013 Lieu privil\u00e9gi\u00e9 et pris\u00e9 pour l\u2019organisation des grands \u00e9v\u00e9nements nationaux et internationaux, la ville de Marrakech a \u00e9t\u00e9, au cours de l\u2019ann\u00e9e qui s\u2019ach\u00e8ve, le carrefour par excellence d\u2019une s\u00e9rie de conf\u00e9rences et manifestations d\u2019envergure autour de questions cruciales qui int\u00e9ressent la communaut\u00e9 internationale.<\/p>\n<\/div>\n<div readability=\"189\">\n<p>En effet, fid\u00e8le \u00e0 sa vocation et \u00e0 son statut de destination des grands foras internationaux, Marrakech a abrit\u00e9 en 2019 une multitude d\u2019\u00e9v\u00e9nements de haute facture, ax\u00e9s sur des th\u00e9matiques d\u2019une extr\u00eame importance, allant de la s\u00e9curit\u00e9 hydrique \u00e0 la mobilit\u00e9 durable, en passant la s\u00e9curit\u00e9 nucl\u00e9aire, la s\u00e9curit\u00e9 en Afrique et les enjeux et d\u00e9fis auxquels est confront\u00e9 le Sud.<\/p>\n<p>La ville imp\u00e9riale \u00e9t\u00e9 ainsi \u00e0 l\u2019heure, du 1er au 3 octobre, avec le Sommet international sur la S\u00e9curit\u00e9 Hydrique, rehauss\u00e9 par la pr\u00e9sence de plus de 500 participants, dont des ministres et responsables charg\u00e9s du secteur de l\u2019Eau, des acteurs institutionnels et financiers, des experts nationaux et internationaux dans les secteurs public et priv\u00e9, ainsi que des repr\u00e9sentants de la soci\u00e9t\u00e9 civile.<\/p>\n<p>Plac\u00e9 sous le Haut Patronage de SM le Roi Mohammed VI, ce Conclave de grande envergure a \u00e9t\u00e9 l\u2019occasion de d\u00e9battre des diff\u00e9rents aspects de la probl\u00e9matique de l\u2019eau, \u00e0 l\u2019\u00e9chelle locale, r\u00e9gionale et mondiale, et particuli\u00e8rement des d\u00e9fis li\u00e9s \u00e0 l\u2019ins\u00e9curit\u00e9 hydrique.<\/p>\n<p>Ce sommet, qui s\u2019inscrivait dans le processus des \u00e9v\u00e9nements pr\u00e9paratoires du 9\u00e8 Forum Mondial de l\u2019Eau pr\u00e9vu en mars 2021 \u00e0 Dakar, au S\u00e9n\u00e9gal, visait, entre autres, \u00e0 maintenir le momentum politique et rehausser l\u2019engagement des d\u00e9cideurs en faveur de la s\u00e9curit\u00e9 hydrique, \u00e0 renforcer la Gestion Int\u00e9gr\u00e9e des Ressources en Eau (GIRE) afin d\u2019assurer le d\u00e9veloppement rural, et \u00e0 porter une attention particuli\u00e8re aux r\u00e9gions les plus vuln\u00e9rables \u00e0 l\u2019ins\u00e9curit\u00e9 hydrique, notamment l\u2019Afrique.<\/p>\n<p>La ville des \u00ab\u00a0Sept Saints\u00a0\u00bb a \u00e9t\u00e9 \u00e9galement au rendez-vous, du 12 au 14 octobre, avec la 12\u00e8 \u00e9dition de la World Policy Conference (WPC), marqu\u00e9e par la participation d\u2019un parterre d\u2019\u00e9minentes personnalit\u00e9s du monde de la politique, de l\u2019\u00e9conomie et des m\u00e9dias, outre des acad\u00e9miciens, des experts, des chercheurs et leaders d\u2019opinions issus des cinq continents.<\/p>\n<p>Plac\u00e9e sous le Haut Patronage de SM le Roi Mohammed VI, la WPC a r\u00e9ussi \u00e0 assurer une diversit\u00e9 des points de vue, une pluralit\u00e9 des d\u00e9bats et des \u00e9changes riches, fructueux et de haute qualit\u00e9, permettant \u00e0 tous les publics concern\u00e9s de porter une r\u00e9flexion pertinente sur les pr\u00e9occupations et bouleversements incessants que conna\u00eet le monde actuellement.<\/p>\n<p>Les travaux de cette 12\u00e8me \u00e9dition ont port\u00e9 essentiellement sur les enjeux de la technologie dans la soci\u00e9t\u00e9 et en politique, les cyberpuissances, la cybermenace, l\u2019\u00e9nergie et l\u2019environnement, ainsi que sur les perspectives \u00e9conomiques et politiques, le commerce, l\u2019investissement direct et la confiance, mais aussi sur l\u2019avenir du syst\u00e8me mon\u00e9taire international, l\u2019arme du droit et la mondialisation.<\/p>\n<p>Fid\u00e8le \u00e0 vocation en tant que de terre de rencontres, Marrakech a abrit\u00e9, du 4 au 6 octobre, la session d\u2019automne de la 18\u00e8me Assembl\u00e9e parlementaire de l\u2019Organisation pour la s\u00e9curit\u00e9 et la coop\u00e9ration en Europe (AP-OSCE).<\/p>\n<p>La tenue de cette Assembl\u00e9e pour la premi\u00e8re fois en dehors de l\u2019espace g\u00e9ographique de l\u2019Organisation est venue couronner les relations solides de coop\u00e9ration tiss\u00e9es entre le Parlement marocain et l\u2019AP-OSCE.<\/p>\n<p>L\u2019organisation au Maroc de cet \u00e9v\u00e9nement, qui repr\u00e9sente une \u00e9tape nouvelle dans la consolidation du statut de \u00ab\u00a0partenaire pour la coop\u00e9ration\u00a0\u00bb dont jouit l\u2019institution l\u00e9gislative marocaine aupr\u00e8s de l\u2019Assembl\u00e9e, se veut une reconnaissance de la place de choix qu\u2019occupe le Maroc dans l\u2019espace m\u00e9diterran\u00e9en, ainsi qu\u2019en termes de dialogue strat\u00e9gique Nord-Sud. Elle est r\u00e9v\u00e9latrice aussi de l\u2019engagement r\u00e9solu du Royaume dans la lutte contre les menaces dont fait l\u2019objet la r\u00e9gion et le monde entier, particuli\u00e8rement le terrorisme, la migration ill\u00e9gale, le crime organis\u00e9 transfrontalier, le trafic d\u2019\u00eatres humains et le d\u00e9r\u00e8glement climatique.<\/p>\n<div readability=\"121\">\n<p>Toujours au cours du mois d\u2019octobre, Marrakech a \u00e9t\u00e9 au rendez-vous (du 1er au 4), avec la 3\u00e8me Conf\u00e9rence Internationale des R\u00e9gulateurs sur la S\u00e9curit\u00e9 Nucl\u00e9aire, avec la participation de plus de 350 experts et responsables repr\u00e9sentant une centaine de pays, dont 35 Etats Africains.<\/p>\n<p>Plac\u00e9e sous le Haut Patronage de SM le Roi Mohammed VI, cette Conf\u00e9rence internationale, organis\u00e9e par l\u2019Agence Marocaine de S\u00fbret\u00e9 et de S\u00e9curit\u00e9 Nucl\u00e9aires et Radiologiques (AMSSNuR) en collaboration avec l\u2019Agence Internationale de l\u2019Energie Atomique (AIEA), a permis notamment au Maroc d\u2019assurer le lien entre les diff\u00e9rents pays pr\u00e9sents \u00e0 travers la promotion de la coop\u00e9ration internationale, et de se positionner parmi les chefs de file mondiaux dans le domaine de la s\u00e9curit\u00e9 nucl\u00e9aire.<\/p>\n<p>Quatre jours durant, les participants ont ainsi trait\u00e9 des nouveaux d\u00e9fis auxquels font face les Etats et organisations internationales pour endiguer les menaces d\u2019actes malveillants susceptibles de mettre en danger la s\u00e9curit\u00e9 des mati\u00e8res nucl\u00e9aires ou d\u2019autres sources radioactives qui pourraient avoir des effets n\u00e9fastes sur l\u2019Homme, la soci\u00e9t\u00e9 et l\u2019environnement.<\/p>\n<p>La cit\u00e9 ocre a \u00e9t\u00e9, d\u2019autre part, \u00e0 l\u2019honneur, le 26 novembre, avec la 3\u00e8me Conf\u00e9rence Internationale sur la Mobilit\u00e9 Durable, marqu\u00e9e par la participation d\u2019acteurs politiques et institutionnels ainsi que d\u2019experts en la mati\u00e8re venus d\u2019une quarantaine de pays, pour partager les exp\u00e9riences et capitaliser sur les bonnes pratiques autour de la s\u00e9curit\u00e9, du transport et de la mobilit\u00e9 durable.<\/p>\n<p>Cette manifestation a \u00e9t\u00e9 l\u2019occasion d\u2019\u00e9changer sur les conclusions de la COP24 au regard des th\u00e9matiques li\u00e9es \u00e0 la mobilit\u00e9 durable et aux objectifs de r\u00e9duction de GES, et de favoriser le dialogue et la r\u00e9flexion entre les parties prenantes.<\/p>\n<p>A l\u2019instar des ann\u00e9es pr\u00e9c\u00e9dentes, la ville ocre a accueilli, les 8 et 9 f\u00e9vrier, la 10\u00e8me Conf\u00e9rence internationale \u00ab\u00a0Marrakech Security Forum\/\u00a0\u00bbAfricaSec 2019\u00a0\u00bb, avec la participation d\u2019un ar\u00e9opage d\u2019experts, de dirigeants d\u2019organisations internationales et de responsables civils et militaires, venus de plusieurs pays.<\/p>\n<p>Plac\u00e9 sous le Haut Patronage de SM le Roi Mohammed VI, cet \u00e9v\u00e9nement avait pour objectifs d\u2019\u00e9tablir un \u00e9tat des lieux actuel de la s\u00e9curit\u00e9 en Afrique, de mettre en lumi\u00e8re les d\u00e9fis auxquels doit faire face le Continent et surtout, d\u2019analyser, de d\u00e9battre et d\u2019\u00e9changer les exp\u00e9riences et expertises dans ce domaine.<\/p>\n<p>Enfin, les yeux \u00e9taient riv\u00e9s sur la cit\u00e9 ocre alors qu\u2019elle abritait, du 12 au 14 d\u00e9cembre, la 8\u00e8me Conf\u00e9rence internationale annuelle \u00ab\u00a0Atlantic Dialogues\u00a0\u00bb, qui se veut une invitation \u00e0 formuler des r\u00e9ponses urgentes aux grands d\u00e9fis et probl\u00e9matiques communs.<\/p>\n<p>Plac\u00e9 sous le Haut Patronage de SM le Roi Mohammed VI, ce Conclave de haut niveau, initi\u00e9 par le \u00ab\u00a0Policy Center for the New South\u00a0\u00bb (PCNS), a connu la participation de 486 invit\u00e9s de 61 nationalit\u00e9s, venus d\u00e9battre et \u00e9changer autour de la th\u00e9matique \u00ab\u00a0Le Sud en p\u00e9riode de tourmente\u00a0\u00bb.<\/p>\n<p>Cette 8\u00e8me Conf\u00e9rence, dont les travaux ont \u00e9t\u00e9 marqu\u00e9s du sceau de la diversit\u00e9, de l\u2019ouverture et de la franchise, avec \u00e0 la cl\u00e9 des d\u00e9bats passionn\u00e9s, a \u00e9t\u00e9 ponctu\u00e9e par la publication de la 6\u00e8me \u00e9dition du Rapport annuel \u00ab\u00a0Atlantic Currents\u00a0\u00bb qui offre une perspective du Sud sur les enjeux globaux et atlantiques.<\/p>\n<p>Au cours de cette \u00e9dition, plusieurs panels de haut niveau ont \u00e9t\u00e9 anim\u00e9s par des personnalit\u00e9s de premier plan, parmi lesquelles l\u2019ancien Pr\u00e9sident du Nigeria, Olusegun Obasanjo.<\/p>\n<p>D\u2019autres th\u00e9matiques d\u2019ordre politique, \u00e9conomique ou soci\u00e9tal ont \u00e9t\u00e9 \u00e9galement abord\u00e9es, comme la mont\u00e9e des populismes, la crise de la d\u00e9mocratie, la question des r\u00e9fugi\u00e9s, sans oublier le climat et l\u2019\u00e9nergie, \u00ab\u00a0la technologie, le bien-\u00eatre et les in\u00e9galit\u00e9s\u00a0\u00bb, la \u00ab\u00a0prochaine crise financi\u00e8re internationale\u00a0\u00bb ou encore les \u00ab\u00a0chances de survie\u00a0\u00bb du syst\u00e8me r\u00e9gul\u00e9 du commerce mondial, suscitant l\u2019int\u00e9r\u00eat des participants.<\/p>\n<p>En abritant chaque ann\u00e9e une s\u00e9rie d\u2019\u00e9v\u00e9nements d\u2019une grande facture, Marrakech confirme de plus en plus sa stature de haut lieu de rencontres, de coexistence et d\u2019ouverture, et conforte ainsi sa place privil\u00e9gi\u00e9e au sein du club s\u00e9lect des grandes destinations mondiales, connues pour l\u2019accueil de ce genre de foras et de manifestations d\u2019envergure et de d\u00e9bats et \u00e9changes autour des questions strat\u00e9giques qui int\u00e9ressent et pr\u00e9occupent la communaut\u00e9 internationale.<\/p>\n<\/div>\n<\/div>\n<p>Auteur: Meriem IGASS<br \/>\n<a href=\"http:\/\/www.mapmarrakech.ma\/fr\/marrakech-2\/\">Cliquez ici pour lire l&rsquo;article depuis sa source.<\/a><\/p>\n","protected":false},"excerpt":{"rendered":"<p>Par Mohamed KOURSIMarrakech \u2013 Lieu privil\u00e9gi\u00e9 et pris\u00e9 pour l\u2019organisation des grands \u00e9v\u00e9nements nationaux et internationaux, la ville de Marrakech a \u00e9t\u00e9, au cours de l\u2019ann\u00e9e qui s\u2019ach\u00e8ve, le carrefour par excellence d\u2019une s\u00e9rie de conf\u00e9rences et manifestations d\u2019envergure autour de questions cruciales qui int\u00e9ressent la communaut\u00e9 internationale. En effet, fid\u00e8le \u00e0 sa vocation et [&hellip;]<\/p>\n","protected":false},"author":1788,"featured_media":0,"comment_status":"closed","ping_status":"closed","sticky":false,"template":"","format":"standard","meta":{"fifu_image_url":"","fifu_image_alt":"","footnotes":""},"categories":[54,76],"tags":[],"class_list":["post-70685","post","type-post","status-publish","format-standard","hentry","category-maroc","category-regions"],"_links":{"self":[{"href":"https:\/\/linitiative.ca\/International\/wp-json\/wp\/v2\/posts\/70685","targetHints":{"allow":["GET"]}}],"collection":[{"href":"https:\/\/linitiative.ca\/International\/wp-json\/wp\/v2\/posts"}],"about":[{"href":"https:\/\/linitiative.ca\/International\/wp-json\/wp\/v2\/types\/post"}],"author":[{"embeddable":true,"href":"https:\/\/linitiative.ca\/International\/wp-json\/wp\/v2\/users\/1788"}],"replies":[{"embeddable":true,"href":"https:\/\/linitiative.ca\/International\/wp-json\/wp\/v2\/comments?post=70685"}],"version-history":[{"count":0,"href":"https:\/\/linitiative.ca\/International\/wp-json\/wp\/v2\/posts\/70685\/revisions"}],"wp:attachment":[{"href":"https:\/\/linitiative.ca\/International\/wp-json\/wp\/v2\/media?parent=70685"}],"wp:term":[{"taxonomy":"category","embeddable":true,"href":"https:\/\/linitiative.ca\/International\/wp-json\/wp\/v2\/categories?post=70685"},{"taxonomy":"post_tag","embeddable":true,"href":"https:\/\/linitiative.ca\/International\/wp-json\/wp\/v2\/tags?post=70685"}],"curies":[{"name":"wp","href":"https:\/\/api.w.org\/{rel}","templated":true}]}}