{"id":70686,"date":"2019-12-19T13:46:59","date_gmt":"2019-12-19T18:46:59","guid":{"rendered":"https:\/\/linitiative.ca\/International\/pme-les-contraintes-de-financement-en-debats-a-marrakech\/"},"modified":"2019-12-19T13:46:59","modified_gmt":"2019-12-19T18:46:59","slug":"pme-les-contraintes-de-financement-en-debats-a-marrakech","status":"publish","type":"post","link":"https:\/\/linitiative.ca\/International\/pme-les-contraintes-de-financement-en-debats-a-marrakech\/","title":{"rendered":"PME: Les contraintes de financement en d\u00e9bats \u00e0 Marrakech"},"content":{"rendered":"<p>Cette rencontre d\u2019envergure, initi\u00e9e en collaboration avec des op\u00e9rateurs \u00e9conomiques repr\u00e9sentant diff\u00e9rents secteurs, des \u00e9tablissements bancaires et des enseignants et chercheurs universitaires, s\u2019inscrit dans le cadre de la strat\u00e9gie de la Chambre visant \u00e0 accompagner les PME et \u00e0 les aider \u00e0 contribuer, avec efficacit\u00e9, \u00e0 l\u2019acc\u00e9l\u00e9ration du d\u00e9veloppement \u00e9conomique aux niveaux r\u00e9gional et national.<\/p>\n<p>Ce conclave socio-\u00e9conomique se veut aussi un espace privil\u00e9gi\u00e9 pour d\u00e9battre du financement de cette cat\u00e9gorie d\u2019entreprises et des diff\u00e9rents m\u00e9canismes relatifs \u00e0 l\u2019appui et \u00e0 l\u2019accompagnement des initiatives entrepreneuriales.<\/p>\n<p>Ainsi, cet \u00e9v\u00e9nement ambitionnait d\u2019informer sur toutes les composantes du syst\u00e8me financier dans ses volets l\u00e9gislatif et juridique au Royaume, d\u00e9di\u00e9es aux Tr\u00e8s Petites et Moyennes Entreprises (TPME), ainsi que sur les difficult\u00e9s qui entravent leur expansion.<\/p>\n<p>S\u2019exprimant \u00e0 cette occasion, le pr\u00e9sident de la CCIS de Marrakech-Safi, Mohamed Fadlam, a indiqu\u00e9 que la Chambre a veill\u00e9, depuis sa cr\u00e9ation, \u00e0 accompagner les TPE-PME et \u00e0 interagir avec elles avec efficience pour assurer leur d\u00e9veloppement et le renforcement de leurs capacit\u00e9s au service de l\u2019\u00e9conomie r\u00e9gionale et nationale, mettant en relief les Hautes Orientations Royales contenues dans le Discours prononc\u00e9 par SM le Roi Mohammed VI devant le Parlement \u00e0 l\u2019occasion de l\u2019ouverture de la session d\u2019automne, et dans lequel le Souverain avait exhort\u00e9 le secteur bancaire national \u00e0 un engagement plus ferme et \u00e0 une implication positive plus vigoureuse dans la dynamique de d\u00e9veloppement que conna\u00eet le pays, notamment le financement de l\u2019investissement, l\u2019appui aux activit\u00e9s productives, pourvoyeuses d\u2019emplois et g\u00e9n\u00e9ratrices de revenus.<\/p>\n<p>Dans ce sens, M. Fadlam a soulign\u00e9 qu\u2019outre l\u2019engagement du secteur bancaire aupr\u00e8s des grandes entreprises en termes d\u2019appui et de financement, il doit aussi, comme l\u2019a r\u00e9affirm\u00e9 le Souverain, s\u2019acquitter de la mission pr\u00e9pond\u00e9rante qui lui \u00e9choit en mati\u00e8re de d\u00e9veloppement, en veillant \u00e0 simplifier et \u00e0 faciliter les proc\u00e9dures d\u2019acc\u00e8s au cr\u00e9dit, \u00e0 s\u2019ouvrir davantage aux auto-entrepreneurs et \u00e0 financer les petites et moyennes entreprises. Le financement de ces entit\u00e9s constitue un pilier essentiel pour assurer le d\u00e9veloppement et la croissance \u00e9conomiques et r\u00e9aliser la stabilit\u00e9 sociale et politique, a dit M. Fadlam.<\/p>\n<p>Rappelant que les TPE-PME jouent \u00ab\u00a0un r\u00f4le majeur et vital\u00a0\u00bb dans la croissance \u00e9conomique, la cr\u00e9ation d\u2019emplois et le renforcement de la coh\u00e9sion sociale \u00e0 m\u00eame de s\u2019\u00e9riger en \u00ab\u00a0une \u00e9pine dorsale\u00a0\u00bb de toutes les \u00e9conomies modernes, il a pr\u00e9cis\u00e9 que cette cat\u00e9gorie d\u2019entreprises est confront\u00e9e \u00e0 plusieurs difficult\u00e9s et contraintes li\u00e9es essentiellement \u00e0 l\u2019acc\u00e8s au financement bancaire.<\/p>\n<p>Face \u00e0 ces obstacles et entraves, les chefs des TPE-PME ne doivent pas baisser les bras, a-t-il martel\u00e9, relevant l\u2019existence d\u2019une multitude de m\u00e9canismes dont les propri\u00e9taires de ces entreprises peuvent b\u00e9n\u00e9ficier pour tirer vers le haut le niveau de comp\u00e9titivit\u00e9 de leurs unit\u00e9s de production, dont les m\u00e9canismes de financement conjoint ente l\u2019Etat et les banques en faveur de certains secteurs, g\u00e9r\u00e9s par la Caisse Centrale de Garantie, ou ceux mis en place par Bank Al-Maghrib et destin\u00e9s \u00e0 cette cat\u00e9gorie d\u2019entreprises.<\/p>\n<p>Et M. Fadlam d\u2019insister que les banques doivent \u00eatre en phase avec les visions sages de SM le Roi en tant que secteur citoyen et ce, en accordant la priorit\u00e9 aux garanties relatives au projet financ\u00e9, en veillant \u00e0 la c\u00e9l\u00e9rit\u00e9 de leur examen, et en \u00e9tablissant une relation \u00ab\u00a0win-win\u00a0\u00bb avec leurs clients, le tout conform\u00e9ment au plan trac\u00e9 par le Souverain et s\u2019articulant autour de plusieurs axes qui visent \u00e0 favoriser l\u2019acc\u00e8s, aux cr\u00e9dits bancaires, du plus grand nombre de jeunes qualifi\u00e9s, porteurs de projets et issus des diff\u00e9rentes cat\u00e9gories sociales, \u00e0 soutenir les PME sp\u00e9cialis\u00e9es dans les activit\u00e9s d\u2019exportation, notamment vers l\u2019Afrique, et leur permettre de capter une partie de la valeur ajout\u00e9e g\u00e9n\u00e9r\u00e9e au profit de l\u2019\u00e9conomie nationale, et \u00e0 faciliter l\u2019acc\u00e8s aux prestations bancaires et aux opportunit\u00e9s d\u2019insertion professionnelle et \u00e9conomique, \u00e0 l\u2019ensemble des citoyens, en g\u00e9n\u00e9ral et aux travailleurs du secteur informel, en particulier.<\/p>\n<p>De son c\u00f4t\u00e9, le pr\u00e9sident r\u00e9gional de la CGEM-Marrakech-Safi, Youssef Mouhyi, a soulign\u00e9 que les PME et les TPE repr\u00e9sentent \u00ab\u00a0la colonne vert\u00e9brale de l\u2019\u00e9conomie nationale et r\u00e9gionale\u00a0\u00bb, ajoutant que les PME repr\u00e9sentent l\u2019essentiel du tissu entrepreneurial, soit une proportion d\u00e9passant les 95%, sachant qu\u2019elles jouent un r\u00f4le primordial dans le d\u00e9veloppement \u00e9conomique et territorial ainsi que dans la promotion de la dimension sociale, \u00e0 travers la cr\u00e9ation de la majeure partie des emplois.<\/p>\n<p>Il a fait remarquer que conscient du fait que la comp\u00e9titivit\u00e9 de l\u2019\u00e9conomie marocaine d\u00e9pend de la solidit\u00e9 et de la performance de la TPE-PME, la CGEM a attribu\u00e9 \u00ab\u00a0une place de choix\u00a0\u00bb \u00e0 cette cat\u00e9gorie d\u2019entreprises et leur apporte un soutien volontariste \u00e0 travers de multiples m\u00e9canismes.<\/p>\n<p>Le premier m\u00e9canisme est celui des Commissions transverses, puisque plusieurs Commissions de l\u2019Organisation patronale traitent des th\u00e9matiques comme la formation, la fiscalit\u00e9 et le financement, qui int\u00e9ressent les TPE-PME, alors que le 2\u00e8me m\u00e9canisme porte sur l\u2019action l\u00e9gislative du groupe parlementaire de la CGEM au profit de cette frange d\u2019entreprises, a-t-il poursuivi, notant que ledit groupe focalise son action et tous ses efforts sur la d\u00e9fense de l\u2019int\u00e9r\u00eat de l\u2019entreprise en g\u00e9n\u00e9ral, et de la TPE-PME en particulier.<\/p>\n<p>M. Mouhyi a pr\u00e9cis\u00e9 que l\u2019engagement de la CGEM se fait \u00e9galement d\u2019une mani\u00e8re continue sur des axes prioritaires bien identifi\u00e9s comme le renforcement de l\u2019industrie marocaine et de la comp\u00e9titivit\u00e9 de l\u2019offre Maroc, le d\u00e9veloppement du capital humain, l\u2019acc\u00e8s au financement et au march\u00e9 public, l\u2019am\u00e9lioration de l\u2019environnement de l\u2019entreprise et la modernisation acc\u00e9l\u00e9r\u00e9e des PME via la digitalisation, ajoutant qu\u2019au niveau r\u00e9gional, la Conf\u00e9d\u00e9ration travaille d\u2019arrache-pied pour l\u2019\u00e9mergence de nouvelles TPE-PME et startups innovantes, avec comme seule ambition leur permettre une mont\u00e9e en croissance, augmenter leur comp\u00e9titivit\u00e9 et saisir les opportunit\u00e9s de d\u00e9veloppement sur les march\u00e9s nationaux et internationaux.<\/p>\n<div readability=\"162\">\n<p>Il s\u2019est, en outre, f\u00e9licit\u00e9 du d\u00e9marrage des Centres R\u00e9gionaux d\u2019Investissement (CRI) dans leur nouvelle formule, concluant qu\u2019avec leur nouvelle organisation et leurs nouvelles missions, dont l\u2019accompagnement des entreprises notamment dans la recherche de foncier et de financements, les CRI vont jouer un \u00ab\u00a0r\u00f4le primordial\u00a0\u00bb dans le d\u00e9veloppement, l\u2019incitation, la promotion et l\u2019attraction des investissements \u00e0 l\u2019\u00e9chelon r\u00e9gional.<\/p>\n<p>Pour sa part, le vice-pr\u00e9sident du conseil r\u00e9gional de Marrakech-Safi, Thami Mouhib, a mis en exergue le choix judicieux de la th\u00e9matique de ce Forum, soulignant l\u2019apport des PME en tant que moteur du d\u00e9veloppement socio-\u00e9conomique ainsi que leur r\u00f4le crucial dans la cr\u00e9ation de la richesse et des opportunit\u00e9s d\u2019emplois.<\/p>\n<p>Apr\u00e8s avoir not\u00e9 que l\u2019organisation de cette rencontre co\u00efncide avec deux \u00e9v\u00e9nements importants et strat\u00e9giques \u00e0 l\u2019\u00e9chelle nationale, \u00e0 savoir la d\u00e9signation par SM le Roi Mohammed VI des membres de la Commission charg\u00e9e du nouveau mod\u00e8le de d\u00e9veloppement et l\u2019organisation, les 20 et 21 d\u00e9cembre \u00e0 Agadir, du premier colloque national de la r\u00e9gionalisation avanc\u00e9e, M. Mouhib a indiqu\u00e9 que les collectivit\u00e9s territoriales, avec \u00e0 leur t\u00eate les r\u00e9gions, sont appel\u00e9es \u00e0 r\u00e9pondre aux attentes inh\u00e9rentes \u00e0 la gouvernance territoriale.<\/p>\n<p>Il a, dans ce sillage, rappel\u00e9 que le programme r\u00e9gional de d\u00e9veloppement ambitionne de relever trois d\u00e9fis essentiels relatifs \u00e0 l\u2019emploi, \u00e0 la durabilit\u00e9 et \u00e0 l\u2019int\u00e9gration sociale, tout en se penchant sur d\u2019autres domaines d\u2019intervention, dont l\u2019attractivit\u00e9, la comp\u00e9titivit\u00e9 territoriale, le d\u00e9veloppement \u00e9conomique et social, l\u2019efficacit\u00e9 \u00e9nerg\u00e9tique, la valorisation du patrimoine environnemental et immat\u00e9riel, et la cons\u00e9cration de l\u2019identit\u00e9 de la r\u00e9gion en tant que p\u00f4le \u00e9conomique.<\/p>\n<p>Conform\u00e9ment aux orientations strat\u00e9giques de ce programme, la r\u00e9gion de Marrakech-Safi assume pleinement son r\u00f4le en tant qu\u2019acteur soutenant et accompagnant les \u00e9cosyst\u00e8mes des partenaires g\u00e9n\u00e9rateurs de la richesse et de l\u2019emploi, et qui visent \u00e0 cr\u00e9er une dynamique entrepreneuriale en phase avec les potentialit\u00e9s de la r\u00e9gion, \u00e0 travers des programmes de cr\u00e9ation et de promotion des PME, des coop\u00e9ratives et des activit\u00e9s g\u00e9n\u00e9ratrices de revenus dans les diff\u00e9rentes provinces de la r\u00e9gion, a-t-il poursuivi.<\/p>\n<p>Il a \u00e9mis l\u2019espoir de voir ce Forum marquer le lancement du processus d\u2019\u00e9laboration d\u2019un \u00ab\u00a0Livre blanc\u00a0\u00bb sur les PME au niveau de la r\u00e9gion Marrakech-Safi, souhaitant que ce document serve de \u00ab\u00a0feuille de route\u00a0\u00bb pour l\u2019accompagnement du secteur informel, en tant que p\u00e9pini\u00e8re des porteurs de projets, en vue de faciliter son int\u00e9gration dans le tissu \u00e9conomique r\u00e9gional.<\/p>\n<p>Quant au pr\u00e9sident du comit\u00e9 d\u2019organisation du Forum et de la commission des Affaires \u00e9conomiques et sociales \u00e0 la CCIS de Marrakech-Safi, M. Abdelmoula Ballouty, il a soulign\u00e9 l\u2019importance de l\u2019organisation d\u2019un tel \u00e9v\u00e9nement qui sert d\u2019espace idoine pour d\u00e9battre d\u2019une question importante et d\u2019actualit\u00e9, mettant l\u2019accent sur l\u2019imp\u00e9ratif de garantir le soutien financier et l\u2019accompagnement des TPE et PME.<\/p>\n<p>Il s\u2019est, par ailleurs, f\u00e9licit\u00e9 de la pr\u00e9sence d\u2019un parterre d\u2019enseignants, d\u2019experts et de responsables d\u2019\u00e9tablissements bancaires pour enrichir les d\u00e9bats et densifier les discussions tout au long de cette rencontre, dont la 1\u00e8re \u00e9dition a connu un large succ\u00e8s, tout en mettant en avant la pertinence des th\u00e8mes qui seront d\u00e9battus lors de ce 2\u00e8me Forum.<\/p>\n<p>Ce Conclave a \u00e9t\u00e9 ponctu\u00e9 d\u2019un expos\u00e9 exhaustif de l\u2019invit\u00e9 d\u2019honneur de cette 2\u00e8me \u00e9dition, M. Mohamed Berrada, professeur universitaire et ancien ministre des finances, qui a ax\u00e9 sur son intervention sur le r\u00f4le de la PME dans le futur mod\u00e8le de d\u00e9veloppement \u00e9conomique du Maroc.<\/p>\n<p>M. Berrada a ainsi mis l\u2019accent sur la situation financi\u00e8re des PME nationales, leur r\u00f4le indiscutable dans le d\u00e9veloppement socio-\u00e9conomique et en tant que source d\u2019innovations, de cr\u00e9ation d\u2019emplois et de richesses, qui est essentielle pour favoriser la dynamique \u00e9conomique, sociale et territoriale.<\/p>\n<p>Cependant, a-t-il not\u00e9, elles font face \u00e0 des difficult\u00e9s r\u00e9dhibitoires internes et externes, \u00e0 m\u00eame d\u2019\u00eatre contraintes d\u2019assurer leur survie au lieu de se consacrer \u00e0 l\u2019innovation. Ces difficult\u00e9s, dont celles li\u00e9es \u00e0 l\u2019acc\u00e8s au financement, incitent tous les intervenants \u00e0 \u00e9tablir des diagnostics objectifs et \u00e0 proposer des solutions ad\u00e9quates qui permettent \u00e0 ces entreprises de jouer pleinement leur r\u00f4le de locomotive de l\u2019\u00e9conomie nationale, a-t-il expliqu\u00e9.<\/p>\n<p>M. Berrada a pr\u00e9cis\u00e9 que m\u00eame si les pouvoirs publics sont conscients de l\u2019importance des PME et ont mis en place plusieurs dispositifs et m\u00e9canismes pour les accompagner, l\u2019acc\u00e8s de ces entit\u00e9s aux services financiers reste encore faible, ce qui s\u2019est traduit par \u00ab\u00a0une aggravation des in\u00e9galit\u00e9s\u00a0\u00bb entre les grandes entreprises qui peuvent recourir aux march\u00e9s des capitaux, et les PME qui n\u2019y ont pas acc\u00e8s.<\/p>\n<p>Rappelant que plusieurs crises \u00e9conomiques, sociales, environnementales et g\u00e9opolitiques se combinent aujourd\u2019hui avec le ch\u00f4mage des jeunes, les in\u00e9galit\u00e9s sociales et la robotisation, il a estim\u00e9 que le mode n\u00e9olib\u00e9ral montre des \u00ab\u00a0signes d\u2019essoufflement\u00a0\u00bb. Dans ce sens, il a soulign\u00e9 que le Royaume ne peut pas rester \u00e0 l\u2019\u00e9cart de ces mutations actuelles et c\u2019est dans ce contexte qu&rsquo;\u00a0\u00bbil faut r\u00e9fl\u00e9chir sur l\u2019avenir de notre \u00e9conomie et des PME nationales\u00a0\u00bb.<\/p>\n<p>Il a aussi soutenu que tout mod\u00e8le de d\u00e9veloppement \u00e0 concevoir doit donner la priorit\u00e9 \u00e0 la production nationale pour cr\u00e9er du revenu et accro\u00eetre la consommation et les investissements, indiquant que les investissements productifs cr\u00e9ateurs d\u2019emplois permanents n\u2019ont pas \u00e9t\u00e9 \u00e0 la hauteur des ambitions du Royaume, surtout que ce sont les PME qui les cr\u00e9ent.<\/p>\n<p>M. Berrada a, en outre, insist\u00e9 sur la n\u00e9cessaire \u00ab\u00a0consistance humaine\u00a0\u00bb dans toute strat\u00e9gie de d\u00e9veloppement \u00e0 concevoir: un mod\u00e8le o\u00f9 les principes d\u2019\u00e9conomie sociale et solidaire dominent, un mod\u00e8le \u00e0 visage humain o\u00f9 l\u2019Homme doit \u00eatre au centre du d\u00e9veloppement, tout en appelant \u00e0 renforcer la coh\u00e9sion sociale et l\u2019int\u00e9gration de la jeunesse, et \u00e0 consolider les liens de solidarit\u00e9 entre les diff\u00e9rents secteurs de l\u2019activit\u00e9 \u00e9conomique au lieu de ces dichotomies qui les caract\u00e9risent.<\/p>\n<p>Au cours de ce Forum, plusieurs th\u00e8mes ont \u00e9t\u00e9 discut\u00e9s portant sur \u00ab\u00a0l\u2019analyse du cadre l\u00e9gislatif et l\u00e9gal des op\u00e9rations de financement de la PME\u00a0\u00bb, \u00ab\u00a0le financement bancaire des TPME au Maroc \u00e0 l\u2019\u00e9preuve des faits\u00a0\u00bb, \u00ab\u00a0l\u2019interm\u00e9diation financi\u00e8re inclusive\u00a0\u00bb, \u00ab\u00a0le r\u00f4le de la Caisse Centrale de Garantie dans l\u2019accompagnement des TPME\u00a0\u00bb, \u00ab\u00a0le dispositif de financement et d\u2019accompagnement des TPME par Attijari Wafabank\u00a0\u00bb, \u00ab\u00a0les solutions de la Banque Populaire pour l\u2019accompagnement et le financement des TPE\u00a0\u00bb et sur \u00ab\u00a0les programmes d\u2019appui au profit des TPME\u00a0\u00bb.<\/p>\n<\/div>\n<p>Auteur: Meriem IGASS<br \/>\n<a href=\"http:\/\/www.mapmarrakech.ma\/fr\/pme\/\">Cliquez ici pour lire l&rsquo;article depuis sa source.<\/a><\/p>\n","protected":false},"excerpt":{"rendered":"<p>Cette rencontre d\u2019envergure, initi\u00e9e en collaboration avec des op\u00e9rateurs \u00e9conomiques repr\u00e9sentant diff\u00e9rents secteurs, des \u00e9tablissements bancaires et des enseignants et chercheurs universitaires, s\u2019inscrit dans le cadre de la strat\u00e9gie de la Chambre visant \u00e0 accompagner les PME et \u00e0 les aider \u00e0 contribuer, avec efficacit\u00e9, \u00e0 l\u2019acc\u00e9l\u00e9ration du d\u00e9veloppement \u00e9conomique aux niveaux r\u00e9gional et national. [&hellip;]<\/p>\n","protected":false},"author":1788,"featured_media":0,"comment_status":"closed","ping_status":"closed","sticky":false,"template":"","format":"standard","meta":{"fifu_image_url":"","fifu_image_alt":"","footnotes":""},"categories":[54,76],"tags":[],"class_list":["post-70686","post","type-post","status-publish","format-standard","hentry","category-maroc","category-regions"],"_links":{"self":[{"href":"https:\/\/linitiative.ca\/International\/wp-json\/wp\/v2\/posts\/70686","targetHints":{"allow":["GET"]}}],"collection":[{"href":"https:\/\/linitiative.ca\/International\/wp-json\/wp\/v2\/posts"}],"about":[{"href":"https:\/\/linitiative.ca\/International\/wp-json\/wp\/v2\/types\/post"}],"author":[{"embeddable":true,"href":"https:\/\/linitiative.ca\/International\/wp-json\/wp\/v2\/users\/1788"}],"replies":[{"embeddable":true,"href":"https:\/\/linitiative.ca\/International\/wp-json\/wp\/v2\/comments?post=70686"}],"version-history":[{"count":0,"href":"https:\/\/linitiative.ca\/International\/wp-json\/wp\/v2\/posts\/70686\/revisions"}],"wp:attachment":[{"href":"https:\/\/linitiative.ca\/International\/wp-json\/wp\/v2\/media?parent=70686"}],"wp:term":[{"taxonomy":"category","embeddable":true,"href":"https:\/\/linitiative.ca\/International\/wp-json\/wp\/v2\/categories?post=70686"},{"taxonomy":"post_tag","embeddable":true,"href":"https:\/\/linitiative.ca\/International\/wp-json\/wp\/v2\/tags?post=70686"}],"curies":[{"name":"wp","href":"https:\/\/api.w.org\/{rel}","templated":true}]}}