{"id":70687,"date":"2019-12-19T02:24:44","date_gmt":"2019-12-19T07:24:44","guid":{"rendered":"https:\/\/linitiative.ca\/International\/journees-de-la-qualite-et-de-linnovation-un-plan-de-soutien-aux-start-up-a-tissemsilt\/"},"modified":"2019-12-19T02:24:44","modified_gmt":"2019-12-19T07:24:44","slug":"journees-de-la-qualite-et-de-linnovation-un-plan-de-soutien-aux-start-up-a-tissemsilt","status":"publish","type":"post","link":"https:\/\/linitiative.ca\/International\/journees-de-la-qualite-et-de-linnovation-un-plan-de-soutien-aux-start-up-a-tissemsilt\/","title":{"rendered":"Journ\u00e9es de la qualit\u00e9 et de l&rsquo;innovation: un plan de soutien aux start-up \u00e0 Tissemsilt"},"content":{"rendered":"<div readability=\"35\">\n<p><strong>TISSEMSILT &#8211; Un plan de wilaya de soutien aux entreprises novatrices (start-up) a \u00e9t\u00e9 lanc\u00e9 r\u00e9cemment dans la wilaya de Tissemsilt, a-t-on appris mercredi aupr\u00e8s de la direction de l\u2019industrie et des mines.<\/strong><\/p>\n<\/div>\n<div readability=\"72.5210154674\">\n<p>Le directeur de wilaya du secteur a soulign\u00e9, \u00e0 l\u2019ouverture de la deuxi\u00e8me \u00e9dition des journ\u00e9es alg\u00e9riennes de la qualit\u00e9 et de l\u2019innovation, que ce plan, \u00e9labor\u00e9 en collaboration avec les directions de l\u2019emploi et de la formation et de l&rsquo;enseignement professionnels, les dispositifs d\u2019emploi et la chambre d\u2019industrie et du commerce \u00ab\u00a0Ouarsenis\u00a0\u00bb, se base sur l\u2019accompagnement des g\u00e9rants d\u2019entreprises novatrices \u00e9mergentes locales dans la perspective d\u2019\u00e9largir leurs activit\u00e9s \u00e0 l\u2019avenir et leur permettre de conclure des conventions de partenariat et de coop\u00e9ration avec des unit\u00e9s publiques et priv\u00e9es activant dans la wilaya.<\/p>\n<blockquote readability=\"10\">\n<p><em><strong>Ce plan, non limit\u00e9 dans le temps, comporte des mesures facilitant l\u2019acquisition d&rsquo;assiettes fonci\u00e8res destin\u00e9es \u00e0 l\u2019investissement au niveau des mini zones d\u2019activit\u00e9s qui seront cr\u00e9\u00e9es l\u2019ann\u00e9e prochaine, a-t-on fait savoir.<\/strong><\/em><\/p>\n<\/blockquote>\n<p>Des rencontres de sensibilisation seront tenues avec les responsables de l\u2019Office de promotion et de gestion immobili\u00e8re (OPGI), les directions de l\u2019habitat, des \u00e9quipements publics et de l&rsquo;urbanisme, de la construction et des travaux publics, pour les sensibiliser \u00e0 accorder 20 pour cent de march\u00e9s publics aux g\u00e9rants de start-up activant dans le domaine du b\u00e2timent et des travaux publics leur permettant d\u2019\u00e9largir leurs activit\u00e9s et de cr\u00e9er des emplois suppl\u00e9mentaires pour les jeunes, a ajout\u00e9 la m\u00eame source.<\/p>\n<hr\/>\n<h3>Lire aussi:\u00a0<a href=\"http:\/\/www.aps.dz\/economie\/97609-conference-sur-les-startup-necessaire-mise-en-place-d-un-cadre-reglementaire-fixant-les-statuts\" target=\"_blank\" rel=\"noopener noreferrer\">Startup: n\u00e9cessaire mise en place d&rsquo;un cadre r\u00e9glementaire fixant les statuts<\/a><\/h3>\n<blockquote readability=\"11\">\n<hr\/>\n<p><em><strong>Parall\u00e8lement \u00e0 la mise en \u0153uvre du plan start-up, la direction de l&rsquo;Industrie et des mines a lanc\u00e9 une campagne de sensibilisation pour inciter les jeunes dipl\u00f4m\u00e9s des universit\u00e9s et des \u00e9tablissements de formation \u00e0 acc\u00e9der au monde de l&rsquo;investissement dans le cadre des dispositifs d\u2019emploi et leur faire conna\u00eetre les opportunit\u00e9s d&rsquo;investissement dans la wilaya, notamment dans les domaines de l&rsquo;industrie, du tourisme et de l&rsquo;agriculture.<\/strong><\/em><\/p>\n<\/blockquote>\n<p>La deuxi\u00e8me \u00e9dition des journ\u00e9es alg\u00e9riennes de la qualit\u00e9 et de l\u2019innovation, organis\u00e9e par la direction de l&rsquo;industrie et des mines en collaboration avec des op\u00e9rateurs, a \u00e9t\u00e9 lanc\u00e9e mercredi au centre universitaire de Tissemsilt donnant lieu \u00e0 des expositions de produits d&rsquo;entreprises \u00e9conomiques publiques et priv\u00e9es activant dans la wilaya et d&rsquo;affiches sur les missions et r\u00f4le des dispositifs d\u2019emploi, de la direction du commerce, des chambres d\u2019artisanat et des m\u00e9tiers et de l\u2019industrie et du commerce \u00ab\u00a0Ouarsenis\u00a0\u00bb.<\/p>\n<p>Le programme des journ\u00e9es de la qualit\u00e9 et de l&rsquo;innovation qui s&rsquo;\u00e9taleront sur deux semaines comporte des conf\u00e9rences sur la qualit\u00e9 des produits alg\u00e9riens, les opportunit\u00e9s d\u2019investissement et de cr\u00e9ativit\u00e9, au profit des \u00e9tudiants de Tissemsilt et des stagiaires des CFPA de la wilaya, ainsi que des visites \u00e0 des unit\u00e9s de production et des rencontres de sensibilisation des op\u00e9rateurs \u00e9conomiques de la r\u00e9gion.<\/p>\n<\/div>\n<p>Auteur:<br \/>\n<a href=\"http:\/\/www.aps.dz\/regions\/99133-journees-de-la-qualite-et-de-l-innovation-un-plan-de-soutien-aux-start-up-a-tissemsilt\">Cliquez ici pour lire l&rsquo;article depuis sa source.<\/a><\/p>\n","protected":false},"excerpt":{"rendered":"<p>TISSEMSILT &#8211; Un plan de wilaya de soutien aux entreprises novatrices (start-up) a \u00e9t\u00e9 lanc\u00e9 r\u00e9cemment dans la wilaya de Tissemsilt, a-t-on appris mercredi aupr\u00e8s de la direction de l\u2019industrie et des mines. Le directeur de wilaya du secteur a soulign\u00e9, \u00e0 l\u2019ouverture de la deuxi\u00e8me \u00e9dition des journ\u00e9es alg\u00e9riennes de la qualit\u00e9 et de [&hellip;]<\/p>\n","protected":false},"author":1790,"featured_media":0,"comment_status":"closed","ping_status":"closed","sticky":false,"template":"","format":"standard","meta":{"fifu_image_url":"","fifu_image_alt":"","footnotes":""},"categories":[53,76],"tags":[],"class_list":["post-70687","post","type-post","status-publish","format-standard","hentry","category-algerie","category-regions"],"_links":{"self":[{"href":"https:\/\/linitiative.ca\/International\/wp-json\/wp\/v2\/posts\/70687","targetHints":{"allow":["GET"]}}],"collection":[{"href":"https:\/\/linitiative.ca\/International\/wp-json\/wp\/v2\/posts"}],"about":[{"href":"https:\/\/linitiative.ca\/International\/wp-json\/wp\/v2\/types\/post"}],"author":[{"embeddable":true,"href":"https:\/\/linitiative.ca\/International\/wp-json\/wp\/v2\/users\/1790"}],"replies":[{"embeddable":true,"href":"https:\/\/linitiative.ca\/International\/wp-json\/wp\/v2\/comments?post=70687"}],"version-history":[{"count":0,"href":"https:\/\/linitiative.ca\/International\/wp-json\/wp\/v2\/posts\/70687\/revisions"}],"wp:attachment":[{"href":"https:\/\/linitiative.ca\/International\/wp-json\/wp\/v2\/media?parent=70687"}],"wp:term":[{"taxonomy":"category","embeddable":true,"href":"https:\/\/linitiative.ca\/International\/wp-json\/wp\/v2\/categories?post=70687"},{"taxonomy":"post_tag","embeddable":true,"href":"https:\/\/linitiative.ca\/International\/wp-json\/wp\/v2\/tags?post=70687"}],"curies":[{"name":"wp","href":"https:\/\/api.w.org\/{rel}","templated":true}]}}