{"id":70688,"date":"2019-12-19T05:54:45","date_gmt":"2019-12-19T10:54:45","guid":{"rendered":"https:\/\/linitiative.ca\/International\/msila-le-president-de-lapc-dain-el-hadjel-place-sous-controle-judiciaire-pour-corruption\/"},"modified":"2019-12-19T05:54:45","modified_gmt":"2019-12-19T10:54:45","slug":"msila-le-president-de-lapc-dain-el-hadjel-place-sous-controle-judiciaire-pour-corruption","status":"publish","type":"post","link":"https:\/\/linitiative.ca\/International\/msila-le-president-de-lapc-dain-el-hadjel-place-sous-controle-judiciaire-pour-corruption\/","title":{"rendered":"M\u2019sila: le pr\u00e9sident de l\u2019APC d\u2019Ain El Hadjel plac\u00e9 sous contr\u00f4le judiciaire pour corruption"},"content":{"rendered":"<p><span class=\"sp-nh-title\">Statut g\u00e9n\u00e9ral des personnels militaires : la loi organique publi\u00e9e au Journal officiel<\/span> &#8211; <span class=\"sp-nh-date\">jeudi 19 d\u00e9cembre 2019 19:47<\/span><\/p>\n<p><span class=\"sp-nh-title\">Le pr\u00e9sident Tebboune re\u00e7oit les f\u00e9licitations de son homologue cubain<\/span> &#8211; <span class=\"sp-nh-date\">jeudi 19 d\u00e9cembre 2019 19:45<\/span><\/p>\n<p><span class=\"sp-nh-title\">Le pr\u00e9sident Tebboune re\u00e7oit les f\u00e9licitations de son homologue italien<\/span> &#8211; <span class=\"sp-nh-date\">jeudi 19 d\u00e9cembre 2019 19:42<\/span><\/p>\n<p><span class=\"sp-nh-title\">Publication de la loi portant la nouvelle organisation territoriale de l&rsquo;Alg\u00e9rie (JO) \u00a0<\/span> &#8211; <span class=\"sp-nh-date\">jeudi 19 d\u00e9cembre 2019 19:30<\/span><\/p>\n<p><span class=\"sp-nh-title\">Une politique \u00e9trang\u00e8re au service de l&rsquo;int\u00e9r\u00eat national et consolidation de la disponibilit\u00e9 combative de l&rsquo;Arm\u00e9e \u00a0<\/span> &#8211; <span class=\"sp-nh-date\">jeudi 19 d\u00e9cembre 2019 19:09<\/span><\/p>\n<p><span class=\"sp-nh-title\">Mondial de Vovinam Viet Vodao : six m\u00e9dailles dont 3 en or pour les Alg\u00e9riens<\/span> &#8211; <span class=\"sp-nh-date\">jeudi 19 d\u00e9cembre 2019 19:09<\/span><\/p>\n<p><span class=\"sp-nh-title\">Le r\u00e9gime fiscal des hydrocarbures d\u00e9sormais s\u00e9par\u00e9 des lois de finances<\/span> &#8211; <span class=\"sp-nh-date\">jeudi 19 d\u00e9cembre 2019 19:04<\/span><\/p>\n<p><span class=\"sp-nh-title\">HCA: parution de l\u2019ouvrage Le royaume des Massaessyles: Syphax et la rencontre de Siga, 206 av JC<\/span> &#8211; <span class=\"sp-nh-date\">jeudi 19 d\u00e9cembre 2019 18:56<\/span><\/p>\n<p><span class=\"sp-nh-title\">Sahara occidental : la d\u00e9cision des Comores est d\u2019une gravit\u00e9 exceptionnelle<\/span> &#8211; <span class=\"sp-nh-date\">jeudi 19 d\u00e9cembre 2019 18:56<\/span><\/p>\n<p><span class=\"sp-nh-title\">Tebboune: Nous comptons b\u00e2tir une \u00e9conomie nationale forte et am\u00e9liorer le niveau de vie<\/span> &#8211; <span class=\"sp-nh-date\">jeudi 19 d\u00e9cembre 2019 18:27<\/span><\/p>\n<p><span class=\"sp-nh-title\">CAF Awards 2019: Mahrez et Bela\u00efli nomm\u00e9s pour le but de l&rsquo;ann\u00e9e<\/span> &#8211; <span class=\"sp-nh-date\">jeudi 19 d\u00e9cembre 2019 18:24<\/span><\/p>\n<p><span class=\"sp-nh-title\">Guelma: production de 2.500 quintaux de miel durant la saison 2018-2019<\/span> &#8211; <span class=\"sp-nh-date\">jeudi 19 d\u00e9cembre 2019 18:12<\/span><\/p>\n<p><span class=\"sp-nh-title\">Bensalah met en avant le r\u00f4le de l&rsquo;ANP dans la sauvegarde de l&rsquo;Etat<\/span> &#8211; <span class=\"sp-nh-date\">jeudi 19 d\u00e9cembre 2019 17:51<\/span><\/p>\n<p><span class=\"sp-nh-title\">Le pr\u00e9sident de la R\u00e9publique promet la r\u00e9vision des programmes scolaires<\/span> &#8211; <span class=\"sp-nh-date\">jeudi 19 d\u00e9cembre 2019 17:48<\/span><\/p>\n<p><span class=\"sp-nh-title\">Coupe d\u2019Alg\u00e9rie de vo-vietnam : 265 athl\u00e8tes au rendez-vous \u00e0 Skikda<\/span> &#8211; <span class=\"sp-nh-date\">jeudi 19 d\u00e9cembre 2019 16:57<\/span><\/p>\n<p><span class=\"sp-nh-title\">Le pr\u00e9sident de la R\u00e9publique s&rsquo;engage \u00e0 appuyer les \u00e9quipes professionnelles et \u00e0 encourager le sport d&rsquo;\u00e9lite<\/span> &#8211; <span class=\"sp-nh-date\">jeudi 19 d\u00e9cembre 2019 16:47<\/span><\/p>\n<p><span class=\"sp-nh-title\">Le pr\u00e9sident Tebboune met fin aux fonctions du ministre de l&rsquo;Int\u00e9rieur<\/span> &#8211; <span class=\"sp-nh-date\">jeudi 19 d\u00e9cembre 2019 16:08<\/span><\/p>\n<p><span class=\"sp-nh-title\">Sabri Boukadoum nomm\u00e9 Premier ministre par int\u00e9rim suite \u00e0 la d\u00e9mission de B\u00e9doui<\/span> &#8211; <span class=\"sp-nh-date\">jeudi 19 d\u00e9cembre 2019 15:29<\/span><\/p>\n<p><span class=\"sp-nh-title\">Le plus grand concern\u00e9 par la stabilit\u00e9 de la Libye et \u0153uvrera davantage en faveur de son int\u00e9grit\u00e9 nationale<\/span> &#8211; <span class=\"sp-nh-date\">jeudi 19 d\u00e9cembre 2019 15:06<\/span><\/p>\n<p><span class=\"sp-nh-title\">Le pr\u00e9sident de la R\u00e9publique r\u00e9it\u00e8re son engagement de redynamiser et renforcer l&rsquo;\u00e9conomie nationale<\/span> &#8211; <span class=\"sp-nh-date\">jeudi 19 d\u00e9cembre 2019 14:54<\/span><\/p>\n<p>Auteur:<br \/>\n<a href=\"http:\/\/www.aps.dz\/regions\/99149-m-sila-le-president-de-l-apc-d-ain-el-hadjel-place-sous-controle-judiciaire-pour-corruption\">Cliquez ici pour lire l&rsquo;article depuis sa source.<\/a><\/p>\n","protected":false},"excerpt":{"rendered":"<p>Statut g\u00e9n\u00e9ral des personnels militaires : la loi organique publi\u00e9e au Journal officiel &#8211; jeudi 19 d\u00e9cembre 2019 19:47 Le pr\u00e9sident Tebboune re\u00e7oit les f\u00e9licitations de son homologue cubain &#8211; jeudi 19 d\u00e9cembre 2019 19:45 Le pr\u00e9sident Tebboune re\u00e7oit les f\u00e9licitations de son homologue italien &#8211; jeudi 19 d\u00e9cembre 2019 19:42 Publication de la loi [&hellip;]<\/p>\n","protected":false},"author":1790,"featured_media":0,"comment_status":"closed","ping_status":"closed","sticky":false,"template":"","format":"standard","meta":{"fifu_image_url":"","fifu_image_alt":"","footnotes":""},"categories":[53,76],"tags":[],"class_list":["post-70688","post","type-post","status-publish","format-standard","hentry","category-algerie","category-regions"],"_links":{"self":[{"href":"https:\/\/linitiative.ca\/International\/wp-json\/wp\/v2\/posts\/70688","targetHints":{"allow":["GET"]}}],"collection":[{"href":"https:\/\/linitiative.ca\/International\/wp-json\/wp\/v2\/posts"}],"about":[{"href":"https:\/\/linitiative.ca\/International\/wp-json\/wp\/v2\/types\/post"}],"author":[{"embeddable":true,"href":"https:\/\/linitiative.ca\/International\/wp-json\/wp\/v2\/users\/1790"}],"replies":[{"embeddable":true,"href":"https:\/\/linitiative.ca\/International\/wp-json\/wp\/v2\/comments?post=70688"}],"version-history":[{"count":0,"href":"https:\/\/linitiative.ca\/International\/wp-json\/wp\/v2\/posts\/70688\/revisions"}],"wp:attachment":[{"href":"https:\/\/linitiative.ca\/International\/wp-json\/wp\/v2\/media?parent=70688"}],"wp:term":[{"taxonomy":"category","embeddable":true,"href":"https:\/\/linitiative.ca\/International\/wp-json\/wp\/v2\/categories?post=70688"},{"taxonomy":"post_tag","embeddable":true,"href":"https:\/\/linitiative.ca\/International\/wp-json\/wp\/v2\/tags?post=70688"}],"curies":[{"name":"wp","href":"https:\/\/api.w.org\/{rel}","templated":true}]}}