{"id":70696,"date":"2019-12-19T05:45:00","date_gmt":"2019-12-19T10:45:00","guid":{"rendered":"https:\/\/linitiative.ca\/International\/forum-mondial-sur-les-refugies-un-accord-sur-le-partage-des-responsabilites\/"},"modified":"2019-12-19T05:45:00","modified_gmt":"2019-12-19T10:45:00","slug":"forum-mondial-sur-les-refugies-un-accord-sur-le-partage-des-responsabilites","status":"publish","type":"post","link":"https:\/\/linitiative.ca\/International\/forum-mondial-sur-les-refugies-un-accord-sur-le-partage-des-responsabilites\/","title":{"rendered":"Forum mondial sur les r\u00e9fugi\u00e9s: Un accord\u2026 sur le partage des responsabilit\u00e9s"},"content":{"rendered":"<div readability=\"34\">\n<p>De fortes disparit\u00e9s mises en \u00e9vidence<\/p>\n<p>Les contributions financi\u00e8res demeurent n\u00e9cessaires<\/p>\n<\/div>\n<div readability=\"79\">\n<div class=\"dnd-atom-wrapper type-image context-sdl_editor_representation\" contenteditable=\"false\">\n<div class=\"dnd-drop-wrapper image\"><img loading=\"lazy\" decoding=\"async\" typeof=\"foaf:Image\" class=\"img-responsive\" src=\"https:\/\/www.leconomiste.com\/sites\/default\/files\/eco7\/public\/thumbnails\/image\/migration-meditranee-057.jpg\" width=\"800\" height=\"536\" alt=\"migration-meditranee-057.jpg\" title=\"migration-meditranee-057.jpg\"\/><\/div>\n<\/div>\n<p class=\"rtejustify\">Un Forum se tient du 16 au 18 d\u00e9cembre au Palais des Nations \u00e0 Gen\u00e8ve (avec la participation du Maroc) avec l\u2019objectif de faire \u00e9voluer la r\u00e9ponse mondiale aux crises de r\u00e9fugi\u00e9s. La r\u00e9union intervient un an apr\u00e8s le lancement d\u2019un Pacte mondial \u00e0 New York et sera renouvel\u00e9e en 2023. Elle est cens\u00e9e donner un nouvel \u00e9lan \u00e0 la gestion des d\u00e9plac\u00e9s, plus nombreux que jamais.<\/p>\n<p class=\"rtejustify\">D\u00e8s son ouverture, le Forum qui se tient en marge de la journ\u00e9e internationale des migrants, c\u00e9l\u00e9br\u00e9e le 18 d\u00e9cembre de chaque ann\u00e9e, a mis en \u00e9vidence les fortes dissensions sur ce sujet. Le secr\u00e9taire g\u00e9n\u00e9ral de l&rsquo;ONU Antonio Guterres a appel\u00e9 \u00abla communaut\u00e9 internationale \u00e0 plus de g\u00e9n\u00e9rosit\u00e9 pour assumer collectivement la charge des d\u00e9plac\u00e9s\u00bb.<\/p>\n<p class=\"rtejustify\">Un besoin d&rsquo;autant plus pressant que \u00ables perspectives sont sombres\u00bb, a constat\u00e9 le Haut-Commissaire aux r\u00e9fugi\u00e9s des Nations unies Filippo Grandi. Il attend surtout des contributions financi\u00e8res, une assistance mat\u00e9rielle ou encore des annonces en mati\u00e8re de r\u00e9installation.<\/p>\n<p class=\"rtejustify\">De son c\u00f4t\u00e9, le pr\u00e9sident turc a li\u00e9 manque d&rsquo;aide financi\u00e8re et interventions en Syrie. Recep Tayyip Erdogan, qui menace depuis des ann\u00e9es d&rsquo;ouvrir les portes de la Turquie vers l&rsquo;Europe pour y laisser passer les quelque 4 millions de r\u00e9fugi\u00e9s qu&rsquo;il accueille, a lanc\u00e9 \u00e0 la tribune de l&rsquo;ONU de nouvelles piques contre la communaut\u00e9 internationale.<\/p>\n<p class=\"rtejustify\">\u00abN&rsquo;ayant pas re\u00e7u les aides que nous attendions, les Turcs, qui accueillent le plus de r\u00e9fugi\u00e9s au monde, ont \u00e9t\u00e9 oblig\u00e9s de se pr\u00e9occuper de leur propre protection\u2026\u00bb, a-t-il soulign\u00e9.<\/p>\n<p class=\"rtejustify\">Le niveau de d\u00e9placement forc\u00e9 dans le monde a atteint des records, selon les chiffres de l\u2019ONU. Plus de 70 millions de personnes sont d\u00e9racin\u00e9es par la guerre, le conflit ou la pers\u00e9cution. Plus de 25 millions d\u2019entre elles sont des r\u00e9fugi\u00e9s.<\/p>\n<p class=\"rtejustify\">L\u2019objectif du Forum est de rassembler des promesses des Etats, du secteur priv\u00e9, des agences de d\u00e9veloppement, des institutions financi\u00e8res, de la soci\u00e9t\u00e9 civile ou des organisations confessionnelles afin que \u00abchacun assume ses responsabilit\u00e9s et joue son r\u00f4le\u00bb.<\/p>\n<p class=\"rtejustify\"><em>F. Z. T. avec agences<\/em><\/p>\n<\/div>\n<p>Auteur: hlafriqi<br \/>\n<a href=\"https:\/\/www.leconomiste.com\/article\/1054694-forum-mondial-sur-les-refugies-un-accord-sur-le-partage-des-responsabilites\">Cliquez ici pour lire l&rsquo;article depuis sa source.<\/a><\/p>\n","protected":false},"excerpt":{"rendered":"<p>De fortes disparit\u00e9s mises en \u00e9vidence Les contributions financi\u00e8res demeurent n\u00e9cessaires Un Forum se tient du 16 au 18 d\u00e9cembre au Palais des Nations \u00e0 Gen\u00e8ve (avec la participation du Maroc) avec l\u2019objectif de faire \u00e9voluer la r\u00e9ponse mondiale aux crises de r\u00e9fugi\u00e9s. La r\u00e9union intervient un an apr\u00e8s le lancement d\u2019un Pacte mondial \u00e0 [&hellip;]<\/p>\n","protected":false},"author":1763,"featured_media":70697,"comment_status":"closed","ping_status":"closed","sticky":false,"template":"","format":"standard","meta":{"fifu_image_url":"","fifu_image_alt":"","footnotes":""},"categories":[78,54],"tags":[],"class_list":["post-70696","post","type-post","status-publish","format-standard","has-post-thumbnail","hentry","category-economie","category-maroc"],"_links":{"self":[{"href":"https:\/\/linitiative.ca\/International\/wp-json\/wp\/v2\/posts\/70696","targetHints":{"allow":["GET"]}}],"collection":[{"href":"https:\/\/linitiative.ca\/International\/wp-json\/wp\/v2\/posts"}],"about":[{"href":"https:\/\/linitiative.ca\/International\/wp-json\/wp\/v2\/types\/post"}],"author":[{"embeddable":true,"href":"https:\/\/linitiative.ca\/International\/wp-json\/wp\/v2\/users\/1763"}],"replies":[{"embeddable":true,"href":"https:\/\/linitiative.ca\/International\/wp-json\/wp\/v2\/comments?post=70696"}],"version-history":[{"count":0,"href":"https:\/\/linitiative.ca\/International\/wp-json\/wp\/v2\/posts\/70696\/revisions"}],"wp:featuredmedia":[{"embeddable":true,"href":"https:\/\/linitiative.ca\/International\/wp-json\/"}],"wp:attachment":[{"href":"https:\/\/linitiative.ca\/International\/wp-json\/wp\/v2\/media?parent=70696"}],"wp:term":[{"taxonomy":"category","embeddable":true,"href":"https:\/\/linitiative.ca\/International\/wp-json\/wp\/v2\/categories?post=70696"},{"taxonomy":"post_tag","embeddable":true,"href":"https:\/\/linitiative.ca\/International\/wp-json\/wp\/v2\/tags?post=70696"}],"curies":[{"name":"wp","href":"https:\/\/api.w.org\/{rel}","templated":true}]}}