{"id":70700,"date":"2019-12-19T15:14:13","date_gmt":"2019-12-19T20:14:13","guid":{"rendered":"https:\/\/linitiative.ca\/International\/ligue-1-2-jsk-saib-banouh-est-un-tres-bon-joueur-pourquoi-le-blame-t-on-souvent\/"},"modified":"2019-12-19T15:14:13","modified_gmt":"2019-12-19T20:14:13","slug":"ligue-1-2-jsk-saib-banouh-est-un-tres-bon-joueur-pourquoi-le-blame-t-on-souvent","status":"publish","type":"post","link":"https:\/\/linitiative.ca\/International\/ligue-1-2-jsk-saib-banouh-est-un-tres-bon-joueur-pourquoi-le-blame-t-on-souvent\/","title":{"rendered":"Ligue 1 &amp; 2 : JSK : Sa\u00efb \u00abBanouh est un tr\u00e8s bon joueur, pourquoi le bl\u00e2me-t-on souvent ?\u00bb"},"content":{"rendered":"<p>Hier dans la matin\u00e9e, nous avons pris attache avec l\u2019ancien joueur et driver de la JSK, Moussa Sa\u00efb. Ce dernier, qui a pris un peu de recul, a accept\u00e9 volontiers de r\u00e9pondre \u00e0 toutes nos questions concernant le parcours r\u00e9alis\u00e9 jusqu\u2019\u00e0 pr\u00e9sent par la JSK en championnat et en Coupe d\u2019Afrique. Il a aussi \u00e9voqu\u00e9 le cas de l\u2019attaquant Juma qui n\u2019a plus rejou\u00e9 depuis plus de trois mois.\u00a0<\/p>\n<p><strong>Tout d\u2019abord, nous souhaitons savoir si vous suivez toujours l\u2019actualit\u00e9 de la JSK, puisqu\u2019apparemment vous avez pris un peu de recul ?<\/strong><br \/>Oui, je suis toujours l\u2019actualit\u00e9 de la JSK et son parcours cette ann\u00e9e est plus ou moins compliqu\u00e9 que l\u2019an dernier. L\u2019\u00e9quipe n\u2019arrive toujours pas \u00e0 d\u00e9coller ni \u00e0 encha\u00eener les victoires. Elle a souvent \u00e9t\u00e9 frein\u00e9e pour une raison ou pour une autre. La JSK est toujours en rodage, mais il n\u2019y a rien d\u2019inqui\u00e9tant.\u00a0<\/p>\n<p><strong>Si on vous demande de comparer son parcours de l\u2019an dernier par rapport \u00e0 cette ann\u00e9e, que diriez-vous ?<\/strong><br \/>Par rapport \u00e0 la m\u00eame p\u00e9riode de la saison, elle totalisait plus de points. Qu\u2019on le veuille ou pas, participer \u00e0 une comp\u00e9tition africaine a toujours eu des r\u00e9percussions sur les clubs. Je peux m\u00eame dire que les joueurs de la JSK sont indirectement plus concentr\u00e9s sur la Champions League en d\u00e9laissant, sans le vouloir, le championnat.\u00a0\u00a0<\/p>\n<p><strong>Il faut aussi dire que la sanction de quatre matchs \u00e0 huis clos inflig\u00e9e au club a \u00e9t\u00e9 un vrai handicap, n\u2019est-ce pas ?\u00a0<\/strong><br \/>Quatre matchs \u00e0 huis clos ; c\u2019est \u00e9norme. La JSK est connue pour son pubic. Pour preuve, l\u2019an dernier, le m\u00e9rite est revenu en grande partie aux supporters lesquels ont soutenu les joueurs. C\u2019est difficile de jouer des rencontres en l\u2019absence des fans, mais malgr\u00e9 cela, je crois que la JSK s\u2019est bien d\u00e9brouill\u00e9e. Les r\u00e9sultats enregistr\u00e9s durant cette sanction n\u2019\u00e9taient pas catastrophiques.\u00a0<\/p>\n<p><strong>Il y a aussi le d\u00e9part de certains joueurs comme Benkhelifa et Chetti qui faisaient partie des meilleurs l\u2019an dernier\u2026<\/strong><br \/>Sinc\u00e8rement, j\u2019aurais aim\u00e9 qu\u2019il y ait de la continuit\u00e9 dans le travail. L\u2019effectif de l\u2019an dernier aurait pu remporter le titre si ce n\u2019est ce qui s\u2019est pass\u00e9 \u00e0 l\u2019issue de la derni\u00e8re journ\u00e9e. Dans le football, il est important de pr\u00f4ner la stabilit\u00e9 dans tous les domaines mais parfois, des circonstances poussent les \u00e9quipes \u00e0 se s\u00e9parer de leurs joueurs.\u00a0<\/p>\n<p><strong>Justement, votre avis sur le d\u00e9part de Dumas en fin de saison et son remplacement par Velud ?<\/strong><br \/>Si c\u2019\u00e9tait moi, j\u2019aurais certainement gard\u00e9 Franck Dumas qui, en v\u00e9rit\u00e9, a r\u00e9alis\u00e9 un tr\u00e8s grand travail et les r\u00e9sultats le prouvent. Cependant, la direction a peut-\u00eatre ses raisons et il faut les respecter. Comme je viens de le dire, il est pr\u00e9f\u00e9rable de garder les m\u00eames joueurs et le m\u00eame staff le plus longtemps possible, m\u00eame si Velud est en train de r\u00e9aliser de bons r\u00e9sultats.\u00a0<\/p>\n<p><strong>Selon vous, le compartiment offensif est-il le probl\u00e8me de la JSK ?<\/strong><br \/>Sinc\u00e8rement, non ! Avant de parler des attaquants, il faut d\u2019abord essayer de comprendre si les attaquants re\u00e7oivent suffisamment de ballons. Autrement dit, ce ne sont pas les attaquants qui doivent marquer. Dans une \u00e9quipe, tout le monde est cens\u00e9 apporter un plus et faire la diff\u00e9rence. Je veux rajouter quelque chose\u2026<\/p>\n<p><strong>Allez-y\u2026\u00a0<\/strong><br \/>Je veux parler de l\u2019attaquant Hamza Banouh que beaucoup critiquent. Pour moi, c\u2019est un tr\u00e8s bon joueur, qui a d\u2019\u00e9normes qualit\u00e9s. Ce n\u2019est pas parce qu\u2019il a rat\u00e9 un ou deux buts qu\u2019on va le bl\u00e2mer. \u00c7a arrive de louper des occasions tr\u00e8s faciles et d\u2019en marquer de plus difficiles. Je le redis, l\u2019attaque de la JSK ne re\u00e7oit pas assez de ballons.<\/p>\n<p><strong>Le probl\u00e8me de l\u2019attaque persiste aussi avec la blessure de Juma qui n\u2019a plus rejou\u00e9 depuis plus de trois mois. Un mot sur ce joueur ?<\/strong><br \/>Si la JSK l\u2019a recrut\u00e9, c\u2019est parce qu\u2019il doit \u00eatre bon. Selon mes \u00e9chos, c\u2019est un bon joueur aux grandes qualit\u00e9s. Cependant, sa blessure reste une \u00e9nigme. C\u2019est inqui\u00e9tant pour un joueur qui s\u2019absente durant une aussi longue p\u00e9riode. S\u2019il s\u2019est vraiment r\u00e9tabli, c\u2019est que la JSK aura un nouveau joueur pour la phase retour.<\/p>\n<p><strong>On parle de son retour face au Raja, vous y croyez ?<\/strong><br \/>\u00c7a va \u00eatre tr\u00e8s difficile pour un joueur qui n\u2019a plus tap\u00e9 dans le ballon durant quatre mois de\u00a0 jouer un match \u00e0 grand enjeu. Pour qu\u2019il retrouve ses moyens, il aura besoin de jouer plusieurs rencontres, avant de retrouver ses sensations.\u00a0<\/p>\n<p><strong>Le pr\u00e9sident Mellal, en recrutant Velud, avait d\u00e9clar\u00e9 que l\u2019objectif est de faire mieux que l\u2019an dernier. Que pensez-vous ?<\/strong><br \/>Sinc\u00e8rement, pour faire mieux que l\u2019an dernier, il faudra remporter carr\u00e9ment le titre de champion d\u2019Alg\u00e9rie. Au pire des cas, terminer l\u2019exercice \u00e0 la deuxi\u00e8me place. Sinon, ce sera un \u00e9chec sur le plan objectif.\u00a0<\/p>\n<p><strong>A votre avis, la JSK est-elle capable de r\u00e9aliser un bon parcours ?<\/strong><br \/>Oui, dans le football, tout est possible, m\u00eame si cela est difficile. Il reste encore plusieurs matchs \u00e0 jouer, les joueurs doivent tout donner pour r\u00e9aliser les meilleurs r\u00e9sultats possibles.\u00a0<\/p>\n<p><strong>Revenons \u00e0 la Ligue des Champions d\u2019Afrique, que pensez-vous du parcours de la JSK jusqu\u2019\u00e0 pr\u00e9sent ?<\/strong><br \/>C\u2019est un parcours plus qu\u2019honorable. Il ne faut pas oublier que la JSK est rest\u00e9e presque dix ans sans participer \u00e0 la Ligue des Champions. A mon sens, les joueurs ont fourni beaucoup d\u2019efforts pour atteindre ce stade de la comp\u00e9tition. Ce n\u2019est pas facile d\u2019\u00e9liminer El Merreikh du Soudan et Horoya Conakry. J\u2019ai suivi le match face \u00e0 l\u2019Esp\u00e9rance et croyez-moi, j\u2019\u00e9tais vraiment surpris par l\u2019excellent rendement de la JSK. C\u2019est un match o\u00f9 l\u2019\u00e9quipe m\u00e9ritait largement une victoire. A un moment, je me suis dit que c\u2019est la JSK qui est double championne d\u2019Afrique , pas l\u2019EST.\u00a0<\/p>\n<p><strong>Avec toutes votre exp\u00e9rience, quelles sont les chances de voir la JSK se qualifier au prochain tour de la comp\u00e9tition africaine ?<\/strong><br \/>La JSK est tomb\u00e9e dans le groupe le plus difficile avec notamment deux \u00e9quipes maghr\u00e9bines. Aujourd\u2019hui, l\u2019EST occupe la premi\u00e8re place, tandis que la JSK et le Raja poss\u00e8dent tous les deux trois points. Donc, la qualification est tr\u00e8s serr\u00e9e et va se jouer entre les trois \u00e9quipes. Et pour que la JSK esp\u00e8re se qualifier, elle doit \u00e0 tout prix gagner ses deux matchs \u00e0 domicile contre l\u2019EST et le Raja.\u00a0<\/p>\n<p><strong>Avez-vous un message \u00e0 adresser aux supporters ?<\/strong><br \/>Les fans ont toujours \u00e9t\u00e9 le 12e homme. Sans eux, la JSK n\u2019aurait jamais r\u00e9alis\u00e9 de bons r\u00e9sultats, notamment l\u2019an dernier. Je tiens \u00e0 leur demander de rester toujours derri\u00e8re leur \u00e9quipe, surtout dans les moments difficiles.<br \/>\u00a0<\/p>\n<p>Auteur:<br \/>\n<a href=\"http:\/\/www.lebuteur.com\/article\/detail?titre=jsk-saib-banouh-est-un-tres-bon-joueur-pourquoi-le-blame-t-on-souvent&#038;id=93674&#038;utm_source=feedburner&#038;utm_medium=feed&#038;utm_campaign=Feed%3A+GalerieFArtciles+%28Les+derniers+articles++-+lebuteur.com%29\">Cliquez ici pour lire l&rsquo;article depuis sa source.<\/a><\/p>\n","protected":false},"excerpt":{"rendered":"<p>Hier dans la matin\u00e9e, nous avons pris attache avec l\u2019ancien joueur et driver de la JSK, Moussa Sa\u00efb. Ce dernier, qui a pris un peu de recul, a accept\u00e9 volontiers de r\u00e9pondre \u00e0 toutes nos questions concernant le parcours r\u00e9alis\u00e9 jusqu\u2019\u00e0 pr\u00e9sent par la JSK en championnat et en Coupe d\u2019Afrique. Il a aussi \u00e9voqu\u00e9 [&hellip;]<\/p>\n","protected":false},"author":1738,"featured_media":70701,"comment_status":"closed","ping_status":"closed","sticky":false,"template":"","format":"standard","meta":{"fifu_image_url":"","fifu_image_alt":"","footnotes":""},"categories":[53,75],"tags":[],"class_list":["post-70700","post","type-post","status-publish","format-standard","has-post-thumbnail","hentry","category-algerie","category-sport"],"_links":{"self":[{"href":"https:\/\/linitiative.ca\/International\/wp-json\/wp\/v2\/posts\/70700","targetHints":{"allow":["GET"]}}],"collection":[{"href":"https:\/\/linitiative.ca\/International\/wp-json\/wp\/v2\/posts"}],"about":[{"href":"https:\/\/linitiative.ca\/International\/wp-json\/wp\/v2\/types\/post"}],"author":[{"embeddable":true,"href":"https:\/\/linitiative.ca\/International\/wp-json\/wp\/v2\/users\/1738"}],"replies":[{"embeddable":true,"href":"https:\/\/linitiative.ca\/International\/wp-json\/wp\/v2\/comments?post=70700"}],"version-history":[{"count":0,"href":"https:\/\/linitiative.ca\/International\/wp-json\/wp\/v2\/posts\/70700\/revisions"}],"wp:featuredmedia":[{"embeddable":true,"href":"https:\/\/linitiative.ca\/International\/wp-json\/"}],"wp:attachment":[{"href":"https:\/\/linitiative.ca\/International\/wp-json\/wp\/v2\/media?parent=70700"}],"wp:term":[{"taxonomy":"category","embeddable":true,"href":"https:\/\/linitiative.ca\/International\/wp-json\/wp\/v2\/categories?post=70700"},{"taxonomy":"post_tag","embeddable":true,"href":"https:\/\/linitiative.ca\/International\/wp-json\/wp\/v2\/tags?post=70700"}],"curies":[{"name":"wp","href":"https:\/\/api.w.org\/{rel}","templated":true}]}}