{"id":70710,"date":"2019-12-19T08:00:00","date_gmt":"2019-12-19T13:00:00","guid":{"rendered":"https:\/\/linitiative.ca\/International\/amendement-de-la-constitution-dans-les-prochaines-semaines-annonce-le-president-de-la-republique\/"},"modified":"2019-12-19T08:00:00","modified_gmt":"2019-12-19T13:00:00","slug":"amendement-de-la-constitution-dans-les-prochaines-semaines-annonce-le-president-de-la-republique","status":"publish","type":"post","link":"https:\/\/linitiative.ca\/International\/amendement-de-la-constitution-dans-les-prochaines-semaines-annonce-le-president-de-la-republique\/","title":{"rendered":"Amendement de la Constitution : Dans les \u00ab prochaines semaines \u00bb , annonce le Pr\u00e9sident de la R\u00e9publique"},"content":{"rendered":"<p>La \u00a0nouvelle mouture consoliderait le principe de la limitation de la dur\u00e9e du mandat pr\u00e9sidentiel \u00a0soit un seul mandat , qui ne sera renouvel\u00e9 qu&rsquo;une seule fois et restreindrait les pr\u00e9rogatives du chef de l&rsquo;Etat. \u00ab\u00a0Cela permettra d\u2019immuniser le pays de toute autocratie,\u00a0 et de cr\u00e9er un \u00e9quilibre entre les autres pouvoirs\u00a0\u00bb, a assur\u00e9 le Chef d\u2019Etat . La nouvelle mouture permettra notamment de prot\u00e9ger \u00a0les libert\u00e9s individuelles, la libert\u00e9 d\u2019expression et consacrera \u00a0le droit de manifester. En outre, le Chef d\u2019Etat a annonc\u00e9, la moralisation de l\u2019action politique et la r\u00e9habilitation des institutions de l\u2019Etat , \u00e0 travers une nouvelle loi \u00e9lectorale notamment les conditions relatives \u00e0 l&rsquo;\u00e9ligibilit\u00e9.<\/p>\n<p><strong>Neila B\/R\u00e9daction Web<\/strong><\/p>\n<p>Auteur: elmoudjahid<br \/>\n<a href=\"http:\/\/www.elmoudjahid.com\/fr\/actualites\/146046\">Cliquez ici pour lire l&rsquo;article depuis sa source.<\/a><\/p>\n","protected":false},"excerpt":{"rendered":"<p>La \u00a0nouvelle mouture consoliderait le principe de la limitation de la dur\u00e9e du mandat pr\u00e9sidentiel \u00a0soit un seul mandat , qui ne sera renouvel\u00e9 qu&rsquo;une seule fois et restreindrait les pr\u00e9rogatives du chef de l&rsquo;Etat. \u00ab\u00a0Cela permettra d\u2019immuniser le pays de toute autocratie,\u00a0 et de cr\u00e9er un \u00e9quilibre entre les autres pouvoirs\u00a0\u00bb, a assur\u00e9 le [&hellip;]<\/p>\n","protected":false},"author":1744,"featured_media":0,"comment_status":"closed","ping_status":"closed","sticky":false,"template":"","format":"standard","meta":{"fifu_image_url":"","fifu_image_alt":"","footnotes":""},"categories":[73,53],"tags":[],"class_list":["post-70710","post","type-post","status-publish","format-standard","hentry","category-actualite","category-algerie"],"_links":{"self":[{"href":"https:\/\/linitiative.ca\/International\/wp-json\/wp\/v2\/posts\/70710","targetHints":{"allow":["GET"]}}],"collection":[{"href":"https:\/\/linitiative.ca\/International\/wp-json\/wp\/v2\/posts"}],"about":[{"href":"https:\/\/linitiative.ca\/International\/wp-json\/wp\/v2\/types\/post"}],"author":[{"embeddable":true,"href":"https:\/\/linitiative.ca\/International\/wp-json\/wp\/v2\/users\/1744"}],"replies":[{"embeddable":true,"href":"https:\/\/linitiative.ca\/International\/wp-json\/wp\/v2\/comments?post=70710"}],"version-history":[{"count":0,"href":"https:\/\/linitiative.ca\/International\/wp-json\/wp\/v2\/posts\/70710\/revisions"}],"wp:attachment":[{"href":"https:\/\/linitiative.ca\/International\/wp-json\/wp\/v2\/media?parent=70710"}],"wp:term":[{"taxonomy":"category","embeddable":true,"href":"https:\/\/linitiative.ca\/International\/wp-json\/wp\/v2\/categories?post=70710"},{"taxonomy":"post_tag","embeddable":true,"href":"https:\/\/linitiative.ca\/International\/wp-json\/wp\/v2\/tags?post=70710"}],"curies":[{"name":"wp","href":"https:\/\/api.w.org\/{rel}","templated":true}]}}