{"id":70711,"date":"2019-12-19T06:25:00","date_gmt":"2019-12-19T11:25:00","guid":{"rendered":"https:\/\/linitiative.ca\/International\/le-president-tebboune-prete-serment-au-palais-des-nations\/"},"modified":"2019-12-19T06:25:00","modified_gmt":"2019-12-19T11:25:00","slug":"le-president-tebboune-prete-serment-au-palais-des-nations","status":"publish","type":"post","link":"https:\/\/linitiative.ca\/International\/le-president-tebboune-prete-serment-au-palais-des-nations\/","title":{"rendered":"Le pr\u00e9sident Tebboune pr\u00eate serment au palais des nations"},"content":{"rendered":"<p>L\u2019investiture s\u2019est d\u00e9roul\u00e9e en pr\u00e9sence du Chef d\u2019Etat Abdelkader Bensalah, du Prs\u00e9ident du Conseil de la Nation par Int\u00e9rim Goujil , le pr\u00e9sident de l\u2019APN, Slimane Chenine, \u00a0le Premier Ministre Nourredine Bedoui, le vice ministre de la D\u00e9fense nationale , Le chef d\u2019Etat Major de l\u2019ANP, le G\u00e9n\u00e9ral du Corps d\u2019Arm\u00e9e Ahmed Gaid Salah , des membres du gouvernement , des Personnalit\u00e9s nationales , des Hauts cadres civils et militaires , des repr\u00e9sentants du mouvement associatif ainsi que des repr\u00e9sentants du corps diplomatique accr\u00e9dit\u00e9 en Alg\u00e9rie ainsi qu\u2019en pr\u00e9sence des quatre candidats \u00e0 la pr\u00e9sidentielle du 12 D\u00e9cembre\u00a0.<\/p>\n<p>Le pr\u00e9sident \u00e9lu a pr\u00eat\u00e9 serment \u00a0devant le pr\u00e9sident de la Cour Supr\u00eame , conform\u00e9ment \u00e0 l\u2019article 89 de la Constitution qui stipule que \u00able Pr\u00e9sident de la R\u00e9publique pr\u00eate serment devant le peuple et en pr\u00e9sence de toutes les hautes instances de la nation, dans la semaine qui suit son \u00e9lection. Il entre en fonction aussit\u00f4t apr\u00e8s sa prestation de serment\u00bb et la passation de pouvoir., a tenu \u00e0 rappeler sur place, le pr\u00e9sident de la Cour Supr\u00eame.<\/p>\n<p><strong>Neila B\/ R\u00e9dcation Web\u00a0<\/strong><\/p>\n<p>Auteur: elmoudjahid<br \/>\n<a href=\"http:\/\/www.elmoudjahid.com\/fr\/actualites\/146047\">Cliquez ici pour lire l&rsquo;article depuis sa source.<\/a><\/p>\n","protected":false},"excerpt":{"rendered":"<p>L\u2019investiture s\u2019est d\u00e9roul\u00e9e en pr\u00e9sence du Chef d\u2019Etat Abdelkader Bensalah, du Prs\u00e9ident du Conseil de la Nation par Int\u00e9rim Goujil , le pr\u00e9sident de l\u2019APN, Slimane Chenine, \u00a0le Premier Ministre Nourredine Bedoui, le vice ministre de la D\u00e9fense nationale , Le chef d\u2019Etat Major de l\u2019ANP, le G\u00e9n\u00e9ral du Corps d\u2019Arm\u00e9e Ahmed Gaid Salah , [&hellip;]<\/p>\n","protected":false},"author":1744,"featured_media":0,"comment_status":"closed","ping_status":"closed","sticky":false,"template":"","format":"standard","meta":{"fifu_image_url":"","fifu_image_alt":"","footnotes":""},"categories":[73,53],"tags":[],"class_list":["post-70711","post","type-post","status-publish","format-standard","hentry","category-actualite","category-algerie"],"_links":{"self":[{"href":"https:\/\/linitiative.ca\/International\/wp-json\/wp\/v2\/posts\/70711","targetHints":{"allow":["GET"]}}],"collection":[{"href":"https:\/\/linitiative.ca\/International\/wp-json\/wp\/v2\/posts"}],"about":[{"href":"https:\/\/linitiative.ca\/International\/wp-json\/wp\/v2\/types\/post"}],"author":[{"embeddable":true,"href":"https:\/\/linitiative.ca\/International\/wp-json\/wp\/v2\/users\/1744"}],"replies":[{"embeddable":true,"href":"https:\/\/linitiative.ca\/International\/wp-json\/wp\/v2\/comments?post=70711"}],"version-history":[{"count":0,"href":"https:\/\/linitiative.ca\/International\/wp-json\/wp\/v2\/posts\/70711\/revisions"}],"wp:attachment":[{"href":"https:\/\/linitiative.ca\/International\/wp-json\/wp\/v2\/media?parent=70711"}],"wp:term":[{"taxonomy":"category","embeddable":true,"href":"https:\/\/linitiative.ca\/International\/wp-json\/wp\/v2\/categories?post=70711"},{"taxonomy":"post_tag","embeddable":true,"href":"https:\/\/linitiative.ca\/International\/wp-json\/wp\/v2\/tags?post=70711"}],"curies":[{"name":"wp","href":"https:\/\/api.w.org\/{rel}","templated":true}]}}