{"id":70712,"date":"2019-12-19T08:00:00","date_gmt":"2019-12-19T13:00:00","guid":{"rendered":"https:\/\/linitiative.ca\/International\/le-president-tebboune-decerne-la-medaille-de-lordre-de-merite-national-du-rang-sadr-a-bensalah-et-gaid-salah\/"},"modified":"2019-12-19T08:00:00","modified_gmt":"2019-12-19T13:00:00","slug":"le-president-tebboune-decerne-la-medaille-de-lordre-de-merite-national-du-rang-sadr-a-bensalah-et-gaid-salah","status":"publish","type":"post","link":"https:\/\/linitiative.ca\/International\/le-president-tebboune-decerne-la-medaille-de-lordre-de-merite-national-du-rang-sadr-a-bensalah-et-gaid-salah\/","title":{"rendered":"Le Pr\u00e9sident Tebboune d\u00e9cerne la m\u00e9daille de l&rsquo;Ordre de m\u00e9rite national du rang \u00ab\u00a0Sadr\u00a0\u00bb \u00e0 Bensalah et Gaid Salah"},"content":{"rendered":"<p>.<\/p>\n<p>Dans son discours d\u2019investiture, le pr\u00e9sident \u00e9lu, a \u00a0affirm\u00e9 que le chef de l\u2019Etat\u00a0 est honor\u00e9 \u00ab\u00a0compte tenu des efforts qu&rsquo;il a d\u00e9ploy\u00e9s durant toute la p\u00e9riode de sa pr\u00e9sidence, ce qui a permis la p\u00e9rennit\u00e9 de l&rsquo;Etat et de ses institutions\u00a0\u00bb.<\/p>\n<p>Le pr\u00e9sident de la r\u00e9publique a \u00e9galement rendu un vibrant hommage notamment \u00e0 l\u2019institution militaire et son Haut Commandement , pour les efforts consentis\u00a0 \u00ab\u00a0dans un d\u00e9lai limit\u00e9\u00a0\u00bb\u00a0, pour l\u2019organisation des \u00e9lections libres et transparentes \u00a0\u00ab\u00a0Je rend hommage notamment au moudjahid Ahmed Gaid Salah , pour son r\u00f4le dans la pr\u00e9servation de la souverainet\u00e9 et la stabilit\u00e9 \u00a0du pays . L\u2019ANO \u00e9tait un rempart contre l\u2019ing\u00e9rence et les complots contre l\u2019unit\u00e9 du pays\u00a0\u00bb, a assur\u00e9 le Pr\u00e9sident Tebboune. Il a \u00e9galement mis en avant, l\u2019accompagnement de l\u2019Arm\u00e9e au Hirak populaire , pour la satisfaction de ses revendications .<\/p>\n<p><strong>Neila B\/ R\u00e9daction Web<\/strong><\/p>\n<p>Auteur: elmoudjahid<br \/>\n<a href=\"http:\/\/www.elmoudjahid.com\/fr\/actualites\/146048\">Cliquez ici pour lire l&rsquo;article depuis sa source.<\/a><\/p>\n","protected":false},"excerpt":{"rendered":"<p>. Dans son discours d\u2019investiture, le pr\u00e9sident \u00e9lu, a \u00a0affirm\u00e9 que le chef de l\u2019Etat\u00a0 est honor\u00e9 \u00ab\u00a0compte tenu des efforts qu&rsquo;il a d\u00e9ploy\u00e9s durant toute la p\u00e9riode de sa pr\u00e9sidence, ce qui a permis la p\u00e9rennit\u00e9 de l&rsquo;Etat et de ses institutions\u00a0\u00bb. Le pr\u00e9sident de la r\u00e9publique a \u00e9galement rendu un vibrant hommage notamment [&hellip;]<\/p>\n","protected":false},"author":1744,"featured_media":0,"comment_status":"closed","ping_status":"closed","sticky":false,"template":"","format":"standard","meta":{"fifu_image_url":"","fifu_image_alt":"","footnotes":""},"categories":[73,53],"tags":[],"class_list":["post-70712","post","type-post","status-publish","format-standard","hentry","category-actualite","category-algerie"],"_links":{"self":[{"href":"https:\/\/linitiative.ca\/International\/wp-json\/wp\/v2\/posts\/70712","targetHints":{"allow":["GET"]}}],"collection":[{"href":"https:\/\/linitiative.ca\/International\/wp-json\/wp\/v2\/posts"}],"about":[{"href":"https:\/\/linitiative.ca\/International\/wp-json\/wp\/v2\/types\/post"}],"author":[{"embeddable":true,"href":"https:\/\/linitiative.ca\/International\/wp-json\/wp\/v2\/users\/1744"}],"replies":[{"embeddable":true,"href":"https:\/\/linitiative.ca\/International\/wp-json\/wp\/v2\/comments?post=70712"}],"version-history":[{"count":0,"href":"https:\/\/linitiative.ca\/International\/wp-json\/wp\/v2\/posts\/70712\/revisions"}],"wp:attachment":[{"href":"https:\/\/linitiative.ca\/International\/wp-json\/wp\/v2\/media?parent=70712"}],"wp:term":[{"taxonomy":"category","embeddable":true,"href":"https:\/\/linitiative.ca\/International\/wp-json\/wp\/v2\/categories?post=70712"},{"taxonomy":"post_tag","embeddable":true,"href":"https:\/\/linitiative.ca\/International\/wp-json\/wp\/v2\/tags?post=70712"}],"curies":[{"name":"wp","href":"https:\/\/api.w.org\/{rel}","templated":true}]}}