{"id":70713,"date":"2019-12-19T05:43:37","date_gmt":"2019-12-19T10:43:37","guid":{"rendered":"https:\/\/linitiative.ca\/International\/99147-cycliste-africain-de-l-annee-3e-place-pour-reguigui\/"},"modified":"2019-12-19T05:43:37","modified_gmt":"2019-12-19T10:43:37","slug":"99147-cycliste-africain-de-l-annee-3e-place-pour-reguigui","status":"publish","type":"post","link":"https:\/\/linitiative.ca\/International\/99147-cycliste-africain-de-l-annee-3e-place-pour-reguigui\/","title":{"rendered":"Cycliste africain de l&rsquo;ann\u00e9e: 3e place pour Reguigui"},"content":{"rendered":"<div readability=\"36\">\n<p><strong>LIBREVILLE &#8211; L&rsquo;Alg\u00e9rien Youcef Reguigui s&rsquo;est class\u00e9 en 3e position du Troph\u00e9e cycliste africain de l&rsquo;ann\u00e9e 2019, revenu au Sud-africain Daryl Impey, \u00e0 l&rsquo;issue des r\u00e9sultats du sondage annonc\u00e9s mercredi \u00e0 Libreville par les organisateurs de la Tropicale Amissa-Bongo.<\/strong><\/p>\n<\/div>\n<div readability=\"122\">\n<p>Le prix de Cycliste africain de l\u2019ann\u00e9e est organis\u00e9 depuis 2012 et r\u00e9compense \u00ab\u00a0le coureur qui, par ses r\u00e9sultats sur le continent et dans le reste de la plan\u00e8te, a le plus contribu\u00e9 \u00e0 faire rayonner et \u00e0 faire conna\u00eetre le cyclisme africain\u00a0\u00bb.<\/p>\n<p>Le Sud-africain Impey, qui succ\u00e8de au Rwandais Joseph Areruya, 8e en 2019, a \u00e9t\u00e9 ainsi r\u00e9compens\u00e9 pour son ann\u00e9e marqu\u00e9e par la victoire au Tour Down Under (Australie &#8211; UCI 2.WT) et au Tour de R\u00e9publique tch\u00e8que. Il a \u00e9galement gagn\u00e9 une \u00e9tape du Tour de France.<\/p>\n<p>Daryl Impey a \u00e9t\u00e9 pl\u00e9biscit\u00e9 par un jury de coureurs, entra\u00eeneurs et dirigeants africains, d&rsquo;organisateurs d\u2019\u00e9preuves cyclistes sur le continent mais aussi des journalistes sp\u00e9cialis\u00e9s, africains et europ\u00e9ens, qui suivent l\u2019ensemble des courses cyclistes en Afrique.<\/p>\n<p>L&rsquo;Erythr\u00e9en Merhawi Kudus, vainqueur du Tour du Rwanda, occupe la deuxi\u00e8me place, devant l&rsquo;Alg\u00e9rien Youcef Reguigui, membre de l&rsquo;\u00e9quipe malaisienne \u00ab\u00a0Terengganu\u00a0\u00bb, m\u00e9daill\u00e9 d&rsquo;or de la course en ligne aux Jeux africains du Maroc et m\u00e9daill\u00e9 de bronze du Championnat d&rsquo;Afrique sur route, entre autres.<\/p>\n<p>Le cycliste sud-africain recevra son troph\u00e9e lors de la Tropicale Amissa-Bongo 2020 (20-26 janvier) au Gabon.<\/p>\n<p>Pour sa part, son compatriote, Azzedine Lagab (VIB Sports, m\u00e9daill\u00e9 d&rsquo;argent au Championnat d&rsquo;Afrique (course en ligne) en Ethiopie, vainqueur du Grand-Prix Chantal-Biya (Cameroun), m\u00e9daill\u00e9 d&rsquo;argent au Championnat arabe sur route \u00e0 Alexandrie (Egypte) et qualifi\u00e9 aux JO-2020, a pris la 12e place.<\/p>\n<p><em><strong>Classement complet:<\/strong><\/em><\/p>\n<p>1. Daryl Impey (Afrique du Sud &#8211; Michelton-Scott)<\/p>\n<p>2. Merhawi Kudus (Erythr\u00e9e &#8211; Astana)<\/p>\n<p>3. Youcef Reguigui (Terengganu Cycling Team)<\/p>\n<p>4. Natnael Berhane (Erythr\u00e9e &#8211; Cofidis)<\/p>\n<p>5. Biniam Girmay (Erythr\u00e9e)<\/p>\n<p>6. Yakob Debesay (Erythr\u00e9e)<\/p>\n<p>7. Didier Munyaneza (Rwanda)<\/p>\n<p>8. Joseph Areruya (Rwanda &#8211; Delko Marseille)<\/p>\n<p>9. Bachirou Nikiema (Burkina Faso)<\/p>\n<p>10. Manuel Antonio Dario (Angola &#8211; BAI Sicasal)<\/p>\n<p>11. Gustav Basson (Afrique du Sud &#8211; TEG)<\/p>\n<p>12. Azzedine Lagab (VIB Sports)<\/p>\n<p>13. El Mehdi Chokri (Maroc &#8211; Dimension Data for Qhubeka)<\/p>\n<p>14. Isiaka Cisse (C\u00f4te d\u2019Ivoire)<\/p>\n<p>15. Clovis Kamzong (Cameroun &#8211; SNH V\u00e9lo Club)<\/p>\n<p><em><strong>Palmar\u00e8s du Troph\u00e9e:<\/strong><\/em><\/p>\n<p>2012: Natnael Berhane (Erythr\u00e9e)<\/p>\n<p>2013: Louis Meintjes (Afrique du Sud)<\/p>\n<p>2014: Mekseb Debesay (Erythr\u00e9e)<\/p>\n<p>2015: Daniel Teklehaimanot (Erythr\u00e9e)<\/p>\n<p>2016: Tesfom Okubamariam (Ethiopie)<\/p>\n<p>2017: Louis Meintjes (Afrique du Sud)<\/p>\n<p>2018: Joseph Areruya (Rwanda)<\/p>\n<p>2019: Daryl Impey (Afrique du Sud).<\/p>\n<\/div>\n<p>Auteur:<br \/>\n<a href=\"http:\/\/www.aps.dz\/sport\/99147-cycliste-africain-de-l-annee-3e-place-pour-reguigui?utm_source=feedburner&#038;utm_medium=feed&#038;utm_campaign=Feed%3A+aps-sport+%28APS+-+SPORT%29\">Cliquez ici pour lire l&rsquo;article depuis sa source.<\/a><\/p>\n","protected":false},"excerpt":{"rendered":"<p>LIBREVILLE &#8211; L&rsquo;Alg\u00e9rien Youcef Reguigui s&rsquo;est class\u00e9 en 3e position du Troph\u00e9e cycliste africain de l&rsquo;ann\u00e9e 2019, revenu au Sud-africain Daryl Impey, \u00e0 l&rsquo;issue des r\u00e9sultats du sondage annonc\u00e9s mercredi \u00e0 Libreville par les organisateurs de la Tropicale Amissa-Bongo. Le prix de Cycliste africain de l\u2019ann\u00e9e est organis\u00e9 depuis 2012 et r\u00e9compense \u00ab\u00a0le coureur qui, [&hellip;]<\/p>\n","protected":false},"author":1790,"featured_media":0,"comment_status":"closed","ping_status":"closed","sticky":false,"template":"","format":"standard","meta":{"fifu_image_url":"","fifu_image_alt":"","footnotes":""},"categories":[53,75],"tags":[],"class_list":["post-70713","post","type-post","status-publish","format-standard","hentry","category-algerie","category-sport"],"_links":{"self":[{"href":"https:\/\/linitiative.ca\/International\/wp-json\/wp\/v2\/posts\/70713","targetHints":{"allow":["GET"]}}],"collection":[{"href":"https:\/\/linitiative.ca\/International\/wp-json\/wp\/v2\/posts"}],"about":[{"href":"https:\/\/linitiative.ca\/International\/wp-json\/wp\/v2\/types\/post"}],"author":[{"embeddable":true,"href":"https:\/\/linitiative.ca\/International\/wp-json\/wp\/v2\/users\/1790"}],"replies":[{"embeddable":true,"href":"https:\/\/linitiative.ca\/International\/wp-json\/wp\/v2\/comments?post=70713"}],"version-history":[{"count":0,"href":"https:\/\/linitiative.ca\/International\/wp-json\/wp\/v2\/posts\/70713\/revisions"}],"wp:attachment":[{"href":"https:\/\/linitiative.ca\/International\/wp-json\/wp\/v2\/media?parent=70713"}],"wp:term":[{"taxonomy":"category","embeddable":true,"href":"https:\/\/linitiative.ca\/International\/wp-json\/wp\/v2\/categories?post=70713"},{"taxonomy":"post_tag","embeddable":true,"href":"https:\/\/linitiative.ca\/International\/wp-json\/wp\/v2\/tags?post=70713"}],"curies":[{"name":"wp","href":"https:\/\/api.w.org\/{rel}","templated":true}]}}