{"id":70716,"date":"2019-12-19T12:24:42","date_gmt":"2019-12-19T17:24:42","guid":{"rendered":"https:\/\/linitiative.ca\/International\/99173-caf-awards-2019-mahrez-et-belaili-nommes-pour-le-but-de-l-annee\/"},"modified":"2019-12-19T12:24:42","modified_gmt":"2019-12-19T17:24:42","slug":"99173-caf-awards-2019-mahrez-et-belaili-nommes-pour-le-but-de-l-annee","status":"publish","type":"post","link":"https:\/\/linitiative.ca\/International\/99173-caf-awards-2019-mahrez-et-belaili-nommes-pour-le-but-de-l-annee\/","title":{"rendered":"CAF Awards 2019: Mahrez et Bela\u00efli nomm\u00e9s pour le but de l&rsquo;ann\u00e9e"},"content":{"rendered":"<div readability=\"37\">\n<p><strong>LE CAIRE &#8211;\u00a0 Les deux internationaux alg\u00e9riens : Riyad Mahrez (Manchester City\/Angleterre) et Youcef Bela\u00efli (Ahly Djeddah\/Arabie saoudite), ont \u00e9t\u00e9 nomm\u00e9s pour le troph\u00e9e du but de l&rsquo;ann\u00e9e, par la Conf\u00e9d\u00e9ration africaine de football (CAF), dans le cadre de la 28e \u00e9dition de CAF Awards.<\/strong><\/p>\n<\/div>\n<div readability=\"72\">\n<p>Mahrez a \u00e9t\u00e9 retenu pour son but en demi-finale de la CAN-2019 face au Nigeria (2-1), inscrit sur coup franc direct dans le temps additionnel, et Bela\u00efli pour sa r\u00e9alisation contre la Guin\u00e9e (3-0) en 1\/8es de finale de la m\u00eame \u00e9preuve, marqu\u00e9e dans un angle ferm\u00e9.<\/p>\n<p>Quatre autres buts ont \u00e9t\u00e9 retenus par l&rsquo;instance africaine, il s&rsquo;agit de la Sud-africaine Amanda Mthandi\u00a0 face au Zimbabwe (tournoi de la COSAFA), le Malien Abdoulaye Diaby face \u00e0 la Mauritanie (CAN-2019), le Malien Amadou Haidara face \u00e0 l&rsquo;Angola (CAN-2019), et le Congolais Idris Mbombo (Al-Hilal du Soudan) face \u00e0 Nkana FC (Coupe de la Conf\u00e9d\u00e9ration). Le vote se fait aupr\u00e8s des internautes sur le site de la CAF.com.<\/p>\n<p>Mahrez et Bela\u00efli sont \u00e9galement nomm\u00e9s au titre du meilleur joueur africain, en compagnie d&rsquo;un autre international alg\u00e9rien Isma\u00ebl Bennacer (Milan AC\/ Italie), selon la liste des dix finalistes d\u00e9voil\u00e9e derni\u00e8rement par la CAF.<\/p>\n<p>Bela\u00efli figure dans la liste des 5 nomin\u00e9s dans la cat\u00e9gorie du joueur africain interclubs de la CAF, lui qui avait remport\u00e9 la Ligue des champions d&rsquo;Afrique avec son ancien club l&rsquo;ES Tunis.<\/p>\n<p>Rappelons que le s\u00e9lectionneur national Djamel Belmadi, qui a men\u00e9 les Verts \u00e0 remporter la CAN-2019 en Egypte, est nomm\u00e9 pour le troph\u00e9e du meilleur entraineur, au m\u00eame titre que le coach du S\u00e9n\u00e9gal, finaliste de la CAN-2019, Aliou Ciss\u00e9, ou encore le Tunisien Mo\u00efne Cha\u00e2bani, qui a conduit l&rsquo;ES Tunis \u00e0 remporter les deux derni\u00e8res \u00e9ditions de la Ligue des champions.<\/p>\n<p>La c\u00e9r\u00e9monie de la 28e \u00e9dition de CAF Awards, aura lieu le mardi 7 janvier 2020 \u00e0 l\u2019h\u00f4tel Citadel Azur de Hurghada (Egypte).<\/p>\n<\/div>\n<p>Auteur:<br \/>\n<a href=\"http:\/\/www.aps.dz\/sport\/99173-caf-awards-2019-mahrez-et-belaili-nommes-pour-le-but-de-l-annee?utm_source=feedburner&#038;utm_medium=feed&#038;utm_campaign=Feed%3A+aps-sport+%28APS+-+SPORT%29\">Cliquez ici pour lire l&rsquo;article depuis sa source.<\/a><\/p>\n","protected":false},"excerpt":{"rendered":"<p>LE CAIRE &#8211;\u00a0 Les deux internationaux alg\u00e9riens : Riyad Mahrez (Manchester City\/Angleterre) et Youcef Bela\u00efli (Ahly Djeddah\/Arabie saoudite), ont \u00e9t\u00e9 nomm\u00e9s pour le troph\u00e9e du but de l&rsquo;ann\u00e9e, par la Conf\u00e9d\u00e9ration africaine de football (CAF), dans le cadre de la 28e \u00e9dition de CAF Awards. Mahrez a \u00e9t\u00e9 retenu pour son but en demi-finale de [&hellip;]<\/p>\n","protected":false},"author":1790,"featured_media":0,"comment_status":"closed","ping_status":"closed","sticky":false,"template":"","format":"standard","meta":{"fifu_image_url":"","fifu_image_alt":"","footnotes":""},"categories":[53,75],"tags":[],"class_list":["post-70716","post","type-post","status-publish","format-standard","hentry","category-algerie","category-sport"],"_links":{"self":[{"href":"https:\/\/linitiative.ca\/International\/wp-json\/wp\/v2\/posts\/70716","targetHints":{"allow":["GET"]}}],"collection":[{"href":"https:\/\/linitiative.ca\/International\/wp-json\/wp\/v2\/posts"}],"about":[{"href":"https:\/\/linitiative.ca\/International\/wp-json\/wp\/v2\/types\/post"}],"author":[{"embeddable":true,"href":"https:\/\/linitiative.ca\/International\/wp-json\/wp\/v2\/users\/1790"}],"replies":[{"embeddable":true,"href":"https:\/\/linitiative.ca\/International\/wp-json\/wp\/v2\/comments?post=70716"}],"version-history":[{"count":0,"href":"https:\/\/linitiative.ca\/International\/wp-json\/wp\/v2\/posts\/70716\/revisions"}],"wp:attachment":[{"href":"https:\/\/linitiative.ca\/International\/wp-json\/wp\/v2\/media?parent=70716"}],"wp:term":[{"taxonomy":"category","embeddable":true,"href":"https:\/\/linitiative.ca\/International\/wp-json\/wp\/v2\/categories?post=70716"},{"taxonomy":"post_tag","embeddable":true,"href":"https:\/\/linitiative.ca\/International\/wp-json\/wp\/v2\/tags?post=70716"}],"curies":[{"name":"wp","href":"https:\/\/api.w.org\/{rel}","templated":true}]}}