{"id":70718,"date":"2019-12-19T15:39:13","date_gmt":"2019-12-19T20:39:13","guid":{"rendered":"https:\/\/linitiative.ca\/International\/enfant-cancereux-renvoye-dun-hopital-le-ministre-de-la-sante-ordonne-une-enquete\/"},"modified":"2019-12-19T15:39:13","modified_gmt":"2019-12-19T20:39:13","slug":"enfant-cancereux-renvoye-dun-hopital-le-ministre-de-la-sante-ordonne-une-enquete","status":"publish","type":"post","link":"https:\/\/linitiative.ca\/International\/enfant-cancereux-renvoye-dun-hopital-le-ministre-de-la-sante-ordonne-une-enquete\/","title":{"rendered":"ENFANT CANCEREUX RENVOYE D&rsquo;UN HOPITAL : Le ministre de la Sant\u00e9 ordonne une enqu\u00eate"},"content":{"rendered":"<p><br id=\"sep_para_1\" class=\"sep_para access\"\/><\/p>\n<div id=\"para_1\" class=\"para_34544202 resize\">\n<div class=\"texte access firstletter\">Le ministre de la Sant\u00e9 Mohamed Miraoui a r\u00e9agi \u00e0 la m\u00e9saventure d&rsquo;un enfant atteint de cancer, renvoy\u00e9 d&rsquo;un h\u00f4pital public \u00e0 Tissemsilt. Le ministre a ainsi affirm\u00e9 la mise sur pied d&rsquo;une commission d&rsquo;enqu\u00eate qui pourrait aboutir \u00e0 des sanctions. Selon Mohamed Miraoui, la direction de la sant\u00e9 de Tissemsilt a install\u00e9 une commission d&rsquo;enqu\u00eate. La mission d&rsquo;une telle commission sera de faire conna\u00eetre les tenants et les aboutissants dans cet incident. Le ministre se trouve actuellement en mission aux Emirats arabes unis. Il fera savoir qu&rsquo;il demandera des comptes \u00e0 tous ceux dont la culpabilit\u00e9 est prouv\u00e9e dans le renvoi d&rsquo;un enfant malade. \u00ab Je demanderai des comptes d\u00e8s que je rentre au pays \u00bb, pr\u00e9cisera-t-il. \u00ab Tous les malades ont le droit aux soins et toute atteinte \u00e0 ce droit exposera ses auteurs \u00e0 des mesures disciplinaires \u00bb, estimera le ministre de la Sant\u00e9, de la population et de la r\u00e9forme hospitali\u00e8re. Il fera savoir n\u00e9anmoins que les autorit\u00e9s comp\u00e9tentes ont pris en charge le petit Ishaq, peu de temps apr\u00e8s sa m\u00e9saventure. Il faut rappeler que selon le t\u00e9moignage du jeune malade diffus\u00e9 dans une vid\u00e9o, un infirmier a us\u00e9 de propos d\u00e9plac\u00e9s \u00e0 l&rsquo;\u00e9gard notamment de sa maman, et ce, le jour o\u00f9 le m\u00eame infirmier l&rsquo;a renvoy\u00e9 de l&rsquo;\u00e9tablissement hospitalier. Toujours de fa\u00e7on odieuse puisqu&rsquo;il avait violemment jet\u00e9 son dossier m\u00e9dical \u00e0 m\u00eame le sol. Pour rappel, ce n&rsquo;est pas le seul cas d&rsquo;enfants canc\u00e9reux en Alg\u00e9rie que des membres du personnel m\u00e9dical ont renvoy\u00e9s d&rsquo;un h\u00f4pital public. Il y a quelques semaines, un autre patient a subi le m\u00eame sort dans un \u00e9tablissement hospitalier \u00e0 Oran. Il d\u00e9c\u00e9dera quelques jours plus tard des suites de son cancer.\u00a0\u00a0\u00a0\u00a0<\/div>\n<\/div>\n<p>Auteur: Nadine<br \/>\n<a href=\"https:\/\/www.reflexiondz.net\/ENFANT-CANCEREUX-RENVOYE-D-UN-HOPITAL-Le-ministre-de-la-Sante-ordonne-une-enquete_a59478.html\">Cliquez ici pour lire l&rsquo;article depuis sa source.<\/a><\/p>\n","protected":false},"excerpt":{"rendered":"<p>Le ministre de la Sant\u00e9 Mohamed Miraoui a r\u00e9agi \u00e0 la m\u00e9saventure d&rsquo;un enfant atteint de cancer, renvoy\u00e9 d&rsquo;un h\u00f4pital public \u00e0 Tissemsilt. Le ministre a ainsi affirm\u00e9 la mise sur pied d&rsquo;une commission d&rsquo;enqu\u00eate qui pourrait aboutir \u00e0 des sanctions. Selon Mohamed Miraoui, la direction de la sant\u00e9 de Tissemsilt a install\u00e9 une commission [&hellip;]<\/p>\n","protected":false},"author":1740,"featured_media":0,"comment_status":"closed","ping_status":"closed","sticky":false,"template":"","format":"standard","meta":{"fifu_image_url":"","fifu_image_alt":"","footnotes":""},"categories":[53,76],"tags":[],"class_list":["post-70718","post","type-post","status-publish","format-standard","hentry","category-algerie","category-regions"],"_links":{"self":[{"href":"https:\/\/linitiative.ca\/International\/wp-json\/wp\/v2\/posts\/70718","targetHints":{"allow":["GET"]}}],"collection":[{"href":"https:\/\/linitiative.ca\/International\/wp-json\/wp\/v2\/posts"}],"about":[{"href":"https:\/\/linitiative.ca\/International\/wp-json\/wp\/v2\/types\/post"}],"author":[{"embeddable":true,"href":"https:\/\/linitiative.ca\/International\/wp-json\/wp\/v2\/users\/1740"}],"replies":[{"embeddable":true,"href":"https:\/\/linitiative.ca\/International\/wp-json\/wp\/v2\/comments?post=70718"}],"version-history":[{"count":0,"href":"https:\/\/linitiative.ca\/International\/wp-json\/wp\/v2\/posts\/70718\/revisions"}],"wp:attachment":[{"href":"https:\/\/linitiative.ca\/International\/wp-json\/wp\/v2\/media?parent=70718"}],"wp:term":[{"taxonomy":"category","embeddable":true,"href":"https:\/\/linitiative.ca\/International\/wp-json\/wp\/v2\/categories?post=70718"},{"taxonomy":"post_tag","embeddable":true,"href":"https:\/\/linitiative.ca\/International\/wp-json\/wp\/v2\/tags?post=70718"}],"curies":[{"name":"wp","href":"https:\/\/api.w.org\/{rel}","templated":true}]}}