{"id":70720,"date":"2019-12-19T04:06:27","date_gmt":"2019-12-19T09:06:27","guid":{"rendered":"https:\/\/linitiative.ca\/International\/des-conversations-telephoniques-enregistrees-diffusees-sur-les-reseaux-sociaux-la-vie-privee-et-la-dignite-des-personnes-violees\/"},"modified":"2019-12-19T04:06:27","modified_gmt":"2019-12-19T09:06:27","slug":"des-conversations-telephoniques-enregistrees-diffusees-sur-les-reseaux-sociaux-la-vie-privee-et-la-dignite-des-personnes-violees","status":"publish","type":"post","link":"https:\/\/linitiative.ca\/International\/des-conversations-telephoniques-enregistrees-diffusees-sur-les-reseaux-sociaux-la-vie-privee-et-la-dignite-des-personnes-violees\/","title":{"rendered":"Des conversations t\u00e9l\u00e9phoniques enregistr\u00e9es diffus\u00e9es sur les r\u00e9seaux sociaux :\u00a0La vie priv\u00e9e et la dignit\u00e9 des personnes viol\u00e9es"},"content":{"rendered":"<h4 class=\"title-14\"\/>\n<div class=\"featured_image\"><img loading=\"lazy\" decoding=\"async\" width=\"800\" height=\"450\" src=\"https:\/\/www.elwatan.com\/wp-content\/uploads\/2019\/12\/ecoute-col.gif\" class=\"attachment-post-thumbnail size-post-thumbnail wp-post-image\" alt=\"\"\/><\/div>\n<p class=\"p4\"><span class=\"s1\"><strong>Des \u00e9changes entre des personnes, des officiels notamment, lors de r\u00e9unions, font aussi l\u2019objet de cette m\u00eame pratique dangereuse. Ils sont m\u00eame relay\u00e9s par des milliers d\u2019internautes, curieux. Warning\u00a0! Une v\u00e9ritable atteinte \u00e0 la vie priv\u00e9e des gens, pourtant prot\u00e9g\u00e9e par la Constitution et les lois alg\u00e9riennes.<\/strong><\/span><\/p>\n<p class=\"p4\"><span class=\"s1\"><strong>L<\/strong><\/span><span class=\"s1\">a pratique s\u2019est r\u00e9pandue d\u2019une mani\u00e8re inqui\u00e9tante ces derniers mois. La Toile alg\u00e9rienne et les r\u00e9seaux sociaux ont \u00e9t\u00e9 inond\u00e9s de vid\u00e9os et d\u2019enregistrements des conversations t\u00e9l\u00e9phoniques de personnes, class\u00e9es ou pas dans la case de ce qu\u2019on appelle <em>\u00abla \u00eessaba\u00bb<\/em> (la bande). On ne sait par quel miracle ces enregistrements, r\u00e9sultats d\u2019\u00e9coutes t\u00e9l\u00e9phoniques effectu\u00e9es on ne sait dans quelles conditions, sont diffus\u00e9s \u00e0 grande \u00e9chelle sur les r\u00e9seaux sociaux.<\/span><\/p>\n<p class=\"p4\"><span class=\"s1\">Des \u00e9changes entre des personnes, des officiels notamment, lors de r\u00e9unions, font aussi l\u2019objet de cette m\u00eame pratique dangereuse. Ils sont m\u00eame relay\u00e9s par des milliers d\u2019internautes, Curieux ! Warning\u00a0! Une v\u00e9ritable atteinte \u00e0 la vie priv\u00e9e des gens, pourtant prot\u00e9g\u00e9e par la Constitution et les lois alg\u00e9riennes. Des pages Facebook aux connotations malveillantes obtiennent et diffusent, dans une volont\u00e9 de nuire \u00e0 des personnes, des images, des vid\u00e9os et des enregistrements que seuls les services comp\u00e9tents et autoris\u00e9s par la justice devraient d\u00e9tenir.<\/span><\/p>\n<p class=\"p4\"><span class=\"s1\">Qui les a mis \u00e0 la disposition des administrateurs de ces pages\u00a0? Qui est derri\u00e8re ces comptes\u00a0? Facile \u00e0 deviner, mais difficile \u00e0 identifier. En plus de ce fait, ce qui est grave aussi, c\u2019est le silence de la justice, cens\u00e9e veiller au respect des lois interdisant ce genre de pratiques. \u00abLa vie priv\u00e9e et l\u2019honneur du citoyen sont inviolables et prot\u00e9g\u00e9s par la loi. Le secret de la correspondance et de la communication priv\u00e9e, sous toutes leurs formes, est garanti.<\/span><\/p>\n<p class=\"p4\"><span class=\"s1\">Aucune atteinte \u00e0 ces droits n\u2019est tol\u00e9r\u00e9e sans une r\u00e9quisition motiv\u00e9e de l\u2019autorit\u00e9 judiciaire. La loi punit toute violation de cette disposition. La protection des personnes physiques dans le traitement des donn\u00e9es \u00e0 caract\u00e8re personnel est un droit fondamental garanti par la loi qui en punit la violation\u00bb, stipule l\u2019article 46 de la Constitution. L\u2019article 2 de la loi sur le traitement des donn\u00e9s personnelles, adopt\u00e9e en 2018, prot\u00e8ge aussi la vie priv\u00e9e.<\/span><\/p>\n<p class=\"p4\"><span class=\"s1\">\u00abLe traitement des donn\u00e9es \u00e0 caract\u00e8re personnel, quelle que soit son origine ou sa forme, doit se faire dans le cadre du respect de la dignit\u00e9 humaine, de la vie priv\u00e9e, des libert\u00e9s publiques et ne doit pas porter atteinte aux droits des personnes, \u00e0 leur honneur et \u00e0 leur r\u00e9putation\u00bb, pr\u00e9cise cette disposition, qui pr\u00e9voit de lourdes peines \u00e0 l\u2019encontre des contrevenants.<\/span><\/p>\n<p class=\"p8\"><span class=\"s1\"><strong>Respect des lois\u00a0: Un concept destin\u00e9 \u00e0 la consommation<\/strong><\/span><\/p>\n<p class=\"p8\"><span class=\"s1\"><em>\u00abA quoi servent les lois si on ne les respecte pas\u00a0?\u00bb<\/em> se demande la d\u00e9put\u00e9e du RCD, Fetta Sadat, qui rappelle que durant les manifestations du mouvement populaire, les citoyens sont film\u00e9s et pris en photo \u00e0 leur insu par les services de s\u00e9curit\u00e9. <em>\u00abCes pratiques visent \u00e0 ficher tous les<\/em> <em>citoyens. Il n\u2019y a aucune protection. Les pouvoirs publics sont interpell\u00e9s. Il ne sert \u00e0 rien d\u2019avoir les meilleures lois du monde si elles ne sont pas respect\u00e9es dans la pratique\u00bb<\/em>, d\u00e9nonce-t-elle.<\/span><\/p>\n<p class=\"p8\"><span class=\"s1\">Pour sa part, le vice-pr\u00e9sident de la LADDH, Sa\u00efd Salhi, qualifie ces faits de <em>\u00abd\u00e9rapage\u00bb<\/em>, pr\u00e9cisant que <em>\u00abnormalement, tout enregistrement t\u00e9l\u00e9phonique est interdit et sa publication encore plus, sans le consentement des concern\u00e9s, c\u2019est une atteinte grave \u00e0 la vie priv\u00e9e des gens et \u00e0 la confidentialit\u00e9 des correspondances qui sont pourtant prot\u00e9g\u00e9s par le droit\u00bb.<\/em><\/span><\/p>\n<p class=\"p8\"><span class=\"s1\"><em>\u00abNous assistons \u00e0 certains d\u00e9rapages concernant l\u2019atteinte \u00e0 la dignit\u00e9 des personnes, \u00e0 la pr\u00e9somption d\u2019innocence pour certaines personnes m\u00eame poursuivies en justice. Ces pratiques doivent cesser, la vie priv\u00e9e et la dignit\u00e9 des personnes sont une sph\u00e8re inviolable qui doit \u00eatre prot\u00e9g\u00e9e, alors que certains, notamment ceux que l\u2019on appelle \u2018\u2018les mouches \u00e9lectroniques\u2019\u2019 vont jusqu\u2019\u00e0 la diabolisation et \u00e0 la stigmatisation de toute voix discordante, ce qui ne doit pas exclure, bien s\u00fbr, le d\u00e9bat contradictoire et le travail d\u2019investigation journalistique, mais qui doit toujours se faire dans le respect de l\u2019\u00e9thique et la d\u00e9ontologie\u00bb<\/em>, souligne-t-il.<span class=\"Apple-converted-space\">\u00a0 \u00a0 \u00a0 \u00a0 \u00a0 \u00a0\u00a0<\/span><\/span><\/p>\n<p><span class=\"post-views-label\">Post Views:<\/span> <span class=\"post-views-count\">9\u00a0688<\/span><\/p>\n<p><br class=\"c2\"\/><\/p>\n<p>Auteur: Anis Khecheba<br \/>\n<a href=\"https:\/\/www.elwatan.com\/edition\/actualite\/la-vie-privee-et-la-dignite-des-personnes-violees-19-12-2019\">Cliquez ici pour lire l&rsquo;article depuis sa source.<\/a><\/p>\n","protected":false},"excerpt":{"rendered":"<p>Des \u00e9changes entre des personnes, des officiels notamment, lors de r\u00e9unions, font aussi l\u2019objet de cette m\u00eame pratique dangereuse. Ils sont m\u00eame relay\u00e9s par des milliers d\u2019internautes, curieux. Warning\u00a0! Une v\u00e9ritable atteinte \u00e0 la vie priv\u00e9e des gens, pourtant prot\u00e9g\u00e9e par la Constitution et les lois alg\u00e9riennes. La pratique s\u2019est r\u00e9pandue d\u2019une mani\u00e8re inqui\u00e9tante ces [&hellip;]<\/p>\n","protected":false},"author":1743,"featured_media":70721,"comment_status":"closed","ping_status":"closed","sticky":false,"template":"","format":"standard","meta":{"fifu_image_url":"","fifu_image_alt":"","footnotes":""},"categories":[73,53],"tags":[],"class_list":["post-70720","post","type-post","status-publish","format-standard","has-post-thumbnail","hentry","category-actualite","category-algerie"],"_links":{"self":[{"href":"https:\/\/linitiative.ca\/International\/wp-json\/wp\/v2\/posts\/70720","targetHints":{"allow":["GET"]}}],"collection":[{"href":"https:\/\/linitiative.ca\/International\/wp-json\/wp\/v2\/posts"}],"about":[{"href":"https:\/\/linitiative.ca\/International\/wp-json\/wp\/v2\/types\/post"}],"author":[{"embeddable":true,"href":"https:\/\/linitiative.ca\/International\/wp-json\/wp\/v2\/users\/1743"}],"replies":[{"embeddable":true,"href":"https:\/\/linitiative.ca\/International\/wp-json\/wp\/v2\/comments?post=70720"}],"version-history":[{"count":0,"href":"https:\/\/linitiative.ca\/International\/wp-json\/wp\/v2\/posts\/70720\/revisions"}],"wp:featuredmedia":[{"embeddable":true,"href":"https:\/\/linitiative.ca\/International\/wp-json\/"}],"wp:attachment":[{"href":"https:\/\/linitiative.ca\/International\/wp-json\/wp\/v2\/media?parent=70720"}],"wp:term":[{"taxonomy":"category","embeddable":true,"href":"https:\/\/linitiative.ca\/International\/wp-json\/wp\/v2\/categories?post=70720"},{"taxonomy":"post_tag","embeddable":true,"href":"https:\/\/linitiative.ca\/International\/wp-json\/wp\/v2\/tags?post=70720"}],"curies":[{"name":"wp","href":"https:\/\/api.w.org\/{rel}","templated":true}]}}