{"id":70722,"date":"2019-12-19T04:06:55","date_gmt":"2019-12-19T09:06:55","guid":{"rendered":"https:\/\/linitiative.ca\/International\/demande-de-liberation-provisoire-de-karim-tabbou-la-decision-reportee-a-mercredi-prochain\/"},"modified":"2019-12-19T04:06:55","modified_gmt":"2019-12-19T09:06:55","slug":"demande-de-liberation-provisoire-de-karim-tabbou-la-decision-reportee-a-mercredi-prochain","status":"publish","type":"post","link":"https:\/\/linitiative.ca\/International\/demande-de-liberation-provisoire-de-karim-tabbou-la-decision-reportee-a-mercredi-prochain\/","title":{"rendered":"Demande de lib\u00e9ration provisoire de Karim Tabbou : La d\u00e9cision report\u00e9e \u00e0 mercredi prochain"},"content":{"rendered":"<h4 class=\"title-14\"\/>\n<div class=\"featured_image\"><img loading=\"lazy\" decoding=\"async\" width=\"800\" height=\"787\" src=\"https:\/\/www.elwatan.com\/wp-content\/uploads\/2019\/12\/tabbou-col-b-souhil.gif\" class=\"attachment-post-thumbnail size-post-thumbnail wp-post-image\" alt=\"\"\/><span class=\"featured-image-caption\">Photo : B. Souhil<\/span><\/div>\n<p class=\"p4\"><span class=\"s1\"><strong>L<\/strong><\/span><span class=\"s1\"><em>a chambre d\u2019accusation pr\u00e8s la cour d\u2019Alger a report\u00e9, hier, l\u2019examen de la demande de lib\u00e9ration provisoire de l\u2019opposant politique Karim Tabbou \u00e0 mercredi prochain\u00bb<\/em>, a annonc\u00e9 le Comit\u00e9 national pour la lib\u00e9ration des d\u00e9tenus (CNLD).<\/span><\/p>\n<p class=\"p4\"><span class=\"s1\">Le porte-parole de l\u2019Union d\u00e9mocratique et sociale (UDS), un parti politique non agr\u00e9\u00e9, a \u00e9t\u00e9 arr\u00eat\u00e9 une premi\u00e8re fois le 11 septembre et plac\u00e9 le lendemain en d\u00e9tention provisoire par le tribunal de Kol\u00e9a, pour \u00abatteinte au moral de l\u2019arm\u00e9e\u00bb. On lui reproche des propos critiques sur l\u2019institution militaire lors d\u2019un meeting populaire organis\u00e9, en mai dernier, dans la ville de Kherrata.<\/span><\/p>\n<p class=\"p4\"><span class=\"s1\">L\u2019ancien premier secr\u00e9taire du FFS a \u00e9t\u00e9 remis en libert\u00e9, le 25 septembre, par la cour de Tipasa, avant qu\u2019il ne soit arr\u00eat\u00e9 \u00e0 nouveau 24 heures plus tard. Le mandat de d\u00e9p\u00f4t de cette\u00a0figure embl\u00e9matique du hirak avait \u00e9t\u00e9 confirm\u00e9 le 2 octobre par la justice. Il est poursuivi pour \u00abatteinte \u00e0 l\u2019unit\u00e9 nationale\u00bb et \u00abincitation \u00e0 la violence via ses publications sur les r\u00e9seaux sociaux\u00bb.<\/span><\/p>\n<p class=\"p4\"><span class=\"s1\"><em>\u00abCe type d\u2019agissement est une provocation prononc\u00e9e et ne peut \u00eatre que de connotation politique. Une d\u00e9cision qui n\u2019honore point notre pays qui milite pour la libert\u00e9, l\u2019Etat de droit et la d\u00e9mocratie\u00bb<\/em>, avait d\u00e9nonc\u00e9 M<sup>e<\/sup> Mustapha Bouchachi, membre du collectif de d\u00e9fense. Beaucoup consid\u00e8rent qu\u2019une \u00e9ventuelle lib\u00e9ration de Tabbou ou son maintien en d\u00e9tention constituerait un indice des v\u00e9ritables intentions du nouveau Pr\u00e9sident faiblement \u00e9lu.<\/span><\/p>\n<p class=\"p4\"><span class=\"s1\">Ce dernier, qui a annonc\u00e9 vendredi dernier vouloir <em>\u00abtendre la main\u00bb<\/em> au mouvement de protestation, \u00e9tait rest\u00e9 \u00e9vasif sur la question relative aux d\u00e9tenus d\u2019opinion. Depuis plusieurs mois, hirak et opposition ne cessent de r\u00e9clamer des mesures d\u2019apaisement, dont la lib\u00e9ration des d\u00e9tenus d\u2019opinion et la fin de la r\u00e9pression, des revendications rejet\u00e9es en bloc par le chef d\u2019\u00e9tat-major, devenu le\u00a0v\u00e9ritable homme fort du pays.<\/span><\/p>\n<p class=\"p4\"><span class=\"s1\">Toujours sur le front judiciaire, le tribunal de Hussein Dey a prononc\u00e9, hier, la relaxe du d\u00e9tenu du hirak Garidi Hamidou, alors que le procureur du tribunal a requis, une peine de cinq ans de prison \u00e0 son encontre pour \u00abatteinte \u00e0 l\u2019unit\u00e9 nationale\u00bb, d\u2019apr\u00e8s le CNLD. L\u2019audition dans le fond \u00a0du journaliste et militant Fodil Boumala, pr\u00e9vue hier au tribunal de Dar El Beida, a \u00e9t\u00e9 report\u00e9e \u00e0 dimanche prochain, alors que le proc\u00e8s de la militante Lynda Nacer (ex-journaliste de <em>Libert\u00e9<\/em>), pr\u00e9vu au tribunal de Constantine, a \u00e9t\u00e9 renvoy\u00e9 au mercredi 8 janvier 2020.<\/span><\/p>\n<p class=\"p4\"><span class=\"s1\">Le verdict de l\u2019activiste et po\u00e8te Mohamed Tadjadit, d\u00e9tenu actuellement \u00e0 El Harrach, est pr\u00e9vu, aujourd\u2019hui, au tribunal de Sidi M\u2019hamed. Avant-hier, le procureur du tribunal de Constantine a requis un an de prison ferme et une amende de 1 million de dinars contre le journaliste Abdelkrim Zeghileche dans l\u2019affaire de sa radio web \u00abSarbacane\u00bb et l\u2019\u00abatteinte \u00e0 la personne du chef de l\u2019Etat Abdelaziz Bouteflika\u00bb.<\/span><\/p>\n<p class=\"p4\"><span class=\"s1\">La CNLD a ajout\u00e9 que \u00a0l\u2019affaire sera mise en d\u00e9lib\u00e9r\u00e9 le 7 janvier 2020. Pr\u00e8s de 140 manifestants, militants ou journalistes, ont \u00e9t\u00e9 incarc\u00e9r\u00e9s depuis fin juin pour des faits li\u00e9s au hirak, en d\u00e9tention provisoire ou condamn\u00e9s \u00e0 des peines de prison ferme, selon un bilan non exhaustif du<\/span> CNLD.<span class=\"Apple-converted-space\">\u00a0\u00a0<\/span><\/p>\n<p><span class=\"post-views-label\">Post Views:<\/span> <span class=\"post-views-count\">1\u00a0934<\/span><\/p>\n<p><br class=\"c2\"\/><\/p>\n<p>Auteur: Anis Khecheba<br \/>\n<a href=\"https:\/\/www.elwatan.com\/edition\/actualite\/la-decision-reportee-a-mercredi-prochain-19-12-2019\">Cliquez ici pour lire l&rsquo;article depuis sa source.<\/a><\/p>\n","protected":false},"excerpt":{"rendered":"<p>Photo : B. Souhil La chambre d\u2019accusation pr\u00e8s la cour d\u2019Alger a report\u00e9, hier, l\u2019examen de la demande de lib\u00e9ration provisoire de l\u2019opposant politique Karim Tabbou \u00e0 mercredi prochain\u00bb, a annonc\u00e9 le Comit\u00e9 national pour la lib\u00e9ration des d\u00e9tenus (CNLD). Le porte-parole de l\u2019Union d\u00e9mocratique et sociale (UDS), un parti politique non agr\u00e9\u00e9, a \u00e9t\u00e9 [&hellip;]<\/p>\n","protected":false},"author":1743,"featured_media":70723,"comment_status":"closed","ping_status":"closed","sticky":false,"template":"","format":"standard","meta":{"fifu_image_url":"","fifu_image_alt":"","footnotes":""},"categories":[73,53],"tags":[],"class_list":["post-70722","post","type-post","status-publish","format-standard","has-post-thumbnail","hentry","category-actualite","category-algerie"],"_links":{"self":[{"href":"https:\/\/linitiative.ca\/International\/wp-json\/wp\/v2\/posts\/70722","targetHints":{"allow":["GET"]}}],"collection":[{"href":"https:\/\/linitiative.ca\/International\/wp-json\/wp\/v2\/posts"}],"about":[{"href":"https:\/\/linitiative.ca\/International\/wp-json\/wp\/v2\/types\/post"}],"author":[{"embeddable":true,"href":"https:\/\/linitiative.ca\/International\/wp-json\/wp\/v2\/users\/1743"}],"replies":[{"embeddable":true,"href":"https:\/\/linitiative.ca\/International\/wp-json\/wp\/v2\/comments?post=70722"}],"version-history":[{"count":0,"href":"https:\/\/linitiative.ca\/International\/wp-json\/wp\/v2\/posts\/70722\/revisions"}],"wp:featuredmedia":[{"embeddable":true,"href":"https:\/\/linitiative.ca\/International\/wp-json\/"}],"wp:attachment":[{"href":"https:\/\/linitiative.ca\/International\/wp-json\/wp\/v2\/media?parent=70722"}],"wp:term":[{"taxonomy":"category","embeddable":true,"href":"https:\/\/linitiative.ca\/International\/wp-json\/wp\/v2\/categories?post=70722"},{"taxonomy":"post_tag","embeddable":true,"href":"https:\/\/linitiative.ca\/International\/wp-json\/wp\/v2\/tags?post=70722"}],"curies":[{"name":"wp","href":"https:\/\/api.w.org\/{rel}","templated":true}]}}