{"id":70733,"date":"2019-12-19T11:50:00","date_gmt":"2019-12-19T16:50:00","guid":{"rendered":"https:\/\/linitiative.ca\/International\/habib-majoul-nest-plus-le-monde-des-affaires-a-perdu-son-icone\/"},"modified":"2019-12-19T11:50:00","modified_gmt":"2019-12-19T16:50:00","slug":"habib-majoul-nest-plus-le-monde-des-affaires-a-perdu-son-icone","status":"publish","type":"post","link":"https:\/\/linitiative.ca\/International\/habib-majoul-nest-plus-le-monde-des-affaires-a-perdu-son-icone\/","title":{"rendered":"Habib Majoul n&rsquo;est plus: le monde des affaires a perdu son ic\u00f4ne"},"content":{"rendered":"<p>Habib Majoul est mort. L&rsquo;UTICA est orpheline. Elle vient de perdre l&rsquo;artisan de son renouveau, celui qui l&rsquo;a fait sortir de l&rsquo;\u00e2ge de bronze \u00e0 l&rsquo;\u00e2ge moderne, le d\u00e9fenseur sans peur et sans reproche de l&rsquo;entreprise tunisienne et le grand patriote qui avait contribu\u00e9 \u00e0 l&rsquo;\u00e9mergence d&rsquo;un secteur priv\u00e9 dynamique. L&rsquo;homme qui vient de nous quitter \u00e0 95 ans a \u00e9t\u00e9 officiellement Vice-pr\u00e9sident de l\u2019UTICA pendant pr\u00e8s de 15 ans, mais en r\u00e9alit\u00e9 il en \u00e9tait le pr\u00e9sident effectif, la t\u00eate pensante, l\u2019artisan de son renouveau au sortir de l&rsquo;exp\u00e9rience collectiviste calamiteuse.<\/p>\n<p>Depuis son d\u00e9part de l&rsquo;UTICA en 1988, il s&rsquo;\u00e9tait consacr\u00e9 \u00e0 ses affaires. En janvier 2017, il avait \u00e9t\u00e9 invit\u00e9 par l&rsquo;UTICA\u00a0 \u00e0 une c\u00e9r\u00e9monie \u00e0 l&rsquo;occasion de son 70e anniversaire o\u00f9 il devait recevoir les hommages de ses pairs \u00e0 l&rsquo;occasion du 70e anniversaire de sa cr\u00e9ation. Poliment, il avait d\u00e9clin\u00e9 l&rsquo;invitation.<\/p>\n<p><strong>Lire aussi<\/strong><\/p>\n<p><a href=\"https:\/\/www.leaders.com.tn\/article\/28665-habib-majoul-est-decede-fidele-compagnon-de-ferjani-belhaj-ammar-et-un-des-batisseurs-de-l-utica\" target=\"_blank\" rel=\"noopener noreferrer\">Habib Majoul est d\u00e9c\u00e9d\u00e9 : fid\u00e8le compagnon de Ferjani Belhaj Ammar et un des b\u00e2tisseurs de l\u2019Utica<\/a><\/p>\n<p>Auteur:<br \/>\n<a href=\"https:\/\/www.leaders.com.tn\/article\/28677-majoul\">Cliquez ici pour lire l&rsquo;article depuis sa source.<\/a><\/p>\n","protected":false},"excerpt":{"rendered":"<p>Habib Majoul est mort. L&rsquo;UTICA est orpheline. Elle vient de perdre l&rsquo;artisan de son renouveau, celui qui l&rsquo;a fait sortir de l&rsquo;\u00e2ge de bronze \u00e0 l&rsquo;\u00e2ge moderne, le d\u00e9fenseur sans peur et sans reproche de l&rsquo;entreprise tunisienne et le grand patriote qui avait contribu\u00e9 \u00e0 l&rsquo;\u00e9mergence d&rsquo;un secteur priv\u00e9 dynamique. L&rsquo;homme qui vient de nous [&hellip;]<\/p>\n","protected":false},"author":1772,"featured_media":0,"comment_status":"closed","ping_status":"closed","sticky":false,"template":"","format":"standard","meta":{"fifu_image_url":"","fifu_image_alt":"","footnotes":""},"categories":[73,55],"tags":[],"class_list":["post-70733","post","type-post","status-publish","format-standard","hentry","category-actualite","category-tunisie"],"_links":{"self":[{"href":"https:\/\/linitiative.ca\/International\/wp-json\/wp\/v2\/posts\/70733","targetHints":{"allow":["GET"]}}],"collection":[{"href":"https:\/\/linitiative.ca\/International\/wp-json\/wp\/v2\/posts"}],"about":[{"href":"https:\/\/linitiative.ca\/International\/wp-json\/wp\/v2\/types\/post"}],"author":[{"embeddable":true,"href":"https:\/\/linitiative.ca\/International\/wp-json\/wp\/v2\/users\/1772"}],"replies":[{"embeddable":true,"href":"https:\/\/linitiative.ca\/International\/wp-json\/wp\/v2\/comments?post=70733"}],"version-history":[{"count":0,"href":"https:\/\/linitiative.ca\/International\/wp-json\/wp\/v2\/posts\/70733\/revisions"}],"wp:attachment":[{"href":"https:\/\/linitiative.ca\/International\/wp-json\/wp\/v2\/media?parent=70733"}],"wp:term":[{"taxonomy":"category","embeddable":true,"href":"https:\/\/linitiative.ca\/International\/wp-json\/wp\/v2\/categories?post=70733"},{"taxonomy":"post_tag","embeddable":true,"href":"https:\/\/linitiative.ca\/International\/wp-json\/wp\/v2\/tags?post=70733"}],"curies":[{"name":"wp","href":"https:\/\/api.w.org\/{rel}","templated":true}]}}