{"id":70734,"date":"2019-12-19T11:50:00","date_gmt":"2019-12-19T16:50:00","guid":{"rendered":"https:\/\/linitiative.ca\/International\/mouldi-sakri-ce-quil-faut-retenir-de-ses-memoires-video\/"},"modified":"2019-12-19T11:50:00","modified_gmt":"2019-12-19T16:50:00","slug":"mouldi-sakri-ce-quil-faut-retenir-de-ses-memoires-video","status":"publish","type":"post","link":"https:\/\/linitiative.ca\/International\/mouldi-sakri-ce-quil-faut-retenir-de-ses-memoires-video\/","title":{"rendered":"Mouldi Sakri: Ce qu\u2019il faut retenir de ses m\u00e9moires (Vid\u00e9o)"},"content":{"rendered":"<p class=\"c3\">Fort d\u2019une carri\u00e8re diplomatique de plus de 30 ans, l\u2019ambassadeur Mouldi Sakri replonge dans ses souvenirs et retrace pour <span class=\"c2\"><strong>Leaders<\/strong><\/span> les 30 ann\u00e9es de carri\u00e8re diplomatique.<\/p>\n<p class=\"c4\"><iframe loading=\"lazy\" src=\"https:\/\/www.youtube.com\/embed\/NprXHx6SkKE\" allow=\"accelerometer; autoplay; encrypted-media; gyroscope; picture-in-picture\" allowfullscreen=\"\" width=\"560\" height=\"315\" frameborder=\"0\">[embedded content]<\/iframe><\/p>\n<p class=\"c3\">Entre les moments forts de sa carri\u00e8re, les situations difficiles tant sur le plan professionnel que personnel et les joies de la vie diplomatique, Mouldi sakri vacille entre pass\u00e9 et pr\u00e9sent avec un timide sourire aux l\u00e8vres et des yeux qui scintillent.<\/p>\n<p class=\"c3\"><strong>Lire aussi<\/strong><\/p>\n<p class=\"c3\"><a href=\"https:\/\/www.leaders.com.tn\/article\/28616-mouldi-sekri\" target=\"_blank\" rel=\"noopener noreferrer\">M\u00e9moires de l\u2019ambassadeur Mouldi Sakri : les sillons de vie d\u2019un diplomate chevronn\u00e9, entre ambition et d\u00e9sillusion (Album photos et Vid\u00e9o)<\/a><br \/>\u00a0<\/p>\n<p>Auteur:<br \/>\n<a href=\"https:\/\/www.leaders.com.tn\/article\/28676-mouldi-sakri-ce-qu-il-faut-retenir-de-ces-memoires\">Cliquez ici pour lire l&rsquo;article depuis sa source.<\/a><\/p>\n","protected":false},"excerpt":{"rendered":"<p>Fort d\u2019une carri\u00e8re diplomatique de plus de 30 ans, l\u2019ambassadeur Mouldi Sakri replonge dans ses souvenirs et retrace pour Leaders les 30 ann\u00e9es de carri\u00e8re diplomatique. [embedded content] Entre les moments forts de sa carri\u00e8re, les situations difficiles tant sur le plan professionnel que personnel et les joies de la vie diplomatique, Mouldi sakri vacille [&hellip;]<\/p>\n","protected":false},"author":1772,"featured_media":0,"comment_status":"closed","ping_status":"closed","sticky":false,"template":"","format":"standard","meta":{"fifu_image_url":"","fifu_image_alt":"","footnotes":""},"categories":[73,55],"tags":[],"class_list":["post-70734","post","type-post","status-publish","format-standard","hentry","category-actualite","category-tunisie"],"_links":{"self":[{"href":"https:\/\/linitiative.ca\/International\/wp-json\/wp\/v2\/posts\/70734","targetHints":{"allow":["GET"]}}],"collection":[{"href":"https:\/\/linitiative.ca\/International\/wp-json\/wp\/v2\/posts"}],"about":[{"href":"https:\/\/linitiative.ca\/International\/wp-json\/wp\/v2\/types\/post"}],"author":[{"embeddable":true,"href":"https:\/\/linitiative.ca\/International\/wp-json\/wp\/v2\/users\/1772"}],"replies":[{"embeddable":true,"href":"https:\/\/linitiative.ca\/International\/wp-json\/wp\/v2\/comments?post=70734"}],"version-history":[{"count":0,"href":"https:\/\/linitiative.ca\/International\/wp-json\/wp\/v2\/posts\/70734\/revisions"}],"wp:attachment":[{"href":"https:\/\/linitiative.ca\/International\/wp-json\/wp\/v2\/media?parent=70734"}],"wp:term":[{"taxonomy":"category","embeddable":true,"href":"https:\/\/linitiative.ca\/International\/wp-json\/wp\/v2\/categories?post=70734"},{"taxonomy":"post_tag","embeddable":true,"href":"https:\/\/linitiative.ca\/International\/wp-json\/wp\/v2\/tags?post=70734"}],"curies":[{"name":"wp","href":"https:\/\/api.w.org\/{rel}","templated":true}]}}