{"id":70735,"date":"2019-12-19T14:36:00","date_gmt":"2019-12-19T19:36:00","guid":{"rendered":"https:\/\/linitiative.ca\/International\/malgre-les-greves-lenseignement-public-a-toujours-les-faveurs-des-tunisiens\/"},"modified":"2019-12-19T14:36:00","modified_gmt":"2019-12-19T19:36:00","slug":"malgre-les-greves-lenseignement-public-a-toujours-les-faveurs-des-tunisiens","status":"publish","type":"post","link":"https:\/\/linitiative.ca\/International\/malgre-les-greves-lenseignement-public-a-toujours-les-faveurs-des-tunisiens\/","title":{"rendered":"Malgr\u00e9 les gr\u00e8ves, l&rsquo;enseignement public a toujours les faveurs des Tunisiens"},"content":{"rendered":"<p>Selon une \u00e9tude r\u00e9cente du minist\u00e8re de l\u2019Education, le nombre d\u2019\u00e9coles primaires en Tunisie a tripl\u00e9 en l\u2019espace de cinq ans atteignant 566 \u00e9tablissements fr\u00e9quent\u00e9s par 90.000 \u00e9l\u00e8ves sur un total de 1.177.673 \u00e9l\u00e8ves alors que le nombre d\u2019enseignants qui y exerce a atteint 8769. Au niveau des gouvernements, c\u2019est Ben Arous qui occupe la premi\u00e8re place avec 59 \u00e9tablissements suivi du gouvernorat de l\u2019Ariana qui en compte 53 alors que Tataouine ne compte qu\u2019une seule \u00e9cole priv\u00e9e.<\/p>\n<p>Concernant les coll\u00e8ges et les lyc\u00e9es priv\u00e9s, ils sont fr\u00e9quent\u00e9s par 80.000 \u00e9l\u00e8ves r\u00e9partis entre 415 \u00e9tablissements alors que le nombre des enseignants qui y exercent\u00a0 s\u2019\u00e9l\u00e8ve \u00e0 12.000.<\/p>\n<p>Au niveau des\u00a0 gouvernorats, c\u2019est Tunis I qui abrite le plus grand nombre d\u2019\u00e9tablissements, soit 39, suivie de Nabeul avec 29 \u00e9tablissements priv\u00e9s. N\u00e9anmoins, malgr\u00e9 les\u00a0 gr\u00e8ves \u00e0 r\u00e9p\u00e9tition que ce secteur a connues, les \u00e9tablissements priv\u00e9s n\u2019absorbent que 7,86 %\u00a0 de la population scolaire tous niveaux confondus que 2.174.000 \u00e9l\u00e8ves.\u00a0\u00a0<\/p>\n<p>Auteur:<br \/>\n<a href=\"https:\/\/www.leaders.com.tn\/article\/28684-malgre-les-greves-l-enseignement-public-a-toujours-les-faveurs-des-tunisiens\">Cliquez ici pour lire l&rsquo;article depuis sa source.<\/a><\/p>\n","protected":false},"excerpt":{"rendered":"<p>Selon une \u00e9tude r\u00e9cente du minist\u00e8re de l\u2019Education, le nombre d\u2019\u00e9coles primaires en Tunisie a tripl\u00e9 en l\u2019espace de cinq ans atteignant 566 \u00e9tablissements fr\u00e9quent\u00e9s par 90.000 \u00e9l\u00e8ves sur un total de 1.177.673 \u00e9l\u00e8ves alors que le nombre d\u2019enseignants qui y exerce a atteint 8769. Au niveau des gouvernements, c\u2019est Ben Arous qui occupe la [&hellip;]<\/p>\n","protected":false},"author":1772,"featured_media":0,"comment_status":"closed","ping_status":"closed","sticky":false,"template":"","format":"standard","meta":{"fifu_image_url":"","fifu_image_alt":"","footnotes":""},"categories":[73,55],"tags":[],"class_list":["post-70735","post","type-post","status-publish","format-standard","hentry","category-actualite","category-tunisie"],"_links":{"self":[{"href":"https:\/\/linitiative.ca\/International\/wp-json\/wp\/v2\/posts\/70735","targetHints":{"allow":["GET"]}}],"collection":[{"href":"https:\/\/linitiative.ca\/International\/wp-json\/wp\/v2\/posts"}],"about":[{"href":"https:\/\/linitiative.ca\/International\/wp-json\/wp\/v2\/types\/post"}],"author":[{"embeddable":true,"href":"https:\/\/linitiative.ca\/International\/wp-json\/wp\/v2\/users\/1772"}],"replies":[{"embeddable":true,"href":"https:\/\/linitiative.ca\/International\/wp-json\/wp\/v2\/comments?post=70735"}],"version-history":[{"count":0,"href":"https:\/\/linitiative.ca\/International\/wp-json\/wp\/v2\/posts\/70735\/revisions"}],"wp:attachment":[{"href":"https:\/\/linitiative.ca\/International\/wp-json\/wp\/v2\/media?parent=70735"}],"wp:term":[{"taxonomy":"category","embeddable":true,"href":"https:\/\/linitiative.ca\/International\/wp-json\/wp\/v2\/categories?post=70735"},{"taxonomy":"post_tag","embeddable":true,"href":"https:\/\/linitiative.ca\/International\/wp-json\/wp\/v2\/tags?post=70735"}],"curies":[{"name":"wp","href":"https:\/\/api.w.org\/{rel}","templated":true}]}}