{"id":70736,"date":"2019-12-19T05:00:00","date_gmt":"2019-12-19T10:00:00","guid":{"rendered":"https:\/\/linitiative.ca\/International\/les-gilets-jaunes-et-nous\/"},"modified":"2019-12-19T05:00:00","modified_gmt":"2019-12-19T10:00:00","slug":"les-gilets-jaunes-et-nous","status":"publish","type":"post","link":"https:\/\/linitiative.ca\/International\/les-gilets-jaunes-et-nous\/","title":{"rendered":"Les gilets jaunes et nous"},"content":{"rendered":"<p class=\"c3\">Ce n\u2019est pas la premi\u00e8re fois que les Alg\u00e9riens s\u2019invitent dans les d\u00e9bats franco-fran\u00e7ais. Les raisons, on les conna\u00eet trop suffisamment pour s\u2019y appesantir. On ne refait ni l\u2019histoire, ni la g\u00e9ographie. Bien s\u00fbr, la sociologie des Alg\u00e9riens de France a chang\u00e9 et a connu ses grandes mutations, parfois jusqu\u2019\u00e0 la rupture. Pour autant, le discours, les r\u00e9flexes et le regard, d\u2019ici, n\u2019ont pas toujours \u00e9t\u00e9 du niveau des \u00e9volutions en la mati\u00e8re. Celle-ci d\u2019abord : l\u2019immense majorit\u00e9 des femmes, hommes et enfants r\u00e9unis dans le vocable de communaut\u00e9 nationale de l\u2019Hexagone sont (aussi) des\u2026 Fran\u00e7ais \u00e0 part enti\u00e8re. Qu\u2019on ne s\u2019y m\u00e9prenne pas pour autant. Dans des proportions difficilement ma\u00eetrisables du fait que cela tient essentiellement de parcours individuels et, partant, de facteurs subjectifs, la nationalit\u00e9 \u00abadministrative\u00bb ne d\u00e9termine pas toujours le rapport entretenu par le \u00ab Franco-alg\u00e9rien, \u00e0 moins que ce ne soit l\u2019Alg\u00e9ro-fran\u00e7ais avec le pays de ses origines. Toujours est-il, qu\u2019il n\u2019y a pas un seul Alg\u00e9rien d\u2019ici qui n\u2019a pas de lien filial ou d\u2019une autre nature avec un ou plusieurs Alg\u00e9riens de l\u00e0-bas. Et quand on y ajoute la culture, la langue, le volume et la fr\u00e9quence des d\u00e9placements et parfois les int\u00e9r\u00eats, on comprend mieux. Tout ce qui se passe en France est suivi avec int\u00e9r\u00eat ici, surtout que les nouveaux m\u00e9dias facilitent grandement les choses. Les t\u00e9l\u00e9visions fran\u00e7aises pour l\u2019exemple sont devenues une consommation courante dans tous les foyers du pays. Evidemment, il y a une \u00abhi\u00e9rarchie\u00bb des \u00e9v\u00e9nements de France qui suscite l\u2019int\u00e9r\u00eat, parfois jusqu\u2019\u00e0 la passion, des Alg\u00e9riens. Si le foot, les \u00e9lections et les attentats terroristes forment le \u00abpodium\u00bb en la mati\u00e8re, d\u2019autres \u00e9v\u00e9nements sont suivis avec des niveaux d\u2019attention \u00e9videmment diff\u00e9rents. Ainsi, rien n\u2019indiquait que le mouvement de contestation sociale d\u00e9clin\u00e9 sous l\u2019appellation de \u00abgilets jaunes\u00bb allait int\u00e9resser les Alg\u00e9riens au point de \u00abconcurrencer\u00bb d\u00e9sormais l\u2019actualit\u00e9 fran\u00e7aise qui attirait traditionnellement le citoyen alg\u00e9rien. Pourtant, il n\u2019en a pas \u00e9t\u00e9 ainsi depuis le d\u00e9but. C\u2019est quand le Pr\u00e9sident Macron s\u2019est\u2026 invit\u00e9 dans un d\u00e9bat alg\u00e9ro-alg\u00e9rien que l\u2019essentiel de l\u2019int\u00e9r\u00eat est devenu audible sur la sc\u00e8ne publique. Alors, on s\u2019est mis \u00e0 comparer, dans la foul\u00e9e de la col\u00e8re nationale et de celle suscit\u00e9e par une d\u00e9claration d\u2019Emmanuel Macron sur ce qui se passe en Alg\u00e9rie. On a commenc\u00e9 par lui dire de \u00abs\u2019occuper de ses gilets jaunes\u00bb. Le Hirak a ensuite fait son fier parall\u00e8le entre la \u00absilmia\u00bb sereine et apais\u00e9e du mouvement populaire et les d\u00e9bordements violents des ultras fran\u00e7ais. Le pouvoir, lui, a pris les choses autrement en m\u00e9langeant tout : la\u00a0 police fran\u00e7aise serait bien plus r\u00e9pressive dans sa gestion de la foule que la n\u00f4tre qui n\u2019aurait fait que \u00abs\u00e9curiser\u00bb les manifestations, l\u2019Alg\u00e9rie n\u2019aurait plus de \u00able\u00e7ons \u00e0 recevoir en mati\u00e8re des droits de l\u2019Homme\u00bb et la d\u00e9mocratie des grandes puissances comme la France ne serait finalement qu\u2019une vue de l\u2019esprit. Les Alg\u00e9riens s\u2019invitent toujours dans les d\u00e9bats franco-fran\u00e7ais. Et quand ce n\u2019est pas la communaut\u00e9 alg\u00e9rienne dans toutes ses nuances qui y contribuent, ce sont les parall\u00e8les, m\u00eame quand ils sont difficiles \u00e0 saisir.<br \/><em><strong>S. L.<\/strong><\/em><\/p>\n<p>Auteur:<br \/>\n<a href=\"https:\/\/www.lesoirdalgerie.com\/constances\/les-gilets-jaunes-et-nous-35588\">Cliquez ici pour lire l&rsquo;article depuis sa source.<\/a><\/p>\n","protected":false},"excerpt":{"rendered":"<p>Ce n\u2019est pas la premi\u00e8re fois que les Alg\u00e9riens s\u2019invitent dans les d\u00e9bats franco-fran\u00e7ais. Les raisons, on les conna\u00eet trop suffisamment pour s\u2019y appesantir. On ne refait ni l\u2019histoire, ni la g\u00e9ographie. Bien s\u00fbr, la sociologie des Alg\u00e9riens de France a chang\u00e9 et a connu ses grandes mutations, parfois jusqu\u2019\u00e0 la rupture. Pour autant, le [&hellip;]<\/p>\n","protected":false},"author":1741,"featured_media":0,"comment_status":"closed","ping_status":"closed","sticky":false,"template":"","format":"standard","meta":{"fifu_image_url":"","fifu_image_alt":"","footnotes":""},"categories":[73,53],"tags":[],"class_list":["post-70736","post","type-post","status-publish","format-standard","hentry","category-actualite","category-algerie"],"_links":{"self":[{"href":"https:\/\/linitiative.ca\/International\/wp-json\/wp\/v2\/posts\/70736","targetHints":{"allow":["GET"]}}],"collection":[{"href":"https:\/\/linitiative.ca\/International\/wp-json\/wp\/v2\/posts"}],"about":[{"href":"https:\/\/linitiative.ca\/International\/wp-json\/wp\/v2\/types\/post"}],"author":[{"embeddable":true,"href":"https:\/\/linitiative.ca\/International\/wp-json\/wp\/v2\/users\/1741"}],"replies":[{"embeddable":true,"href":"https:\/\/linitiative.ca\/International\/wp-json\/wp\/v2\/comments?post=70736"}],"version-history":[{"count":0,"href":"https:\/\/linitiative.ca\/International\/wp-json\/wp\/v2\/posts\/70736\/revisions"}],"wp:attachment":[{"href":"https:\/\/linitiative.ca\/International\/wp-json\/wp\/v2\/media?parent=70736"}],"wp:term":[{"taxonomy":"category","embeddable":true,"href":"https:\/\/linitiative.ca\/International\/wp-json\/wp\/v2\/categories?post=70736"},{"taxonomy":"post_tag","embeddable":true,"href":"https:\/\/linitiative.ca\/International\/wp-json\/wp\/v2\/tags?post=70736"}],"curies":[{"name":"wp","href":"https:\/\/api.w.org\/{rel}","templated":true}]}}