{"id":70741,"date":"2019-12-19T12:30:13","date_gmt":"2019-12-19T17:30:13","guid":{"rendered":"https:\/\/linitiative.ca\/International\/el-otmani-souligne-a-paris-lexcellence-des-relations-entre-le-maroc-et-la-france\/"},"modified":"2019-12-19T12:30:13","modified_gmt":"2019-12-19T17:30:13","slug":"el-otmani-souligne-a-paris-lexcellence-des-relations-entre-le-maroc-et-la-france","status":"publish","type":"post","link":"https:\/\/linitiative.ca\/International\/el-otmani-souligne-a-paris-lexcellence-des-relations-entre-le-maroc-et-la-france\/","title":{"rendered":"El Otmani souligne \u00e0 Paris l\u2019excellence des relations entre le Maroc et la France"},"content":{"rendered":"<p><strong>Pour le chef du gouvernement, le partenariat d\u2019exception entre le Maroc et la France est port\u00e9 par les deux Chefs d\u2019Etat qui ne cessent d\u2019affirmer leur volont\u00e9 commune de le hisser \u00e0 un niveau d\u2019excellence.<\/strong><\/p>\n<div class=\"c10\"\/>\n<p>Les relations entre le Maroc et la France sont excellentes et empreintes d\u2019amiti\u00e9, de coop\u00e9ration et de respect mutuel, a affirm\u00e9, jeudi \u00e0 Paris, le chef du gouvernement, <strong>Sa\u00e2deddine El Otmani<\/strong>, qui a soulign\u00e9 la convergence de vues entre les deux pays sur plusieurs questions d\u2019int\u00e9r\u00eat commun.<\/p>\n<p>Le chef du gouvernement, qui co-pr\u00e9sidait avec le premier ministre fran\u00e7ais Edouard Philippe la <strong>14\u00e8me Rencontre de haut niveau<\/strong> (RHN), a relev\u00e9 dans une allocution lors de la s\u00e9ance pl\u00e9ni\u00e8re que les relations entre le Royaume du Maroc et la R\u00e9publique fran\u00e7aise \u00ab\u00a0reposent sur des dimensions historiques, culturelles, et humaines\u00a0\u00bb dont \u00ab\u00a0nous nous devons d\u2019en pr\u00e9server le caract\u00e8re singulier et exceptionnel et de continuer \u00e0 le consolider\u00a0\u00bb.<\/p>\n<div class=\"wp-block-embed__wrapper\"><iframe loading=\"lazy\" title=\"Service D\u00e9sactivation\/R\u00e9activation de la carte mon\u00e9tique - Chaabi Net\" width=\"1140\" height=\"641\" src=\"https:\/\/www.youtube.com\/embed\/ZWia2opt630?feature=oembed\" frameborder=\"0\" allow=\"accelerometer; autoplay; encrypted-media; gyroscope; picture-in-picture\" allowfullscreen=\"\">[embedded content]<\/iframe><\/div>\n<p>Pour Sa\u00e2deddine El Otmani El Otmani, cette nouvelle session de la RHN est \u00ab\u00a0une occasion pour affirmer, encore une fois, la nature singuli\u00e8re de l\u2019amiti\u00e9 ind\u00e9fectible et du respect mutuel qui a toujours entour\u00e9 et marqu\u00e9 les relations bilat\u00e9rales entre les deux pays\u00a0\u00bb, mettant en avant la \u00ab\u00a0convergence de vues entre le Royaume du <strong>Maroc<\/strong> et de la R\u00e9publique fran\u00e7aise, \u00e0 l\u2019\u00e9gard de plusieurs questions d\u2019int\u00e9r\u00eat commun, qui renforce le socle de ce partenariat privil\u00e9gi\u00e9 qui gagne en profondeur, en intensit\u00e9 et densit\u00e9 \u00e0 m\u00eame d\u2019en faire une r\u00e9f\u00e9rence \u00e0 l\u2019\u00e9chelle r\u00e9gionale\u00a0\u00bb.<\/p>\n<blockquote class=\"twitter-tweet\">\n<p dir=\"rtl\" lang=\"und\"><a href=\"https:\/\/twitter.com\/hashtag\/MapActu?src=hash&#038;ref_src=twsrc%5Etfw\">#MapActu<\/a><\/p>\n<p>\u0628\u0627\u0631\u064a\u0633 .. \u0627\u0641\u062a\u062a\u0627\u062d \u0623\u0634\u063a\u0627\u0644 \u0627\u0644\u0627\u062c\u062a\u0645\u0627\u0639 \u0627\u0644\u0631\u0627\u0628\u0639 \u0639\u0634\u0631 \u0631\u0641\u064a\u0639 \u0627\u0644\u0645\u0633\u062a\u0648\u0649 \u0628\u064a\u0646 \u0627\u0644\u0645\u063a\u0631\u0628 \u0648\u0641\u0631\u0646\u0633\u0627<\/p>\n<p>Ouverture \u00e0 Paris de la 14\u00e8me Rencontre de Haut niveau France-Maroc <a href=\"https:\/\/t.co\/GSa7NUW2bV\">pic.twitter.com\/GSa7NUW2bV<\/a><\/p>\n<p>\u2014 Agence MAP (@MAP_Information) <a href=\"https:\/\/twitter.com\/MAP_Information\/status\/1207627078004293632?ref_src=twsrc%5Etfw\">December 19, 2019<\/a><\/p><\/blockquote>\n<p>Le partenariat d\u2019exception entre le Maroc et la <strong>France<\/strong> est port\u00e9 par les deux Chefs d\u2019Etat qui ne cessent d\u2019affirmer leur volont\u00e9 commune de le hisser \u00e0 un niveau d\u2019excellence et de continuer \u00e0 en faire la r\u00e9f\u00e9rence \u00e0 l\u2019\u00e9chelle euro-africaine et euro-m\u00e9diterran\u00e9enne, a ajout\u00e9 le chef du gouvernement.<\/p>\n<div class=\"c17\">\n<fieldset class=\"c16\">\n<legend><strong><span class=\"c11\">Challenge<\/span><span class=\"c12\">news<\/span><\/strong><\/legend>\n<div class=\"c15\">Le meilleur de Challenge s\u00e9lectionn\u00e9 par la r\u00e9daction :<\/p>\n<\/div>\n<\/fieldset>\n<\/div>\n<p>Auteur: challenge<br \/>\n<a href=\"https:\/\/www.challenge.ma\/el-otmani-souligne-a-paris-lexcellence-des-relations-entre-le-maroc-et-la-france-126135\/\">Cliquez ici pour lire l&rsquo;article depuis sa source.<\/a><\/p>\n","protected":false},"excerpt":{"rendered":"<p>Pour le chef du gouvernement, le partenariat d\u2019exception entre le Maroc et la France est port\u00e9 par les deux Chefs d\u2019Etat qui ne cessent d\u2019affirmer leur volont\u00e9 commune de le hisser \u00e0 un niveau d\u2019excellence. Les relations entre le Maroc et la France sont excellentes et empreintes d\u2019amiti\u00e9, de coop\u00e9ration et de respect mutuel, a [&hellip;]<\/p>\n","protected":false},"author":1787,"featured_media":0,"comment_status":"closed","ping_status":"closed","sticky":false,"template":"","format":"standard","meta":{"fifu_image_url":"","fifu_image_alt":"","footnotes":""},"categories":[78,54],"tags":[],"class_list":["post-70741","post","type-post","status-publish","format-standard","hentry","category-economie","category-maroc"],"_links":{"self":[{"href":"https:\/\/linitiative.ca\/International\/wp-json\/wp\/v2\/posts\/70741","targetHints":{"allow":["GET"]}}],"collection":[{"href":"https:\/\/linitiative.ca\/International\/wp-json\/wp\/v2\/posts"}],"about":[{"href":"https:\/\/linitiative.ca\/International\/wp-json\/wp\/v2\/types\/post"}],"author":[{"embeddable":true,"href":"https:\/\/linitiative.ca\/International\/wp-json\/wp\/v2\/users\/1787"}],"replies":[{"embeddable":true,"href":"https:\/\/linitiative.ca\/International\/wp-json\/wp\/v2\/comments?post=70741"}],"version-history":[{"count":0,"href":"https:\/\/linitiative.ca\/International\/wp-json\/wp\/v2\/posts\/70741\/revisions"}],"wp:attachment":[{"href":"https:\/\/linitiative.ca\/International\/wp-json\/wp\/v2\/media?parent=70741"}],"wp:term":[{"taxonomy":"category","embeddable":true,"href":"https:\/\/linitiative.ca\/International\/wp-json\/wp\/v2\/categories?post=70741"},{"taxonomy":"post_tag","embeddable":true,"href":"https:\/\/linitiative.ca\/International\/wp-json\/wp\/v2\/tags?post=70741"}],"curies":[{"name":"wp","href":"https:\/\/api.w.org\/{rel}","templated":true}]}}