{"id":70743,"date":"2019-12-19T13:35:23","date_gmt":"2019-12-19T18:35:23","guid":{"rendered":"https:\/\/linitiative.ca\/International\/tunisie-comment-doit-on-comprendre-la-visite-de-kais-saied-a-la-caserne-des-forces-speciales-surtout-dans-la-foulee-de-son-dernier-discours\/"},"modified":"2019-12-19T13:35:23","modified_gmt":"2019-12-19T18:35:23","slug":"tunisie-comment-doit-on-comprendre-la-visite-de-kais-saied-a-la-caserne-des-forces-speciales-surtout-dans-la-foulee-de-son-dernier-discours","status":"publish","type":"post","link":"https:\/\/linitiative.ca\/International\/tunisie-comment-doit-on-comprendre-la-visite-de-kais-saied-a-la-caserne-des-forces-speciales-surtout-dans-la-foulee-de-son-dernier-discours\/","title":{"rendered":"Tunisie \u2013 Comment doit-on comprendre la visite de Ka\u00efs Sa\u00efed \u00e0 la caserne des forces sp\u00e9ciales, surtout dans la foul\u00e9e de son dernier discours\u00a0?"},"content":{"rendered":"<div class=\"post-cont-in left relative\">\n<div class=\"swp_social_panel swp_horizontal_panel swp_flat_fresh swp_default_full_color swp_individual_full_color swp_other_full_color scale-100 scale-\" data-min-width=\"1100\" data-float-color=\"#ffffff\" data-float=\"none\" data-float-mobile=\"none\" data-transition=\"slide\">\n<div class=\"nc_tweetContainer swp_share_button total_shares total_sharesalt\"><span class=\"swp_count\">53 <span class=\"swp_label\">Partages<\/span><\/span><\/div>\n<\/div>\n<p>Ka\u00efs Sa\u00efed s\u2019est rendu, ce jeudi, dans la r\u00e9gion de Bizerte, pour une visite d\u2019inspection de la caserne du bataillon des forces sp\u00e9ciales de l\u2019arm\u00e9e nationale. Une visite de premi\u00e8re importance, parait-il, puisque Sa\u00efed a pr\u00e9f\u00e9r\u00e9 y aller, plut\u00f4t que d\u2019assister \u00e0 l\u2019investiture de son homologue alg\u00e9rien.<\/p>\n<div class=\"code-block code-block-1 c3\"><ins class=\"adsbygoogle c2\" data-ad-layout=\"in-article\" data-ad-format=\"fluid\" data-ad-client=\"ca-pub-2102118777505746\" data-ad-slot=\"7301775417\"\/> <\/div>\n<p>Cette visite aurait pu s\u2019inscrire, le plus simplement du monde, dans le cadre des activit\u00e9s et des pr\u00e9rogatives normales du pr\u00e9sident de la R\u00e9publique, en sa qualit\u00e9 de chef supr\u00eame des forces arm\u00e9es.<\/p>\n<p>Mais quand on remet cette visite dans son contexte, elle pourrait avoir une toute autre signification.<\/p>\n<p>En effet, pas plus tard qu\u2019il y a deux jours, le pr\u00e9sident de la R\u00e9publique a annonc\u00e9 aux citoyens de Sidi Bouzid, qu\u2019il y avait des complots qui se tramaient contre lui et contre le peuple, demandant\u00a0 aux citoyenx de s\u2019y opposer et jurant que la r\u00e9ponse \u00e0 ces menaces allait \u00eatre assimilable \u00e0 un s\u00e9isme.<\/p>\n<p>De ce fait, cette visite \u00e0 la caserne du corps d\u2019\u00e9lite de l\u2019arm\u00e9e, pourrait \u00eatre comprise comme \u00e9tant un message \u00e0 ses ennemis et une fa\u00e7on de r\u00e9pondre aux menaces, en s\u2019affirmant comme \u00e9tant celui qui ma\u00eetrise et commande l\u2019arm\u00e9e.<\/p>\n<p><strong>Que se passe-t-il en Tunisie?<\/strong><br \/>Nous expliquons sur notre <a href=\"https:\/\/www.youtube.com\/channel\/UCRzypVq0B_yBad5eGrwBx0Q?sub_confirmation=1\" target=\"_blank\" rel=\"noopener noreferrer\">cha\u00eene YouTube<\/a> . <a href=\"https:\/\/www.youtube.com\/channel\/UCRzypVq0B_yBad5eGrwBx0Q?sub_confirmation=1\" target=\"_blank\" rel=\"noopener noreferrer\">Abonnez-vous!<\/a><\/p>\n<div class=\"mvp-org-wrap mvp-org-logo\" itemprop=\"publisher\" itemscope=\"\" itemtype=\"https:\/\/schema.org\/Organization\"><img decoding=\"async\" src=\"https:\/\/www.tunisienumerique.com\/wp-content\/uploads\/2017\/02\/logo_tunisie_numerique.png\"\/><\/div>\n<div class=\"swp_social_panel swp_horizontal_panel swp_flat_fresh swp_default_full_color swp_individual_full_color swp_other_full_color scale-100 scale-\" data-min-width=\"1100\" data-float-color=\"#ffffff\" data-float=\"none\" data-float-mobile=\"none\" data-transition=\"slide\">\n<div class=\"nc_tweetContainer swp_share_button total_shares total_sharesalt\"><span class=\"swp_count\">53 <span class=\"swp_label\">Partages<\/span><\/span><\/div>\n<\/div>\n<div class=\"mvp-related-posts left relative\">\n<h4 class=\"post-header\"><span class=\"post-header\">Lire aussi<\/span><\/h4>\n<\/div>\n<\/div>\n<p>Auteur: Saber .<br \/>\n<a href=\"https:\/\/www.tunisienumerique.com\/tunisie-comment-doit-on-comprendre-la-visite-de-kais-saied-a-la-caserne-des-forces-speciales-surtout-dans-la-foulee-de-son-dernier-discours\/\">Cliquez ici pour lire l&rsquo;article depuis sa source.<\/a><\/p>\n","protected":false},"excerpt":{"rendered":"<p>53 Partages Ka\u00efs Sa\u00efed s\u2019est rendu, ce jeudi, dans la r\u00e9gion de Bizerte, pour une visite d\u2019inspection de la caserne du bataillon des forces sp\u00e9ciales de l\u2019arm\u00e9e nationale. Une visite de premi\u00e8re importance, parait-il, puisque Sa\u00efed a pr\u00e9f\u00e9r\u00e9 y aller, plut\u00f4t que d\u2019assister \u00e0 l\u2019investiture de son homologue alg\u00e9rien. Cette visite aurait pu s\u2019inscrire, le [&hellip;]<\/p>\n","protected":false},"author":1789,"featured_media":70744,"comment_status":"closed","ping_status":"closed","sticky":false,"template":"","format":"standard","meta":{"fifu_image_url":"","fifu_image_alt":"","footnotes":""},"categories":[73,55],"tags":[],"class_list":["post-70743","post","type-post","status-publish","format-standard","has-post-thumbnail","hentry","category-actualite","category-tunisie"],"_links":{"self":[{"href":"https:\/\/linitiative.ca\/International\/wp-json\/wp\/v2\/posts\/70743","targetHints":{"allow":["GET"]}}],"collection":[{"href":"https:\/\/linitiative.ca\/International\/wp-json\/wp\/v2\/posts"}],"about":[{"href":"https:\/\/linitiative.ca\/International\/wp-json\/wp\/v2\/types\/post"}],"author":[{"embeddable":true,"href":"https:\/\/linitiative.ca\/International\/wp-json\/wp\/v2\/users\/1789"}],"replies":[{"embeddable":true,"href":"https:\/\/linitiative.ca\/International\/wp-json\/wp\/v2\/comments?post=70743"}],"version-history":[{"count":0,"href":"https:\/\/linitiative.ca\/International\/wp-json\/wp\/v2\/posts\/70743\/revisions"}],"wp:featuredmedia":[{"embeddable":true,"href":"https:\/\/linitiative.ca\/International\/wp-json\/"}],"wp:attachment":[{"href":"https:\/\/linitiative.ca\/International\/wp-json\/wp\/v2\/media?parent=70743"}],"wp:term":[{"taxonomy":"category","embeddable":true,"href":"https:\/\/linitiative.ca\/International\/wp-json\/wp\/v2\/categories?post=70743"},{"taxonomy":"post_tag","embeddable":true,"href":"https:\/\/linitiative.ca\/International\/wp-json\/wp\/v2\/tags?post=70743"}],"curies":[{"name":"wp","href":"https:\/\/api.w.org\/{rel}","templated":true}]}}