{"id":70745,"date":"2019-12-19T13:55:19","date_gmt":"2019-12-19T18:55:19","guid":{"rendered":"https:\/\/linitiative.ca\/International\/tunisie-un-directeur-decole-primaire-emprisonne-accuse-davoir-violente-un-eleve\/"},"modified":"2019-12-19T13:55:19","modified_gmt":"2019-12-19T18:55:19","slug":"tunisie-un-directeur-decole-primaire-emprisonne-accuse-davoir-violente-un-eleve","status":"publish","type":"post","link":"https:\/\/linitiative.ca\/International\/tunisie-un-directeur-decole-primaire-emprisonne-accuse-davoir-violente-un-eleve\/","title":{"rendered":"Tunisie \u2013 Un directeur d\u2019\u00e9cole primaire emprisonn\u00e9 accus\u00e9 d\u2019avoir violent\u00e9 un \u00e9l\u00e8ve"},"content":{"rendered":"<div class=\"post-cont-in left relative\">\n<div class=\"swp_social_panel swp_horizontal_panel swp_flat_fresh swp_default_full_color swp_individual_full_color swp_other_full_color scale-100 scale-\" data-min-width=\"1100\" data-float-color=\"#ffffff\" data-float=\"none\" data-float-mobile=\"none\" data-transition=\"slide\">\n<div class=\"nc_tweetContainer swp_share_button total_shares total_sharesalt\"><span class=\"swp_count\">30 <span class=\"swp_label\">Partages<\/span><\/span><\/div>\n<\/div>\n<p>Les membres du syndicat de base des enseignants du gouvernorat de la Manouba observent, depuis hier, un sit in au sein des locaux de la d\u00e9l\u00e9gation r\u00e9gionale de l\u2019\u00e9ducation \u00e0 La Manouba. Et ce, pour protester contre le mandat de d\u00e9p\u00f4t en prison, \u00e9mis \u00e0 l\u2019encontre d\u2019un directeur d\u2019\u00e9cole, par le tribunal de La Manouba, apr\u00e8s qu\u2019il ait \u00e9t\u00e9 accus\u00e9 de violence sur un \u00e9l\u00e8ve.<\/p>\n<div class=\"code-block code-block-1 c3\"><ins class=\"adsbygoogle c2\" data-ad-layout=\"in-article\" data-ad-format=\"fluid\" data-ad-client=\"ca-pub-2102118777505746\" data-ad-slot=\"7301775417\"\/> <\/div>\n<p>Le directeur de l\u2019\u00e9cole primaire Chaker 1, \u00e0 Douar Hicher, a \u00e9t\u00e9 surpris\u00a0par l\u2019\u00e9mission d\u2019un mandat de d\u00e9p\u00f4t en prison \u00e0 son encontre. Il\u00a0a annonc\u00e9 avoir convoqu\u00e9 les parents de huit \u00e9l\u00e8ves de son \u00e9tablissement, pour les bl\u00e2mer, apr\u00e8s qu\u2019ils aient jet\u00e9 des \u0153ufs et de la farine sur leurs camarades.<\/p>\n<p>Or, quelques jours apr\u00e8s, il a\u00a0\u00e9t\u00e9 convoqu\u00e9 au poste de la garde nationale, suite \u00e0 une plainte d\u00e9pos\u00e9e contre lui, par la m\u00e8re d\u2019un des \u00e9l\u00e8ves en question, qui l\u2019accusait d\u2019avoir violent\u00e9 son fils, certificat m\u00e9dical \u00e0 l\u2019appui. Le directeur s\u2019est d\u00e9fendu d\u2019avoir touch\u00e9 \u00e0 l\u2019\u00e9l\u00e8ve, assurant que l\u2019enfant a, en effet, \u00e9t\u00e9 agress\u00e9 par ses parents apr\u00e8s qu\u2019il ait obtenu de mauvaises notes \u00e0 l\u2019examen de fin du premier trimestre.<\/p>\n<p>Mais il parait que le directeur n\u2019a pas \u00e9t\u00e9 assez convainquant et le juge a d\u00e9cid\u00e9 de le poursuivre, quand m\u00eame, pour violence sur mineur. Pourtant, selon les t\u00e9moignages de ses coll\u00e8gues, l\u2019homme\u00a0\u00a0\u00a0 en question est connu pour sa gentillesse et sa correction.<\/p>\n<p>Les syndicalistes ont entam\u00e9 un sit-in en solidarit\u00e9 avec leur coll\u00e8gue, devant cette injustice et l\u2019atteinte port\u00e9e au corps enseignant. Ils promettent de passer \u00e0 d\u2019autres formes de protestation.<\/p>\n<p><strong>Que se passe-t-il en Tunisie?<\/strong><br \/>Nous expliquons sur notre <a href=\"https:\/\/www.youtube.com\/channel\/UCRzypVq0B_yBad5eGrwBx0Q?sub_confirmation=1\" target=\"_blank\" rel=\"noopener noreferrer\">cha\u00eene YouTube<\/a> . <a href=\"https:\/\/www.youtube.com\/channel\/UCRzypVq0B_yBad5eGrwBx0Q?sub_confirmation=1\" target=\"_blank\" rel=\"noopener noreferrer\">Abonnez-vous!<\/a><\/p>\n<div class=\"mvp-org-wrap mvp-org-logo\" itemprop=\"publisher\" itemscope=\"\" itemtype=\"https:\/\/schema.org\/Organization\"><img decoding=\"async\" src=\"https:\/\/www.tunisienumerique.com\/wp-content\/uploads\/2017\/02\/logo_tunisie_numerique.png\"\/><\/div>\n<div class=\"swp_social_panel swp_horizontal_panel swp_flat_fresh swp_default_full_color swp_individual_full_color swp_other_full_color scale-100 scale-\" data-min-width=\"1100\" data-float-color=\"#ffffff\" data-float=\"none\" data-float-mobile=\"none\" data-transition=\"slide\">\n<div class=\"nc_tweetContainer swp_share_button total_shares total_sharesalt\"><span class=\"swp_count\">30 <span class=\"swp_label\">Partages<\/span><\/span><\/div>\n<\/div>\n<div class=\"mvp-related-posts left relative\">\n<h4 class=\"post-header\"><span class=\"post-header\">Lire aussi<\/span><\/h4>\n<\/div>\n<\/div>\n<p>Auteur: LM<br \/>\n<a href=\"https:\/\/www.tunisienumerique.com\/tunisie-un-directeur-decole-primaire-emprisonne-accuse-davoir-violente-un-eleve\/\">Cliquez ici pour lire l&rsquo;article depuis sa source.<\/a><\/p>\n","protected":false},"excerpt":{"rendered":"<p>30 Partages Les membres du syndicat de base des enseignants du gouvernorat de la Manouba observent, depuis hier, un sit in au sein des locaux de la d\u00e9l\u00e9gation r\u00e9gionale de l\u2019\u00e9ducation \u00e0 La Manouba. Et ce, pour protester contre le mandat de d\u00e9p\u00f4t en prison, \u00e9mis \u00e0 l\u2019encontre d\u2019un directeur d\u2019\u00e9cole, par le tribunal de [&hellip;]<\/p>\n","protected":false},"author":1789,"featured_media":70746,"comment_status":"closed","ping_status":"closed","sticky":false,"template":"","format":"standard","meta":{"fifu_image_url":"","fifu_image_alt":"","footnotes":""},"categories":[73,55],"tags":[],"class_list":["post-70745","post","type-post","status-publish","format-standard","has-post-thumbnail","hentry","category-actualite","category-tunisie"],"_links":{"self":[{"href":"https:\/\/linitiative.ca\/International\/wp-json\/wp\/v2\/posts\/70745","targetHints":{"allow":["GET"]}}],"collection":[{"href":"https:\/\/linitiative.ca\/International\/wp-json\/wp\/v2\/posts"}],"about":[{"href":"https:\/\/linitiative.ca\/International\/wp-json\/wp\/v2\/types\/post"}],"author":[{"embeddable":true,"href":"https:\/\/linitiative.ca\/International\/wp-json\/wp\/v2\/users\/1789"}],"replies":[{"embeddable":true,"href":"https:\/\/linitiative.ca\/International\/wp-json\/wp\/v2\/comments?post=70745"}],"version-history":[{"count":0,"href":"https:\/\/linitiative.ca\/International\/wp-json\/wp\/v2\/posts\/70745\/revisions"}],"wp:featuredmedia":[{"embeddable":true,"href":"https:\/\/linitiative.ca\/International\/wp-json\/"}],"wp:attachment":[{"href":"https:\/\/linitiative.ca\/International\/wp-json\/wp\/v2\/media?parent=70745"}],"wp:term":[{"taxonomy":"category","embeddable":true,"href":"https:\/\/linitiative.ca\/International\/wp-json\/wp\/v2\/categories?post=70745"},{"taxonomy":"post_tag","embeddable":true,"href":"https:\/\/linitiative.ca\/International\/wp-json\/wp\/v2\/tags?post=70745"}],"curies":[{"name":"wp","href":"https:\/\/api.w.org\/{rel}","templated":true}]}}