{"id":70747,"date":"2019-12-19T14:08:48","date_gmt":"2019-12-19T19:08:48","guid":{"rendered":"https:\/\/linitiative.ca\/International\/tunisie-imed-trablesi-porte-plainte-contre-le-ministre-de-la-justice-et-le-charge-du-contentieux-de-letat\/"},"modified":"2019-12-19T14:08:48","modified_gmt":"2019-12-19T19:08:48","slug":"tunisie-imed-trablesi-porte-plainte-contre-le-ministre-de-la-justice-et-le-charge-du-contentieux-de-letat","status":"publish","type":"post","link":"https:\/\/linitiative.ca\/International\/tunisie-imed-trablesi-porte-plainte-contre-le-ministre-de-la-justice-et-le-charge-du-contentieux-de-letat\/","title":{"rendered":"Tunisie \u2013 Imed Trablesi porte plainte contre le ministre de la Justice et le charg\u00e9 du contentieux de l\u2019Etat"},"content":{"rendered":"<div class=\"post-cont-in left relative\">\n<div class=\"swp_social_panel swp_horizontal_panel swp_flat_fresh swp_default_full_color swp_individual_full_color swp_other_full_color scale-100 scale-\" data-min-width=\"1100\" data-float-color=\"#ffffff\" data-float=\"none\" data-float-mobile=\"none\" data-transition=\"slide\">\n<div class=\"nc_tweetContainer swp_share_button total_shares total_sharesalt\"><span class=\"swp_count\">26 <span class=\"swp_label\">Partages<\/span><\/span><\/div>\n<\/div>\n<p>Imed Trabelsi, le neveu de Laila Trabelsi, veuve de Zinelabidine Ben Ali, aurait, selon le journal \u00ab\u00a0Al Chourouk\u00a0\u00bb, d\u00e9cid\u00e9 de porter plainte contre le ministre de la Justice et le procureur de la R\u00e9publique, ainsi que contre le charg\u00e9 du contentieux de l\u2019Etat. Et ce, pour avoir refus\u00e9 sa lib\u00e9ration\u00a0 afin qu\u2019il puisse mettre en \u0153uvre les dispositions et s\u2019acquitter de sa dette envers l\u2019Etat, comme stipul\u00e9 par l\u2019accord \u00e9tabli avec l\u2019IVD.<\/p>\n<div class=\"code-block code-block-1 c3\"><ins class=\"adsbygoogle c2\" data-ad-layout=\"in-article\" data-ad-format=\"fluid\" data-ad-client=\"ca-pub-2102118777505746\" data-ad-slot=\"7301775417\"\/> <\/div>\n<p>Pour rappel, Imed Trabelsi est condamn\u00e9 \u00e0 un total de 86 ans de prison, en attendant de r\u00e9gler sa dette envers le service du contentieux de l\u2019Etat, sachant que les accords faits avec l\u2019IVD, lui avaient permis de payer ses dettes en plusieurs versements.<\/p>\n<p><strong>Que se passe-t-il en Tunisie?<\/strong><br \/>Nous expliquons sur notre <a href=\"https:\/\/www.youtube.com\/channel\/UCRzypVq0B_yBad5eGrwBx0Q?sub_confirmation=1\" target=\"_blank\" rel=\"noopener noreferrer\">cha\u00eene YouTube<\/a> . <a href=\"https:\/\/www.youtube.com\/channel\/UCRzypVq0B_yBad5eGrwBx0Q?sub_confirmation=1\" target=\"_blank\" rel=\"noopener noreferrer\">Abonnez-vous!<\/a><\/p>\n<div class=\"mvp-org-wrap mvp-org-logo\" itemprop=\"publisher\" itemscope=\"\" itemtype=\"https:\/\/schema.org\/Organization\"><img decoding=\"async\" src=\"https:\/\/www.tunisienumerique.com\/wp-content\/uploads\/2017\/02\/logo_tunisie_numerique.png\"\/><\/div>\n<div class=\"swp_social_panel swp_horizontal_panel swp_flat_fresh swp_default_full_color swp_individual_full_color swp_other_full_color scale-100 scale-\" data-min-width=\"1100\" data-float-color=\"#ffffff\" data-float=\"none\" data-float-mobile=\"none\" data-transition=\"slide\">\n<div class=\"nc_tweetContainer swp_share_button total_shares total_sharesalt\"><span class=\"swp_count\">26 <span class=\"swp_label\">Partages<\/span><\/span><\/div>\n<\/div>\n<div class=\"mvp-related-posts left relative\">\n<h4 class=\"post-header\"><span class=\"post-header\">Lire aussi<\/span><\/h4>\n<\/div>\n<\/div>\n<p>Auteur: LM<br \/>\n<a href=\"https:\/\/www.tunisienumerique.com\/tunisie-imed-trablesi-porte-plainte-contre-le-ministre-de-la-justice-et-le-charge-du-contentieux-de-letat\/\">Cliquez ici pour lire l&rsquo;article depuis sa source.<\/a><\/p>\n","protected":false},"excerpt":{"rendered":"<p>26 Partages Imed Trabelsi, le neveu de Laila Trabelsi, veuve de Zinelabidine Ben Ali, aurait, selon le journal \u00ab\u00a0Al Chourouk\u00a0\u00bb, d\u00e9cid\u00e9 de porter plainte contre le ministre de la Justice et le procureur de la R\u00e9publique, ainsi que contre le charg\u00e9 du contentieux de l\u2019Etat. Et ce, pour avoir refus\u00e9 sa lib\u00e9ration\u00a0 afin qu\u2019il puisse [&hellip;]<\/p>\n","protected":false},"author":1789,"featured_media":70748,"comment_status":"closed","ping_status":"closed","sticky":false,"template":"","format":"standard","meta":{"fifu_image_url":"","fifu_image_alt":"","footnotes":""},"categories":[73,55],"tags":[],"class_list":["post-70747","post","type-post","status-publish","format-standard","has-post-thumbnail","hentry","category-actualite","category-tunisie"],"_links":{"self":[{"href":"https:\/\/linitiative.ca\/International\/wp-json\/wp\/v2\/posts\/70747","targetHints":{"allow":["GET"]}}],"collection":[{"href":"https:\/\/linitiative.ca\/International\/wp-json\/wp\/v2\/posts"}],"about":[{"href":"https:\/\/linitiative.ca\/International\/wp-json\/wp\/v2\/types\/post"}],"author":[{"embeddable":true,"href":"https:\/\/linitiative.ca\/International\/wp-json\/wp\/v2\/users\/1789"}],"replies":[{"embeddable":true,"href":"https:\/\/linitiative.ca\/International\/wp-json\/wp\/v2\/comments?post=70747"}],"version-history":[{"count":0,"href":"https:\/\/linitiative.ca\/International\/wp-json\/wp\/v2\/posts\/70747\/revisions"}],"wp:featuredmedia":[{"embeddable":true,"href":"https:\/\/linitiative.ca\/International\/wp-json\/"}],"wp:attachment":[{"href":"https:\/\/linitiative.ca\/International\/wp-json\/wp\/v2\/media?parent=70747"}],"wp:term":[{"taxonomy":"category","embeddable":true,"href":"https:\/\/linitiative.ca\/International\/wp-json\/wp\/v2\/categories?post=70747"},{"taxonomy":"post_tag","embeddable":true,"href":"https:\/\/linitiative.ca\/International\/wp-json\/wp\/v2\/tags?post=70747"}],"curies":[{"name":"wp","href":"https:\/\/api.w.org\/{rel}","templated":true}]}}