{"id":70754,"date":"2019-12-19T17:14:03","date_gmt":"2019-12-19T22:14:03","guid":{"rendered":"https:\/\/linitiative.ca\/International\/burkina-maroc-les-axes-de-cooperation-revisites\/"},"modified":"2019-12-19T17:14:03","modified_gmt":"2019-12-19T22:14:03","slug":"burkina-maroc-les-axes-de-cooperation-revisites","status":"publish","type":"post","link":"https:\/\/linitiative.ca\/International\/burkina-maroc-les-axes-de-cooperation-revisites\/","title":{"rendered":"Burkina-Maroc  : les axes de coop\u00e9ration revisit\u00e9s"},"content":{"rendered":"<div class=\"td-post-featured-image\"><a href=\"https:\/\/i1.wp.com\/www.sidwaya.info\/wp-content\/uploads\/2019\/12\/1-37.jpg?fit=595%2C397&#038;ssl=1\" data-caption=\"\"><img loading=\"lazy\" decoding=\"async\" width=\"595\" height=\"397\" class=\"entry-thumb td-modal-image\" src=\"https:\/\/i1.wp.com\/www.sidwaya.info\/wp-content\/uploads\/2019\/12\/1-37.jpg?resize=595%2C397&#038;ssl=1\" srcset=\"https:\/\/i1.wp.com\/www.sidwaya.info\/wp-content\/uploads\/2019\/12\/1-37.jpg?w=595&#038;ssl=1 595w, https:\/\/i1.wp.com\/www.sidwaya.info\/wp-content\/uploads\/2019\/12\/1-37.jpg?resize=300%2C200&#038;ssl=1 300w\" sizes=\"auto, (max-width: 595px) 100vw, 595px\" alt=\"\" title=\"1\"\/><\/a><\/div>\n<p><strong>Le Premier ministre, Christophe Joseph Marie Dabir\u00e9, a re\u00e7u en audience, le jeudi 19 d\u00e9cembre 2019 \u00e0 Ouagadougou, l\u2019ambassadeur du royaume du Maroc au Burkina Faso, Youssef Saloui. Le renforcement de la coop\u00e9ration entre le Royaume Ch\u00e9rifien et le pays des Hommes int\u00e8gres \u00e9tait au centre des \u00e9changes.<\/strong><\/p>\n<p>Les relations diplomatiques entre le Burkina Faso et le Royaume du Maroc sont au beau fixe. Mieux, elles vont se renforcer davantage, de l\u2019avis de son ambassadeur, Youssef Slaoui, qui a \u00e9t\u00e9 re\u00e7u en audience par le Premier ministre, Christophe Joseph Marie Dabir\u00e9. C\u2019\u00e9tait le jeudi 19 d\u00e9cembre 2019 \u00e0 Ouagadougou. En effet, le diplomate marocain a indiqu\u00e9, \u00e0 sa sortie d\u2019audience, avoir \u00e9chang\u00e9 avec le chef de l\u2019ex\u00e9cutif burkinab\u00e8 sur la coop\u00e9ration entre les deux pays et passer en revue leurs actions communes en mati\u00e8re de coop\u00e9ration Sud-Sud.\u00a0\u00ab\u00a0Nous avons r\u00e9affirm\u00e9 notre ferme volont\u00e9 de porter cette coop\u00e9ration plus loin, de l\u2019\u00e9largir \u00e0 d\u2019autres domaines de coop\u00e9ration dans l\u2019int\u00e9r\u00eat des deux pays\u00a0\u00bb, a confi\u00e9 l\u2019ambassadeur marocain. Il a ajout\u00e9 que les \u00e9changes ont aussi port\u00e9 sur les domaines qui int\u00e9ressent les deux pays. Il a cit\u00e9 le domaine de la formation, un des pans de la coop\u00e9ration entre le pays des Hommes int\u00e8gres et le Royaume ch\u00e9rifien. A en croire Youssef Slaoui, l\u2019ambition est de faire des relations entre les deux pays, un exemple de coop\u00e9ration Sud-Sud\u00a0\u00ab\u00a0b\u00e9n\u00e9fique et fructueuse\u00a0\u00bb pour les peuples respectifs. Aussi, des nouvelles perspectives de coop\u00e9ration, a soutenu le diplomate marocain, ont-elles aussi fait l\u2019objet d\u2019\u00e9changes entre les deux personnalit\u00e9s.<\/p>\n<div class=\"td-a-rec td-a-rec-id-content_inline tdi_30_adf td_block_template_1\"><a href=\"https:\/\/www.sidwaya.info\/wp-content\/uploads\/2019\/12\/Bandeau-11-De%CC%81cembre-3.jpg\"><img loading=\"lazy\" decoding=\"async\" src=\"https:\/\/www.sidwaya.info\/wp-content\/uploads\/2019\/12\/Bandeau-11-De%CC%81cembre-3.jpg\" alt=\"\" width=\"720\" height=\"90\" class=\"aligncenter size-full wp-image-17180\"\/><\/a><\/div>\n<p class=\"c1\"><strong>Souma\u00efla BONKOUNGOU<\/strong><\/p>\n<div class=\"td-a-rec td-a-rec-id-content_bottom tdi_31_bfd td_block_template_1\"><img loading=\"lazy\" decoding=\"async\" class=\"aligncenter size-full wp-image-9623\" src=\"https:\/\/www.sidwaya.info\/wp-content\/uploads\/2019\/06\/Projet-bannie%CC%80re-Orange-mobile.jpg\" alt=\"\" width=\"728\" height=\"81\"\/><\/div>\n<p>Auteur: DD. Sidwaya<br \/>\n<a href=\"https:\/\/www.sidwaya.info\/blog\/2019\/12\/19\/burkina-maroc-les-axes-de-cooperation-revisites\/\">Cliquez ici pour lire l&rsquo;article depuis sa source.<\/a><\/p>\n","protected":false},"excerpt":{"rendered":"<p>Le Premier ministre, Christophe Joseph Marie Dabir\u00e9, a re\u00e7u en audience, le jeudi 19 d\u00e9cembre 2019 \u00e0 Ouagadougou, l\u2019ambassadeur du royaume du Maroc au Burkina Faso, Youssef Saloui. Le renforcement de la coop\u00e9ration entre le Royaume Ch\u00e9rifien et le pays des Hommes int\u00e8gres \u00e9tait au centre des \u00e9changes. Les relations diplomatiques entre le Burkina Faso [&hellip;]<\/p>\n","protected":false},"author":1816,"featured_media":0,"comment_status":"closed","ping_status":"closed","sticky":false,"template":"","format":"standard","meta":{"fifu_image_url":"","fifu_image_alt":"","footnotes":""},"categories":[73,81],"tags":[],"class_list":["post-70754","post","type-post","status-publish","format-standard","hentry","category-actualite","category-burkina-faso"],"_links":{"self":[{"href":"https:\/\/linitiative.ca\/International\/wp-json\/wp\/v2\/posts\/70754","targetHints":{"allow":["GET"]}}],"collection":[{"href":"https:\/\/linitiative.ca\/International\/wp-json\/wp\/v2\/posts"}],"about":[{"href":"https:\/\/linitiative.ca\/International\/wp-json\/wp\/v2\/types\/post"}],"author":[{"embeddable":true,"href":"https:\/\/linitiative.ca\/International\/wp-json\/wp\/v2\/users\/1816"}],"replies":[{"embeddable":true,"href":"https:\/\/linitiative.ca\/International\/wp-json\/wp\/v2\/comments?post=70754"}],"version-history":[{"count":0,"href":"https:\/\/linitiative.ca\/International\/wp-json\/wp\/v2\/posts\/70754\/revisions"}],"wp:attachment":[{"href":"https:\/\/linitiative.ca\/International\/wp-json\/wp\/v2\/media?parent=70754"}],"wp:term":[{"taxonomy":"category","embeddable":true,"href":"https:\/\/linitiative.ca\/International\/wp-json\/wp\/v2\/categories?post=70754"},{"taxonomy":"post_tag","embeddable":true,"href":"https:\/\/linitiative.ca\/International\/wp-json\/wp\/v2\/tags?post=70754"}],"curies":[{"name":"wp","href":"https:\/\/api.w.org\/{rel}","templated":true}]}}