{"id":70755,"date":"2019-12-19T17:16:40","date_gmt":"2019-12-19T22:16:40","guid":{"rendered":"https:\/\/linitiative.ca\/International\/promotion-du-sport-et-la-gouvernance-des-federations-sportives-48h-pour-expliquer-les-composantes-du-projet\/"},"modified":"2019-12-19T17:16:40","modified_gmt":"2019-12-19T22:16:40","slug":"promotion-du-sport-et-la-gouvernance-des-federations-sportives-48h-pour-expliquer-les-composantes-du-projet","status":"publish","type":"post","link":"https:\/\/linitiative.ca\/International\/promotion-du-sport-et-la-gouvernance-des-federations-sportives-48h-pour-expliquer-les-composantes-du-projet\/","title":{"rendered":"Promotion du sport et la gouvernance  des f\u00e9d\u00e9rations sportives  : 48h pour expliquer les composantes du projet"},"content":{"rendered":"<div class=\"td-post-featured-image\"><a href=\"https:\/\/i1.wp.com\/www.sidwaya.info\/wp-content\/uploads\/2019\/12\/2-13.jpg?fit=595%2C297&#038;ssl=1\" data-caption=\"\"><img loading=\"lazy\" decoding=\"async\" width=\"595\" height=\"297\" class=\"entry-thumb td-modal-image\" src=\"https:\/\/i1.wp.com\/www.sidwaya.info\/wp-content\/uploads\/2019\/12\/2-13.jpg?resize=595%2C297&#038;ssl=1\" srcset=\"https:\/\/i1.wp.com\/www.sidwaya.info\/wp-content\/uploads\/2019\/12\/2-13.jpg?w=595&#038;ssl=1 595w, https:\/\/i1.wp.com\/www.sidwaya.info\/wp-content\/uploads\/2019\/12\/2-13.jpg?resize=300%2C150&#038;ssl=1 300w\" sizes=\"auto, (max-width: 595px) 100vw, 595px\" alt=\"\" title=\"2\"\/><\/a><\/div>\n<p><strong>Le Premier ministre Christophe Joseph Marie Dabir\u00e9 a donn\u00e9, le jeudi 19 d\u00e9cembre 2019 \u00e0 Ouagadougou, le top de d\u00e9part de la mise en \u0153uvre d\u2019un projet r\u00e9gional de promotion \u00ab\u00a0des valeurs du sport dans l\u2019\u00e9ducation, la sant\u00e9 et la gouvernance des f\u00e9d\u00e9rations sportives\u00a0\u00bb. Au sortir de la \u00ab\u00a0Table Ronde\u00a0\u00bb de 48 heures, les participants appr\u00e9cieront les enjeux techniques et financiers du projet.<\/strong><\/p>\n<p>Le projet \u00ab\u00a0Promouvoir les valeurs du sport dans l\u2019\u00e9ducation, la sant\u00e9 et la gouvernance des f\u00e9d\u00e9rations sportives\u00a0\u00bb est une initiative du Bureau r\u00e9gional multisectoriel de l\u2019UNESCO \u00e0 Abuja, en coop\u00e9ration avec le Centre international pour la s\u00e9curit\u00e9 dans le sport. Il poursuit cinq objectifs\u00a0\u00e0 savoir, \u00ab\u00a0favoriser, promouvoir et soutenir la cr\u00e9ation d\u2019un environnement propice \u00e0 une \u00e9ducation physique de qualit\u00e9 dans les pays d\u2019Afrique, soutenir la promotion des valeurs du sport au service de l\u2019int\u00e9gration r\u00e9gionale, la paix et la coexistence pacifique entre les peuples, favoriser et soutenir le leadership f\u00e9minin comme gage d\u2019une meilleure gouvernance du sport en Afrique et une valorisation de leur r\u00f4le dans le domaine\u00a0\u00bb. Le projet pr\u00e9voit \u00e9galement de renforcer l\u2019institutionnalisation et la promotion de la lutte contre le dopage dans le sport y compris l\u2019int\u00e9grit\u00e9 du sport et instaurer de mani\u00e8re p\u00e9renne un observatoire r\u00e9gional de pr\u00e9vention et de contr\u00f4le dans les pays d\u2019Afrique \u00e0 travers le d\u00e9veloppement des capacit\u00e9s des pouvoirs publics et faciliter l\u2019acc\u00e8s des personnes en situation de handicap au sport et aux activit\u00e9s sportives \u00e0 travers la formation du personnel de l\u2019\u00e9ducation physique et sportive. Pour sa mise en \u0153uvre, une composante a \u00e9t\u00e9 attribu\u00e9e \u00e0 chacun des 5 objectifs. La Table Ronde de 48 h de Ouagadougou qui s\u2019est ouverte hier 19 d\u00e9cembre, permettra d\u2019expliquer les objectifs des 5 composantes, les diff\u00e9rentes \u00e9tapes de leur mise en \u0153uvre et le budget, de recueillir les observations des participants, de partager l\u2019exp\u00e9rience du Burkina Faso pour la mise en \u0153uvre du projet au niveau des pays etc.<\/p>\n<div class=\"td-a-rec td-a-rec-id-content_inline tdi_30_996 td_block_template_1\"><a href=\"https:\/\/www.sidwaya.info\/wp-content\/uploads\/2019\/12\/Bandeau-11-De%CC%81cembre-3.jpg\"><img loading=\"lazy\" decoding=\"async\" src=\"https:\/\/www.sidwaya.info\/wp-content\/uploads\/2019\/12\/Bandeau-11-De%CC%81cembre-3.jpg\" alt=\"\" width=\"720\" height=\"90\" class=\"aligncenter size-full wp-image-17180\"\/><\/a><\/div>\n<p><strong>Un budget de plus de 2 milliards FCFA<\/strong><\/p>\n<p>Selon le Premier ministre du Burkina Faso, Christophe Joseph Marie Dabir\u00e9 qui a pr\u00e9sid\u00e9 la c\u00e9r\u00e9monie d\u2019ouverture, au nom du Pr\u00e9sident du Faso,\u00a0le projet qui va \u00eatre conduit par le minist\u00e8re des Sports et des Loisirs va contribuer \u00e0 faire en sorte que le pays puisse d\u00e9velopper des initiatives qui consolident les bases de son d\u00e9veloppement \u00e9conomique et social. \u00ab\u00a0Au moment o\u00f9 notre pays traverse une grave crise au niveau s\u00e9curitaire, il est important de faire en sorte que les jeunes aient un nouvel \u00e9tat d\u2019esprit pour pouvoir faire en sorte qu\u2019ils contribuent \u00e0 la construction de la s\u00e9curit\u00e9, de la paix et du vivre-ensemble \u00e0 travers les activit\u00e9s sportives \u00bb, a-t-il pr\u00e9cis\u00e9. Il a rassur\u00e9 que le gouvernement burkinab\u00e8 a d\u00e9j\u00e0 mis en place un certain nombre d\u2019initiatives qui vont contribuer \u00e0 faire en sorte que ce projet puisse se r\u00e9aliser correctement. Il a alors invit\u00e9\u00a0 les partenaires venus participer \u00e0 la \u00ab\u00a0Table ronde\u00a0\u00bb de Ouagadougou pour le financement du projet \u00e0 se mobiliser et \u00e0 apporter leurs contributions pour permettre le d\u00e9veloppement de l\u2019ensemble du projet et la r\u00e9ussite des ambitions du Burkina Faso.<\/p>\n<p>Le directeur du bureau r\u00e9gional de l\u2019UNESCO \u00e0 Abuja, Yao Ydo, a reconnu le r\u00f4le jou\u00e9 par le ministre burkinab\u00e8 des Sports, Daouda Azoupiou, pour que ce projet puisse voir le jour. C\u2019est l\u2019ancien capitaine des Etalons, Moumouni Dagano, qui est l\u2019ambassadeur du projet. Ce projet dont le budget est estim\u00e9 \u00e0 2 195 518 579 FCFA est construit autour d\u2019un partenariat innovant avec notamment la CEDEAO, le CNOSS, la CONFEJES, la CONFEMEN, l\u2019OMS, l\u2019UNODC, l\u2019ONU FEMMES, l\u2019OIM, l\u2019UNICEF, la FISU et d\u2019autres institutions. Pour cette phase-pilote du projet r\u00e9gional horizon 2020-2023, six pays pilotes ont \u00e9t\u00e9 choisis sur proposition des partenaires. Il s\u2019agit du B\u00e9nin, du Burkina Faso, de la C\u00f4te d\u2019Ivoire, du Ghana, du Liberia et du S\u00e9n\u00e9gal. A terme, le projet embrassera un champ d\u2019intervention g\u00e9ographique couvrant l\u2019ensemble des pays de la CEDEAO.<\/p>\n<p class=\"c1\"><strong>Adama SALAMBERE<\/strong><\/p>\n<div class=\"td-a-rec td-a-rec-id-content_bottom tdi_31_9bf td_block_template_1\"><img loading=\"lazy\" decoding=\"async\" class=\"aligncenter size-full wp-image-9623\" src=\"https:\/\/www.sidwaya.info\/wp-content\/uploads\/2019\/06\/Projet-bannie%CC%80re-Orange-mobile.jpg\" alt=\"\" width=\"728\" height=\"81\"\/><\/div>\n<p>Auteur: DD. Sidwaya<br \/>\n<a href=\"https:\/\/www.sidwaya.info\/blog\/2019\/12\/19\/promotion-du-sport-et-la-gouvernance-des-federations-sportives-48h-pour-expliquer-les-composantes-du-projet\/\">Cliquez ici pour lire l&rsquo;article depuis sa source.<\/a><\/p>\n","protected":false},"excerpt":{"rendered":"<p>Le Premier ministre Christophe Joseph Marie Dabir\u00e9 a donn\u00e9, le jeudi 19 d\u00e9cembre 2019 \u00e0 Ouagadougou, le top de d\u00e9part de la mise en \u0153uvre d\u2019un projet r\u00e9gional de promotion \u00ab\u00a0des valeurs du sport dans l\u2019\u00e9ducation, la sant\u00e9 et la gouvernance des f\u00e9d\u00e9rations sportives\u00a0\u00bb. Au sortir de la \u00ab\u00a0Table Ronde\u00a0\u00bb de 48 heures, les participants [&hellip;]<\/p>\n","protected":false},"author":1816,"featured_media":0,"comment_status":"closed","ping_status":"closed","sticky":false,"template":"","format":"standard","meta":{"fifu_image_url":"","fifu_image_alt":"","footnotes":""},"categories":[73,81],"tags":[],"class_list":["post-70755","post","type-post","status-publish","format-standard","hentry","category-actualite","category-burkina-faso"],"_links":{"self":[{"href":"https:\/\/linitiative.ca\/International\/wp-json\/wp\/v2\/posts\/70755","targetHints":{"allow":["GET"]}}],"collection":[{"href":"https:\/\/linitiative.ca\/International\/wp-json\/wp\/v2\/posts"}],"about":[{"href":"https:\/\/linitiative.ca\/International\/wp-json\/wp\/v2\/types\/post"}],"author":[{"embeddable":true,"href":"https:\/\/linitiative.ca\/International\/wp-json\/wp\/v2\/users\/1816"}],"replies":[{"embeddable":true,"href":"https:\/\/linitiative.ca\/International\/wp-json\/wp\/v2\/comments?post=70755"}],"version-history":[{"count":0,"href":"https:\/\/linitiative.ca\/International\/wp-json\/wp\/v2\/posts\/70755\/revisions"}],"wp:attachment":[{"href":"https:\/\/linitiative.ca\/International\/wp-json\/wp\/v2\/media?parent=70755"}],"wp:term":[{"taxonomy":"category","embeddable":true,"href":"https:\/\/linitiative.ca\/International\/wp-json\/wp\/v2\/categories?post=70755"},{"taxonomy":"post_tag","embeddable":true,"href":"https:\/\/linitiative.ca\/International\/wp-json\/wp\/v2\/tags?post=70755"}],"curies":[{"name":"wp","href":"https:\/\/api.w.org\/{rel}","templated":true}]}}