{"id":70756,"date":"2019-12-19T17:19:27","date_gmt":"2019-12-19T22:19:27","guid":{"rendered":"https:\/\/linitiative.ca\/International\/55e-anniversaire-de-fraternite-matin-un-forum-sur-le-repli-identitaire\/"},"modified":"2019-12-19T17:19:27","modified_gmt":"2019-12-19T22:19:27","slug":"55e-anniversaire-de-fraternite-matin-un-forum-sur-le-repli-identitaire","status":"publish","type":"post","link":"https:\/\/linitiative.ca\/International\/55e-anniversaire-de-fraternite-matin-un-forum-sur-le-repli-identitaire\/","title":{"rendered":"55e anniversaire de Fraternit\u00e9 matin  : un forum sur le repli identitaire"},"content":{"rendered":"<div class=\"td-post-featured-image\"><a href=\"https:\/\/i0.wp.com\/www.sidwaya.info\/wp-content\/uploads\/2019\/12\/1-38.jpg?fit=595%2C397&#038;ssl=1\" data-caption=\"\"><img loading=\"lazy\" decoding=\"async\" width=\"595\" height=\"397\" class=\"entry-thumb td-modal-image\" src=\"https:\/\/i0.wp.com\/www.sidwaya.info\/wp-content\/uploads\/2019\/12\/1-38.jpg?resize=595%2C397&#038;ssl=1\" srcset=\"https:\/\/i0.wp.com\/www.sidwaya.info\/wp-content\/uploads\/2019\/12\/1-38.jpg?w=595&#038;ssl=1 595w, https:\/\/i0.wp.com\/www.sidwaya.info\/wp-content\/uploads\/2019\/12\/1-38.jpg?resize=300%2C200&#038;ssl=1 300w\" sizes=\"auto, (max-width: 595px) 100vw, 595px\" alt=\"\" title=\"1\"\/><\/a><\/div>\n<p><strong>Pour ses 55 ans, le groupe Fraternit\u00e9 Matin organise, en partenariat avec le Groupement des \u00e9diteurs de presse publique de l\u2019Afrique de l\u2019Ouest (GEPPAO), un forum international sur les replis identitaires. L\u2019ouverture de l\u2019\u00e9v\u00e9nement a eu lieu, le jeudi 19 d\u00e9cembre 2019 \u00e0 Abidjan, en pr\u00e9sence du ministre burkinab\u00e8 des Affaires \u00e9trang\u00e8res et de la Coop\u00e9ration, Alpha Barry et de son homologue ivoirien en charge de la communication et des m\u00e9dias, Sidi Ti\u00e9moko Tour\u00e9.<\/strong><\/p>\n<p>Cr\u00e9\u00e9 en 1964 par l\u2019ex-pr\u00e9sident ivoirien Felix Houphou\u00ebt Boigny, le leader de la presse \u00e9crite ivoirienne, Fraternit\u00e9 Matin, a 55 ans. Pour marquer d\u2019une pierre blanche cet anniversaire, la direction g\u00e9n\u00e9rale de l\u2019organe de presse entend contribuer \u00e0 la consolidation de la paix (une vertu ch\u00e8re au Feu pr\u00e9sident Houphou\u00ebt) \u00e0 travers un forum international sur les replis identitaires. Organis\u00e9e en collaboration avec le Groupement des \u00e9diteurs de presse publique de l\u2019Afrique de l\u2019Ouest(GEPPAO), les 19 et 20 d\u00e9cembre 2019 \u00e0 Abidjan, la rencontre a mobilis\u00e9 plusieurs ministres, des enseignants d\u2019universit\u00e9, des journalistes, des experts en \u00e9conomie et en s\u00e9curit\u00e9 sur le th\u00e8me :\u00a0\u00ab Entre replis identitaires et panafricanisme, quelles perspectives pour la ZLECA ?\u00a0\u00bb<\/p>\n<div class=\"td-a-rec td-a-rec-id-content_inline tdi_30_bff td_block_template_1\"><a href=\"https:\/\/www.sidwaya.info\/wp-content\/uploads\/2019\/12\/Bandeau-11-De%CC%81cembre-3.jpg\"><img loading=\"lazy\" decoding=\"async\" src=\"https:\/\/www.sidwaya.info\/wp-content\/uploads\/2019\/12\/Bandeau-11-De%CC%81cembre-3.jpg\" alt=\"\" width=\"720\" height=\"90\" class=\"aligncenter size-full wp-image-17180\"\/><\/a><\/div>\n<p>Pour le pr\u00e9sident du comit\u00e9 d\u2019organisation, par ailleurs directeur g\u00e9n\u00e9ral de Fraternit\u00e9 Matin et pr\u00e9sident du GEPPAO, Venance Konan, la qualit\u00e9 des participants au forum est un t\u00e9moignage \u00e9clatant d\u2019un attachement \u00e0 Fraternit\u00e9 Matin et \u00e0 la C\u00f4te d\u2019Ivoire. C\u2019est aussi, a-t-il poursuivi, une manifestation de l\u2019int\u00e9r\u00eat port\u00e9 sur les risques que font courir les relents identitaires en Afrique sur la prometteuse Zone de libre-\u00e9change continentale (ZLECA). \u00ab Selon l\u2019Union africaine, ce vaste march\u00e9, qui sera le plus grand au monde en terme de nombre de pays couverts, devrait augmenter la taille du commerce africain d\u2019environ 60%, et apporter \u00e0 terme, des r\u00e9ponses satisfaisantes aux probl\u00e8mes de comp\u00e9titivit\u00e9 \u00e9conomique de l\u2019Afrique, et d\u2019emplois pour les jeunes \u00bb, a-t-il expliqu\u00e9. D\u2019o\u00f9 la n\u00e9cessit\u00e9 de relever plusieurs d\u00e9fis, de l\u2019avis du repr\u00e9sentant du ministre s\u00e9n\u00e9galais de la Culture et de la Communication, Ousseni Dieng, notamment celui culturel.<\/p>\n<p>Cette rencontre dans la capitale est copr\u00e9sid\u00e9e par le ministre burkinab\u00e8 de la Communication et des Relations avec le Parlement, porte-parole du Gouvernement, R\u00e9mis Fulgance Dandjinou et le ministre ivoirien de la Communication et des M\u00e9dias, porte-parole du Gouvernement, Sidi Ti\u00e9moko Tour\u00e9. Par son ancien directeur de cabinet, Adama Coulibaly, M. Dandjinou a fait remarquer que le temps des micros Etats est d\u00e9pass\u00e9. \u00ab C\u2019est ensemble dans un espace \u00e9largi sans pr\u00e9jug\u00e9s que le continent pourra sortir de la difficile situation actuelle o\u00f9 se nourrir, se v\u00eatir, se soigner est un cauchemar \u00bb, a-t-il ajout\u00e9, en pr\u00e9venant \u00ab Des pays, non des moindres, ont compris, il y a longtemps que lorsqu\u2019on veut aller vite, on va seul, mais pour arriver, il faut aller ensemble. Mais, il faut le dire net, les actions terroristes si elles ne sont pas endigu\u00e9es, pourraient constituer un frein dans le d\u00e9roul\u00e9 de la Zleca \u00bb. Le ministre Sidi Ti\u00e9moko Tour\u00e9 a, quant \u00e0 lui, soulign\u00e9 que la Zleca est un grand pas vers le d\u00e9veloppement du continent, port\u00e9 par 44 chefs d\u2019Etat africains. En termes de chiffres, selon le ministre Tour\u00e9, la Zleca sera un march\u00e9 de 1,2 milliard de consommateurs \u00ab pour un Produit int\u00e9rieur brut combin\u00e9 de plus de 2500 milliards de dollars \u00bb.<\/p>\n<p class=\"c1\"><strong>Alassane KERE<\/strong><br \/><strong>Envoy\u00e9 sp\u00e9cial \u00e0 Abidjan<\/strong><\/p>\n<div class=\"td-a-rec td-a-rec-id-content_bottom tdi_31_b5b td_block_template_1\"><img loading=\"lazy\" decoding=\"async\" class=\"aligncenter size-full wp-image-9623\" src=\"https:\/\/www.sidwaya.info\/wp-content\/uploads\/2019\/06\/Projet-bannie%CC%80re-Orange-mobile.jpg\" alt=\"\" width=\"728\" height=\"81\"\/><\/div>\n<p>Auteur: DD. Sidwaya<br \/>\n<a href=\"https:\/\/www.sidwaya.info\/blog\/2019\/12\/19\/55e-anniversaire-de-fraternite-matin-un-forum-sur-le-repli-identitaire\/\">Cliquez ici pour lire l&rsquo;article depuis sa source.<\/a><\/p>\n","protected":false},"excerpt":{"rendered":"<p>Pour ses 55 ans, le groupe Fraternit\u00e9 Matin organise, en partenariat avec le Groupement des \u00e9diteurs de presse publique de l\u2019Afrique de l\u2019Ouest (GEPPAO), un forum international sur les replis identitaires. L\u2019ouverture de l\u2019\u00e9v\u00e9nement a eu lieu, le jeudi 19 d\u00e9cembre 2019 \u00e0 Abidjan, en pr\u00e9sence du ministre burkinab\u00e8 des Affaires \u00e9trang\u00e8res et de la [&hellip;]<\/p>\n","protected":false},"author":1816,"featured_media":0,"comment_status":"closed","ping_status":"closed","sticky":false,"template":"","format":"standard","meta":{"fifu_image_url":"","fifu_image_alt":"","footnotes":""},"categories":[73,81],"tags":[],"class_list":["post-70756","post","type-post","status-publish","format-standard","hentry","category-actualite","category-burkina-faso"],"_links":{"self":[{"href":"https:\/\/linitiative.ca\/International\/wp-json\/wp\/v2\/posts\/70756","targetHints":{"allow":["GET"]}}],"collection":[{"href":"https:\/\/linitiative.ca\/International\/wp-json\/wp\/v2\/posts"}],"about":[{"href":"https:\/\/linitiative.ca\/International\/wp-json\/wp\/v2\/types\/post"}],"author":[{"embeddable":true,"href":"https:\/\/linitiative.ca\/International\/wp-json\/wp\/v2\/users\/1816"}],"replies":[{"embeddable":true,"href":"https:\/\/linitiative.ca\/International\/wp-json\/wp\/v2\/comments?post=70756"}],"version-history":[{"count":0,"href":"https:\/\/linitiative.ca\/International\/wp-json\/wp\/v2\/posts\/70756\/revisions"}],"wp:attachment":[{"href":"https:\/\/linitiative.ca\/International\/wp-json\/wp\/v2\/media?parent=70756"}],"wp:term":[{"taxonomy":"category","embeddable":true,"href":"https:\/\/linitiative.ca\/International\/wp-json\/wp\/v2\/categories?post=70756"},{"taxonomy":"post_tag","embeddable":true,"href":"https:\/\/linitiative.ca\/International\/wp-json\/wp\/v2\/tags?post=70756"}],"curies":[{"name":"wp","href":"https:\/\/api.w.org\/{rel}","templated":true}]}}