{"id":70758,"date":"2019-12-19T15:18:06","date_gmt":"2019-12-19T20:18:06","guid":{"rendered":"https:\/\/linitiative.ca\/International\/cote-divoire-lancement-des-travaux-de-construction-de-luniversite-de-bondoukou\/"},"modified":"2019-12-19T15:18:06","modified_gmt":"2019-12-19T20:18:06","slug":"cote-divoire-lancement-des-travaux-de-construction-de-luniversite-de-bondoukou","status":"publish","type":"post","link":"https:\/\/linitiative.ca\/International\/cote-divoire-lancement-des-travaux-de-construction-de-luniversite-de-bondoukou\/","title":{"rendered":"C\u00f4te d\u2019Ivoire : lancement des travaux de construction de l\u2019Universit\u00e9 de Bondoukou"},"content":{"rendered":"<div readability=\"32\">\n<p>Publi\u00e9 le 19.12.2019 \u00e0 21h18 par APA News<\/p>\n<\/div>\n<div readability=\"56\">\n<p>Le Premier ministre ivoirien, Amadou Gon Coulibaly, a proc\u00e9d\u00e9 jeudi au lancement des travaux de construction de la future universit\u00e9 de Bondoukou, dans le Nord-Est ivoirien.D\u2019un co\u00fbt estim\u00e9 \u00e0 85 milliards de FCFA, cette universit\u00e9 ouvrira ses portes \u00e0 la \u00a0rentr\u00e9e universitaire 2021-2022. La Banque islamique de d\u00e9veloppement (BID) participe au financement des travaux avec un pr\u00eat de plus de 66 milliards de FCFA \u00e0 l\u2019Etat l\u2019ivoirien.<\/p>\n<p>Le campus de l\u2019universit\u00e9 sera construit sur une superficie de 305 hectares et accueillera dans un premier temps 3 000 \u00e9tudiants dont 1 000 seront h\u00e9berg\u00e9s en r\u00e9sidence universitaire, rapporte le service de communication de la primature ivoirienne.<\/p>\n<p>Une cinquantaine de logements sont \u00e9galement pr\u00e9vus pour les enseignants-chercheurs et le personnel et cinq logements de fonction pour les responsables de l\u2019universit\u00e9.<\/p>\n<p>Sur le plan p\u00e9dagogique, les diff\u00e9rentes fili\u00e8res seront l\u2019architecture, l\u2019urbanisme, les sciences sociales, les lettres, les arts et les langues ainsi que des cursus en d\u00e9veloppement durable. Une facult\u00e9 de M\u00e9decine est aussi pr\u00e9vue.\u00a0<\/p>\n<\/div>\n<p>Auteur: APA News<br \/>\n<a href=\"https:\/\/www.journalducameroun.com\/cote-divoire-lancement-des-travaux-de-construction-de-luniversite-de-bondoukou\/\">Cliquez ici pour lire l&rsquo;article depuis sa source.<\/a><\/p>\n","protected":false},"excerpt":{"rendered":"<p>Publi\u00e9 le 19.12.2019 \u00e0 21h18 par APA News Le Premier ministre ivoirien, Amadou Gon Coulibaly, a proc\u00e9d\u00e9 jeudi au lancement des travaux de construction de la future universit\u00e9 de Bondoukou, dans le Nord-Est ivoirien.D\u2019un co\u00fbt estim\u00e9 \u00e0 85 milliards de FCFA, cette universit\u00e9 ouvrira ses portes \u00e0 la \u00a0rentr\u00e9e universitaire 2021-2022. La Banque islamique de [&hellip;]<\/p>\n","protected":false},"author":1965,"featured_media":0,"comment_status":"closed","ping_status":"closed","sticky":false,"template":"","format":"standard","meta":{"fifu_image_url":"","fifu_image_alt":"","footnotes":""},"categories":[73,82],"tags":[],"class_list":["post-70758","post","type-post","status-publish","format-standard","hentry","category-actualite","category-cameroun"],"_links":{"self":[{"href":"https:\/\/linitiative.ca\/International\/wp-json\/wp\/v2\/posts\/70758","targetHints":{"allow":["GET"]}}],"collection":[{"href":"https:\/\/linitiative.ca\/International\/wp-json\/wp\/v2\/posts"}],"about":[{"href":"https:\/\/linitiative.ca\/International\/wp-json\/wp\/v2\/types\/post"}],"author":[{"embeddable":true,"href":"https:\/\/linitiative.ca\/International\/wp-json\/wp\/v2\/users\/1965"}],"replies":[{"embeddable":true,"href":"https:\/\/linitiative.ca\/International\/wp-json\/wp\/v2\/comments?post=70758"}],"version-history":[{"count":0,"href":"https:\/\/linitiative.ca\/International\/wp-json\/wp\/v2\/posts\/70758\/revisions"}],"wp:attachment":[{"href":"https:\/\/linitiative.ca\/International\/wp-json\/wp\/v2\/media?parent=70758"}],"wp:term":[{"taxonomy":"category","embeddable":true,"href":"https:\/\/linitiative.ca\/International\/wp-json\/wp\/v2\/categories?post=70758"},{"taxonomy":"post_tag","embeddable":true,"href":"https:\/\/linitiative.ca\/International\/wp-json\/wp\/v2\/tags?post=70758"}],"curies":[{"name":"wp","href":"https:\/\/api.w.org\/{rel}","templated":true}]}}