{"id":70759,"date":"2019-12-19T15:18:08","date_gmt":"2019-12-19T20:18:08","guid":{"rendered":"https:\/\/linitiative.ca\/International\/lue-expulse-lambassadeur-du-benin-a-bruxelles\/"},"modified":"2019-12-19T15:18:08","modified_gmt":"2019-12-19T20:18:08","slug":"lue-expulse-lambassadeur-du-benin-a-bruxelles","status":"publish","type":"post","link":"https:\/\/linitiative.ca\/International\/lue-expulse-lambassadeur-du-benin-a-bruxelles\/","title":{"rendered":"L\u2019UE expulse l\u2019ambassadeur du B\u00e9nin \u00e0 Bruxelles"},"content":{"rendered":"<div readability=\"32\">\n<p>Publi\u00e9 le 19.12.2019 \u00e0 21h18 par APA News<\/p>\n<\/div>\n<div readability=\"52\">\n<p>L\u2019Union europ\u00e9enne a d\u00e9cid\u00e9, jeudi, d\u2019expulser le chef de la mission du B\u00e9nin \u00e0 Bruxelles, Zacharie Richard Akplogan, pour protester contre l\u2019expulsion de son ambassadeur \u00e0 Cotonou le 20 novembre 2019.\u00ab Le Conseil a d\u00e9cid\u00e9 aujourd\u2019hui que le chef de la mission de la R\u00e9publique du B\u00e9nin aupr\u00e8s de l\u2019Union europ\u00e9enne sera d\u00e9clar\u00e9 persona non grata \u00bb, \u00e9crit l\u2019UE sur son site internet visit\u00e9 par APA.<\/p>\n<p>Elle explique que cette d\u00e9cision fait suite \u00e0 celle du gouvernement b\u00e9ninois de d\u00e9clarer le chef sa d\u00e9l\u00e9gation au B\u00e9nin persona non grata. Ce faisant, l\u2019UE estime que cette mesure des autorit\u00e9s b\u00e9ninoises \u00ab est totalement injustifi\u00e9e et contraire \u00e0 l\u2019objectif de l\u2019union de d\u00e9velopper les relations et de construire des partenariats dans les pays tiers \u00bb.<\/p>\n<p>Le diplomate de l\u2019UE, Olivier Nette a \u00e9t\u00e9 expuls\u00e9 du B\u00e9nin pour \u00ab ing\u00e9rence et ses prises de positions ostentatoires et sans respect des r\u00e8gles diplomatiques \u00bb, avait justifi\u00e9 le ministre porte-parole du gouvernement b\u00e9ninois.<\/p>\n<\/div>\n<p>Auteur: APA News<br \/>\n<a href=\"https:\/\/www.journalducameroun.com\/lue-expulse-lambassadeur-du-benin-a-bruxelles\/\">Cliquez ici pour lire l&rsquo;article depuis sa source.<\/a><\/p>\n","protected":false},"excerpt":{"rendered":"<p>Publi\u00e9 le 19.12.2019 \u00e0 21h18 par APA News L\u2019Union europ\u00e9enne a d\u00e9cid\u00e9, jeudi, d\u2019expulser le chef de la mission du B\u00e9nin \u00e0 Bruxelles, Zacharie Richard Akplogan, pour protester contre l\u2019expulsion de son ambassadeur \u00e0 Cotonou le 20 novembre 2019.\u00ab Le Conseil a d\u00e9cid\u00e9 aujourd\u2019hui que le chef de la mission de la R\u00e9publique du B\u00e9nin [&hellip;]<\/p>\n","protected":false},"author":1965,"featured_media":0,"comment_status":"closed","ping_status":"closed","sticky":false,"template":"","format":"standard","meta":{"fifu_image_url":"","fifu_image_alt":"","footnotes":""},"categories":[73,82],"tags":[],"class_list":["post-70759","post","type-post","status-publish","format-standard","hentry","category-actualite","category-cameroun"],"_links":{"self":[{"href":"https:\/\/linitiative.ca\/International\/wp-json\/wp\/v2\/posts\/70759","targetHints":{"allow":["GET"]}}],"collection":[{"href":"https:\/\/linitiative.ca\/International\/wp-json\/wp\/v2\/posts"}],"about":[{"href":"https:\/\/linitiative.ca\/International\/wp-json\/wp\/v2\/types\/post"}],"author":[{"embeddable":true,"href":"https:\/\/linitiative.ca\/International\/wp-json\/wp\/v2\/users\/1965"}],"replies":[{"embeddable":true,"href":"https:\/\/linitiative.ca\/International\/wp-json\/wp\/v2\/comments?post=70759"}],"version-history":[{"count":0,"href":"https:\/\/linitiative.ca\/International\/wp-json\/wp\/v2\/posts\/70759\/revisions"}],"wp:attachment":[{"href":"https:\/\/linitiative.ca\/International\/wp-json\/wp\/v2\/media?parent=70759"}],"wp:term":[{"taxonomy":"category","embeddable":true,"href":"https:\/\/linitiative.ca\/International\/wp-json\/wp\/v2\/categories?post=70759"},{"taxonomy":"post_tag","embeddable":true,"href":"https:\/\/linitiative.ca\/International\/wp-json\/wp\/v2\/tags?post=70759"}],"curies":[{"name":"wp","href":"https:\/\/api.w.org\/{rel}","templated":true}]}}