{"id":70760,"date":"2019-12-19T15:50:03","date_gmt":"2019-12-19T20:50:03","guid":{"rendered":"https:\/\/linitiative.ca\/International\/la-ligue-arabe-condamne-louverture-par-le-bresil-dun-bureau-economique-a-jerusalem\/"},"modified":"2019-12-19T15:50:03","modified_gmt":"2019-12-19T20:50:03","slug":"la-ligue-arabe-condamne-louverture-par-le-bresil-dun-bureau-economique-a-jerusalem","status":"publish","type":"post","link":"https:\/\/linitiative.ca\/International\/la-ligue-arabe-condamne-louverture-par-le-bresil-dun-bureau-economique-a-jerusalem\/","title":{"rendered":"La Ligue arabe condamne l\u2019ouverture par le Br\u00e9sil d\u2019un bureau \u00e9conomique \u00e0 J\u00e9rusalem"},"content":{"rendered":"<div readability=\"32\">\n<p>Publi\u00e9 le 19.12.2019 \u00e0 21h50 par AFP<\/p>\n<\/div>\n<div readability=\"103\">\n<p>La Ligue arabe a condamn\u00e9 jeudi l\u2019ouverture par le Br\u00e9sil d\u2019un bureau \u00e9conomique \u00e0 J\u00e9rusalem et a mis en garde ce pays contre le d\u00e9placement de son ambassade dans la Ville sainte.<\/p>\n<p>Le Br\u00e9sil a ouvert dimanche un bureau \u00e9conomique \u00e0 J\u00e9rusalem, et le fils du pr\u00e9sident br\u00e9silien Jair Bolsonaro a confirm\u00e9 \u00e0 l\u2019occasion l\u2019intention de son p\u00e8re de d\u00e9placer l\u2019ambassade du Br\u00e9sil en Isra\u00ebl dans la Ville sainte.<\/p>\n<p>\u00ab\u00a0La Ligue arabe consid\u00e8re la d\u00e9cision du Br\u00e9sil comme unilat\u00e9rale et ill\u00e9gitime et consid\u00e8re qu\u2019elle appuie les politiques ill\u00e9gales d\u2019occupation isra\u00e9lienne\u00a0\u00bb, est-il indiqu\u00e9 dans un communiqu\u00e9 publi\u00e9 \u00e0 l\u2019issue d\u2019une r\u00e9union au niveau des d\u00e9l\u00e9gu\u00e9s permanents de l\u2019organisation panarabe convoqu\u00e9e d\u2019urgence \u00e0 la demande des Palestiniens.<\/p>\n<p>La Ligue arabe a \u00e9galement mis en garde contre le d\u00e9placement \u00e0 J\u00e9rusalem de l\u2019ambassade du Br\u00e9sil, indiquant que le changement de la politique br\u00e9silienne envers les Palestiniens \u00ab\u00a0portera gravement atteinte aux relations et aux int\u00e9r\u00eats arabo-br\u00e9siliens\u00a0\u00bb.<\/p>\n<p>En r\u00e9ponse, le minist\u00e8re br\u00e9silien des Affaires \u00e9trang\u00e8res a pr\u00e9cis\u00e9 dans un communiqu\u00e9 que ce bureau \u00e9conomique allait \u00ab\u00a0donner la priorit\u00e9 aux dossiers li\u00e9s \u00e0 l\u2019innovation, \u00e0 la technologie, aux partenariats strat\u00e9giques et aux investissements\u00a0\u00bb.<\/p>\n<p>\u00ab\u00a0Le Br\u00e9sil continue d\u2019entretenir d\u2019excellentes relations avec les pays arabes, comme en t\u00e9moignent les r\u00e9sultats concrets de la r\u00e9cente visite du pr\u00e9sident dans la r\u00e9gion\u00a0\u00bb, est-il ajout\u00e9 dans le texte, en r\u00e9f\u00e9rence \u00e0 la r\u00e9cente tourn\u00e9e qui a conduit Jair Bolsonaro aux Emirats arabes unis, au Qatar et en Arabie Saoudite en octobre.<\/p>\n<p>Lors de sa visite en Isra\u00ebl en mars, le pr\u00e9sident br\u00e9silien avait pr\u00e9sent\u00e9 l\u2019ouverture d\u2019un bureau de l\u2019Apex (l\u2019agence br\u00e9silienne de promotion du commerce et de l\u2019investissement) \u00e0 J\u00e9rusalem comme un premier pas vers le d\u00e9placement de l\u2019ambassade.<\/p>\n<p>Avec un tel transfert, M. Bolsonaro imiterait le pr\u00e9sident am\u00e9ricain Donald Trump qui a d\u00e9plac\u00e9 l\u2019ambassade des Etats-Unis \u00e0 J\u00e9rusalem en mai 2018.<\/p>\n<p>Le statut de J\u00e9rusalem est l\u2019une des questions les plus \u00e9pineuses du conflit isra\u00e9lo-palestinien. Isra\u00ebl occupe J\u00e9rusalem-Est depuis la guerre de 1967 et l\u2019a ensuite annex\u00e9, acte qui n\u2019a jamais \u00e9t\u00e9 reconnu par la communaut\u00e9 internationale.<\/p>\n<p>Isra\u00ebl consid\u00e8re toute la ville comme sa capitale, alors que les Palestiniens veulent faire de J\u00e9rusalem-Est la capitale de l\u2019Etat auquel ils aspirent.<\/p>\n<p>La plupart des ambassades \u00e9trang\u00e8res sont situ\u00e9es \u00e0 Tel-Aviv pour ne pas pr\u00e9empter le r\u00e9sultat de n\u00e9gociations entre Isra\u00e9liens et Palestiniens.<\/p>\n<p>Donald Trump a rompu en d\u00e9cembre 2017 avec des d\u00e9cennies de consensus international en reconnaissant J\u00e9rusalem comme capitale d\u2019Isra\u00ebl et en annon\u00e7ant le transfert de l\u2019ambassade am\u00e9ricaine de Tel-Aviv \u00e0 J\u00e9rusalem.<\/p>\n<p>Le gouvernement isra\u00e9lien avait assur\u00e9 que d\u2019autres pays suivraient l\u2019exemple. A ce jour, seul le Guatemala a transf\u00e9r\u00e9 et maintenu son ambassade \u00e0 J\u00e9rusalem.<\/p>\n<p>Le Paraguay, qui avait ouvert en mai 2018 une ambassade \u00e0 J\u00e9rusalem, a rapatri\u00e9 sa repr\u00e9sentation diplomatique \u00e0 Tel-Aviv, d\u00e9clenchant l\u2019ire d\u2019Isra\u00ebl qui a ferm\u00e9 son ambassade \u00e0 Asuncion.<\/p>\n<p>La Hongrie a ouvert une repr\u00e9sentation commerciale \u00e0 J\u00e9rusalem en mars dernier.<\/p>\n<\/div>\n<p>Auteur: AFP<br \/>\n<a href=\"https:\/\/www.journalducameroun.com\/la-ligue-arabe-condamne-louverture-par-le-bresil-dun-bureau-economique-a-jerusalem\/\">Cliquez ici pour lire l&rsquo;article depuis sa source.<\/a><\/p>\n","protected":false},"excerpt":{"rendered":"<p>Publi\u00e9 le 19.12.2019 \u00e0 21h50 par AFP La Ligue arabe a condamn\u00e9 jeudi l\u2019ouverture par le Br\u00e9sil d\u2019un bureau \u00e9conomique \u00e0 J\u00e9rusalem et a mis en garde ce pays contre le d\u00e9placement de son ambassade dans la Ville sainte. Le Br\u00e9sil a ouvert dimanche un bureau \u00e9conomique \u00e0 J\u00e9rusalem, et le fils du pr\u00e9sident br\u00e9silien [&hellip;]<\/p>\n","protected":false},"author":1965,"featured_media":0,"comment_status":"closed","ping_status":"closed","sticky":false,"template":"","format":"standard","meta":{"fifu_image_url":"","fifu_image_alt":"","footnotes":""},"categories":[73,82],"tags":[],"class_list":["post-70760","post","type-post","status-publish","format-standard","hentry","category-actualite","category-cameroun"],"_links":{"self":[{"href":"https:\/\/linitiative.ca\/International\/wp-json\/wp\/v2\/posts\/70760","targetHints":{"allow":["GET"]}}],"collection":[{"href":"https:\/\/linitiative.ca\/International\/wp-json\/wp\/v2\/posts"}],"about":[{"href":"https:\/\/linitiative.ca\/International\/wp-json\/wp\/v2\/types\/post"}],"author":[{"embeddable":true,"href":"https:\/\/linitiative.ca\/International\/wp-json\/wp\/v2\/users\/1965"}],"replies":[{"embeddable":true,"href":"https:\/\/linitiative.ca\/International\/wp-json\/wp\/v2\/comments?post=70760"}],"version-history":[{"count":0,"href":"https:\/\/linitiative.ca\/International\/wp-json\/wp\/v2\/posts\/70760\/revisions"}],"wp:attachment":[{"href":"https:\/\/linitiative.ca\/International\/wp-json\/wp\/v2\/media?parent=70760"}],"wp:term":[{"taxonomy":"category","embeddable":true,"href":"https:\/\/linitiative.ca\/International\/wp-json\/wp\/v2\/categories?post=70760"},{"taxonomy":"post_tag","embeddable":true,"href":"https:\/\/linitiative.ca\/International\/wp-json\/wp\/v2\/tags?post=70760"}],"curies":[{"name":"wp","href":"https:\/\/api.w.org\/{rel}","templated":true}]}}