{"id":70761,"date":"2019-12-19T16:18:04","date_gmt":"2019-12-19T21:18:04","guid":{"rendered":"https:\/\/linitiative.ca\/International\/les-acteurs-politiques-invites-a-sengager-pour-des-elections-apaisees-en-cote-divoire\/"},"modified":"2019-12-19T16:18:04","modified_gmt":"2019-12-19T21:18:04","slug":"les-acteurs-politiques-invites-a-sengager-pour-des-elections-apaisees-en-cote-divoire","status":"publish","type":"post","link":"https:\/\/linitiative.ca\/International\/les-acteurs-politiques-invites-a-sengager-pour-des-elections-apaisees-en-cote-divoire\/","title":{"rendered":"Les acteurs politiques invit\u00e9s \u00e0 s\u2019engager pour des \u00e9lections apais\u00e9es en C\u00f4te d\u2019Ivoire"},"content":{"rendered":"<div readability=\"32\">\n<p>Publi\u00e9 le 19.12.2019 \u00e0 22h18 par APA News<\/p>\n<\/div>\n<div readability=\"73\">\n<p>Les acteurs politiques ivoiriens ont \u00e9t\u00e9 invit\u00e9s, jeudi \u00e0 Abidjan, \u00e0 \u00ab s\u2019engager pour la paix et des \u00e9lections apais\u00e9es en 2020\u00bb en C\u00f4te d\u2019Ivoire afin de permettre aux enfants de \u00ab grandir dans un environnement s\u00e9curis\u00e9, stable, en paix et prosp\u00e8re\u00bb.Cette invitation a \u00e9t\u00e9 lanc\u00e9e par la ministre ivoirienne de la Solidarit\u00e9, de la coh\u00e9sion sociale et de la lutte contre la pauvret\u00e9, Pr Mariatou Kon\u00e9 au cours d\u2019une op\u00e9ration baptis\u00e9e \u00abJoie de No\u00ebl\u00bb, destin\u00e9e \u00e0 apporter le sourire aux enfants des victimes des crises survenues en C\u00f4te d\u2019Ivoire et des familles d\u00e9munies.<\/p>\n<p>\u00ab No\u00ebl, c\u2019est le moment d\u2019apporter la joie, le sourire \u00e0 tous les enfants de C\u00f4te d\u2019Ivoire comme l\u2019exigent le pr\u00e9sident de la R\u00e9publique et le premier ministre. Officiellement, nous donnons des cadeaux aux enfants des victimes des crises survenues en C\u00f4te d\u2019Ivoire, aux enfants des familles d\u00e9munies \u00bb, a-t-elle expliqu\u00e9, faisant observer que \u00ab c\u2019est le dernier No\u00ebl avant 2020 \u00bb.<\/p>\n<p>\u00ab C\u2019est un message que nous portons \u00e0 tous les leaders politiques de C\u00f4te d\u2019Ivoire. Faisons en sorte que No\u00ebl 2020 se passe bien. De la m\u00eame mani\u00e8re, nous sommes heureux aujourd\u2019hui, que 2020 se passe bien et que cela se ressente dans les comportements, que chaque acteur politique s\u2019engage pour la paix en C\u00f4te d\u2019Ivoire, pour des \u00e9lections apais\u00e9es \u00bb, a lanc\u00e9 la ministre Mariatou Kon\u00e9.<\/p>\n<p>Selon elle, il faut lancer ce message d\u2019espoir et \u00a0faire en sorte qu\u2019il n\u2019y ait plus d\u2019enfants victimes de crise. La C\u00f4te d\u2019Ivoire organise en octobre 2020 un scrutin pr\u00e9sidentiel qui cristallise d\u00e9j\u00e0 tous les regards.<\/p>\n<p>Ce sont au total 200 enfants des victimes des crises survenues en C\u00f4te d\u2019Ivoire, mais \u00e9galement des enfants issus des familles d\u00e9munies et 23 structures caritatives qui ont b\u00e9n\u00e9fici\u00e9 de plusieurs pr\u00e9sents dans une ambiance festive.<\/p>\n<\/div>\n<p>Auteur: APA News<br \/>\n<a href=\"https:\/\/www.journalducameroun.com\/les-acteurs-politiques-invites-a-sengager-pour-des-elections-apaisees-en-cote-divoire\/\">Cliquez ici pour lire l&rsquo;article depuis sa source.<\/a><\/p>\n","protected":false},"excerpt":{"rendered":"<p>Publi\u00e9 le 19.12.2019 \u00e0 22h18 par APA News Les acteurs politiques ivoiriens ont \u00e9t\u00e9 invit\u00e9s, jeudi \u00e0 Abidjan, \u00e0 \u00ab s\u2019engager pour la paix et des \u00e9lections apais\u00e9es en 2020\u00bb en C\u00f4te d\u2019Ivoire afin de permettre aux enfants de \u00ab grandir dans un environnement s\u00e9curis\u00e9, stable, en paix et prosp\u00e8re\u00bb.Cette invitation a \u00e9t\u00e9 lanc\u00e9e par [&hellip;]<\/p>\n","protected":false},"author":1965,"featured_media":0,"comment_status":"closed","ping_status":"closed","sticky":false,"template":"","format":"standard","meta":{"fifu_image_url":"","fifu_image_alt":"","footnotes":""},"categories":[73,82],"tags":[],"class_list":["post-70761","post","type-post","status-publish","format-standard","hentry","category-actualite","category-cameroun"],"_links":{"self":[{"href":"https:\/\/linitiative.ca\/International\/wp-json\/wp\/v2\/posts\/70761","targetHints":{"allow":["GET"]}}],"collection":[{"href":"https:\/\/linitiative.ca\/International\/wp-json\/wp\/v2\/posts"}],"about":[{"href":"https:\/\/linitiative.ca\/International\/wp-json\/wp\/v2\/types\/post"}],"author":[{"embeddable":true,"href":"https:\/\/linitiative.ca\/International\/wp-json\/wp\/v2\/users\/1965"}],"replies":[{"embeddable":true,"href":"https:\/\/linitiative.ca\/International\/wp-json\/wp\/v2\/comments?post=70761"}],"version-history":[{"count":0,"href":"https:\/\/linitiative.ca\/International\/wp-json\/wp\/v2\/posts\/70761\/revisions"}],"wp:attachment":[{"href":"https:\/\/linitiative.ca\/International\/wp-json\/wp\/v2\/media?parent=70761"}],"wp:term":[{"taxonomy":"category","embeddable":true,"href":"https:\/\/linitiative.ca\/International\/wp-json\/wp\/v2\/categories?post=70761"},{"taxonomy":"post_tag","embeddable":true,"href":"https:\/\/linitiative.ca\/International\/wp-json\/wp\/v2\/tags?post=70761"}],"curies":[{"name":"wp","href":"https:\/\/api.w.org\/{rel}","templated":true}]}}