{"id":70762,"date":"2019-12-19T16:18:08","date_gmt":"2019-12-19T21:18:08","guid":{"rendered":"https:\/\/linitiative.ca\/International\/clap-douverture-a-laayoune-de-la-5eme-edition-du-festival-du-film-documentaire-sur-la-culture-lhistoire-et-lespace-sahraoui-hassani\/"},"modified":"2019-12-19T16:18:08","modified_gmt":"2019-12-19T21:18:08","slug":"clap-douverture-a-laayoune-de-la-5eme-edition-du-festival-du-film-documentaire-sur-la-culture-lhistoire-et-lespace-sahraoui-hassani","status":"publish","type":"post","link":"https:\/\/linitiative.ca\/International\/clap-douverture-a-laayoune-de-la-5eme-edition-du-festival-du-film-documentaire-sur-la-culture-lhistoire-et-lespace-sahraoui-hassani\/","title":{"rendered":"Clap d\u2019ouverture \u00e0 L\u00e2ayoune de la 5\u00e8me \u00e9dition du festival du film documentaire sur la culture, l\u2019histoire et l\u2019espace sahraoui hassani"},"content":{"rendered":"<div readability=\"32\">\n<p>Publi\u00e9 le 19.12.2019 \u00e0 22h18 par APA News<\/p>\n<\/div>\n<div readability=\"106\">\n<p>La 5\u00e8me \u00e9dition du festival du film documentaire sur la culture, l\u2019histoire et l\u2019espace sahraoui hassani s\u2019est ouverte, jeudi \u00e0 la ville de Laayoune, chef-lieu des provinces du sud du Royaume) en pr\u00e9sence de grands noms de cin\u00e9ma national et des personnalit\u00e9s des mondes de la culture, des arts et des m\u00e9dias.Initi\u00e9e par le Centre Cin\u00e9matographique Marocain (CCM), cette grand-messe cin\u00e9matographique propose aux cin\u00e9philes jusqu\u2019au 22 d\u00e9cembre courant un programme riche de films documentaires sur le patrimoine, la culture et l\u2019histoire hassanie du Sahara.<\/p>\n<p>Ce festival, haut en couleurs, mettra en comp\u00e9tition 12 longs m\u00e9trages documentaires sur le th\u00e8me de la culture, de l\u2019histoire et de l\u2019espace sahraoui, dont trois films r\u00e9alis\u00e9s par des femmes, qui ont en majorit\u00e9 b\u00e9n\u00e9fici\u00e9 du soutien \u00e0 la production d\u2019oeuvres cin\u00e9matographiques.<\/p>\n<p>Le jury du festival, pr\u00e9sid\u00e9 par le sc\u00e9nariste et expert en communication et publicit\u00e9, Mohamed La\u00e2roussi, est compos\u00e9 de Zoubida Selami, militante des droits de l\u2019Homme, Ra\u00e2boub Bhay, journaliste et chercheur en culture hassani, Charaf Eddine Zine El Abidine, journaliste et directeur de festival cin\u00e9matographique, et Mahjoub Doua, r\u00e9alisateur, sc\u00e9nariste et producteur.<\/p>\n<p>Les films comp\u00e9tition s\u00e9lectionn\u00e9s pour la comp\u00e9tition officielle, concourent pour d\u00e9crocher un ou plusieurs prix de cette manifestation. Il s\u2019agit du grand prix du festival, du prix du jury, du prix de la meilleure r\u00e9alisation, du prix du meilleur montage et du prix de la meilleure musique.<\/p>\n<p>A cette occasion, le Secr\u00e9taire g\u00e9n\u00e9ral de la wilaya de la r\u00e9gion de Laayoune-Sakia El Hamra a, au nom du wali de la r\u00e9gion, prononc\u00e9 une allocution de circonstance dans laquelle il a soulign\u00e9 que la culture et l\u2019espace sahraoui se distinguent par leur caract\u00e8re immat\u00e9riel, une caract\u00e9ristique que ce festival est appel\u00e9 \u00e0 pr\u00e9server contre tout risque de d\u00e9perdition, ajoutant que cette m\u00e9moire collective constitue une composante in\u00e9luctable de l\u2019identit\u00e9 culturelle nationale et consolide la pluralit\u00e9 du patrimoine culturel.<\/p>\n<p>\u00ab Ce festival constitue un jalon essentiel dans la pr\u00e9servation de ce patrimoine \u00bb, a-t-il insist\u00e9, appelant \u00e0 ce que les recommandations devant \u00eatre adopt\u00e9es lors du colloque sur la culture hassani, qui sera organis\u00e9 en marge de cette manifestation, soient soumis \u00e0 la Commission charg\u00e9e du nouveau mod\u00e8le de d\u00e9veloppement au Maroc, qui vient d\u2019entamer ses travaux lundi \u00e0 Rabat.<\/p>\n<p>Selon les organisateurs, le festival du film documentaire sur la culture, l\u2019histoire et l\u2019espace sahraoui hassani a pour objectifs d\u2019encourager les films documentaires et les productions cin\u00e9matographiques dans les provinces du Sud.<\/p>\n<p>Il vise aussi \u00e0 promouvoir et \u00e0 faire conna\u00eetre les productions documentaires traitant des diff\u00e9rents aspects du patrimoine culturel hassani, en tant que composante essentielle de l\u2019identit\u00e9 marocaine.<\/p>\n<\/div>\n<p>Auteur: APA News<br \/>\n<a href=\"https:\/\/www.journalducameroun.com\/clap-douverture-a-laayoune-de-la-5eme-edition-du-festival-du-film-documentaire-sur-la-culture-lhistoire-et-lespace-sahraoui-hassani\/\">Cliquez ici pour lire l&rsquo;article depuis sa source.<\/a><\/p>\n","protected":false},"excerpt":{"rendered":"<p>Publi\u00e9 le 19.12.2019 \u00e0 22h18 par APA News La 5\u00e8me \u00e9dition du festival du film documentaire sur la culture, l\u2019histoire et l\u2019espace sahraoui hassani s\u2019est ouverte, jeudi \u00e0 la ville de Laayoune, chef-lieu des provinces du sud du Royaume) en pr\u00e9sence de grands noms de cin\u00e9ma national et des personnalit\u00e9s des mondes de la culture, [&hellip;]<\/p>\n","protected":false},"author":1965,"featured_media":0,"comment_status":"closed","ping_status":"closed","sticky":false,"template":"","format":"standard","meta":{"fifu_image_url":"","fifu_image_alt":"","footnotes":""},"categories":[73,82],"tags":[],"class_list":["post-70762","post","type-post","status-publish","format-standard","hentry","category-actualite","category-cameroun"],"_links":{"self":[{"href":"https:\/\/linitiative.ca\/International\/wp-json\/wp\/v2\/posts\/70762","targetHints":{"allow":["GET"]}}],"collection":[{"href":"https:\/\/linitiative.ca\/International\/wp-json\/wp\/v2\/posts"}],"about":[{"href":"https:\/\/linitiative.ca\/International\/wp-json\/wp\/v2\/types\/post"}],"author":[{"embeddable":true,"href":"https:\/\/linitiative.ca\/International\/wp-json\/wp\/v2\/users\/1965"}],"replies":[{"embeddable":true,"href":"https:\/\/linitiative.ca\/International\/wp-json\/wp\/v2\/comments?post=70762"}],"version-history":[{"count":0,"href":"https:\/\/linitiative.ca\/International\/wp-json\/wp\/v2\/posts\/70762\/revisions"}],"wp:attachment":[{"href":"https:\/\/linitiative.ca\/International\/wp-json\/wp\/v2\/media?parent=70762"}],"wp:term":[{"taxonomy":"category","embeddable":true,"href":"https:\/\/linitiative.ca\/International\/wp-json\/wp\/v2\/categories?post=70762"},{"taxonomy":"post_tag","embeddable":true,"href":"https:\/\/linitiative.ca\/International\/wp-json\/wp\/v2\/tags?post=70762"}],"curies":[{"name":"wp","href":"https:\/\/api.w.org\/{rel}","templated":true}]}}