{"id":70763,"date":"2019-12-19T11:35:38","date_gmt":"2019-12-19T16:35:38","guid":{"rendered":"https:\/\/linitiative.ca\/International\/le-bambou-et-le-rotin-en-voie-dindustrialisation-au-cameroun\/"},"modified":"2019-12-19T11:35:38","modified_gmt":"2019-12-19T16:35:38","slug":"le-bambou-et-le-rotin-en-voie-dindustrialisation-au-cameroun","status":"publish","type":"post","link":"https:\/\/linitiative.ca\/International\/le-bambou-et-le-rotin-en-voie-dindustrialisation-au-cameroun\/","title":{"rendered":"Le bambou et le rotin en voie d\u2019industrialisation au Cameroun"},"content":{"rendered":"<div class=\"featured-area featured-area-inner\"><img loading=\"lazy\" decoding=\"async\" width=\"780\" height=\"400\" src=\"https:\/\/ecomatin.net\/wp-content\/uploads\/2019\/12\/normal_g4f8269-780x400.jpg?is-pending-load=1\" class=\"attachment-jannah-image-post size-jannah-image-post wp-post-image jetpack-lazy-image\" alt=\"\" srcset=\"data:image\/gif;base64,R0lGODlhAQABAIAAAAAAAP\/\/\/yH5BAEAAAAALAAAAAABAAEAAAIBRAA7\"\/><\/div>\n<div class=\"entry-content entry clearfix\" readability=\"60.9768064228\">\n<p>Une centaine d\u2019artisans camerounais seront form\u00e9s \u00e0 Yaound\u00e9 sur les techniques de transformation du bambou et du rotin d\u00e8s 2020. L\u2019information a \u00e9t\u00e9 r\u00e9v\u00e9l\u00e9e par le directeur g\u00e9n\u00e9ral adjoint de l\u2019Organisation internationale du Bambou et du Rotin, <strong>Lu Wenming.<\/strong> C\u2019\u00e9tait le 6 d\u00e9cembre 2017 au cours d\u2019une audience avec <strong>Achille Bassilekin III,<\/strong> ministre des Petites et moyennes entreprises, de l\u2019Economie sociale et de l\u2019artisanat (<strong>Minpmeesa<\/strong>). Cette formation est la continuit\u00e9 de la formation suivie par une vingtaine de Camerounais entre ao\u00fbt et septembre dernier, au Centre international du bambou et du rotin (<strong>ICBR<\/strong>) en Chine. Le but \u00e9tant de doter le Cameroun de plus de formateurs et de d\u00e9velopper la chaine de valeur autour du projet.<\/p>\n<p>A l\u2019avenir, le Minpmeesa envisage d\u00e9velopper un centre. \u00ab\u00a0On va \u00e9quiper un centre qui sera dot\u00e9 d\u2019outils de fabrication permettant de transformer localement le bambou et de monter progressivement dans la cha\u00eene de valeurs. Ainsi, nous serons en mesure de b\u00e2tir progressivement une industrie du bambou et du rotin qui permettra que certains de nos artisans install\u00e9s sur les abords des routes puissent, on l\u2019esp\u00e8re un jour, avoir une maison du bambou. Nous voulons aussi installer dans l\u2019esprit de nos compatriotes, la possibilit\u00e9 de s\u2019\u00e9quiper convenablement gr\u00e2ce \u00e0 cette mati\u00e8re\u00a0\u00bb, a d\u00e9clar\u00e9 le ministre des PME. Ainsi, la d\u00e9l\u00e9gation de l\u2019INBAR rassure de la disponibilit\u00e9 d\u2019un site \u00e0 Nkolbisson, o\u00f9 une machine sera install\u00e9e pour la formation des artisans.<\/p>\n<p>Les r\u00e9flexions autour de l\u2019industrialisation du bambou ont d\u00e9marr\u00e9 d\u00e9but 2019. Lorsque <strong>Jules Doret Ndongo<\/strong>, ministre des For\u00eats et de la Faune ouvrait les travaux du \u00ab\u00a0programme interafricain pour l\u2019am\u00e9lioration des moyens de subsistance des petits exploitants\u00a0\u00bb.<\/p>\n<p>Le programme r\u00e9unissait autour de la table des repr\u00e9sentants de l\u2019Organisation internationale du bambou et du rotin et quelques exploitants du bambou. Il vise \u00e0 augmenter et diversifier les cha\u00eenes de valeur du bambou dans les pays cibles tout en assurant la promotion de l\u2019industrialisation de cette ressource.<\/p>\n<div class=\"sharedaddy sd-sharing-enabled robots-nocontent sd-block sd-social sd-social-icon-text sd-sharing\">\n<h3 class=\"sd-title\">Partager\u00a0:<\/h3>\n<\/div>\n<p><h3 class=\"jp-relatedposts-headline\"><em>Articles similaires<\/em><\/h3>\n<\/p>\n<\/div>\n<div class=\"toggle-post-content clearfix\"><a id=\"toggle-post-button\" class=\"button\" href=\"#\">Afficher plus <\/a><\/div>\n<p>Auteur: Francky<br \/>\n<a href=\"https:\/\/ecomatin.net\/le-bambou-et-le-rotin-en-voie-dindustrialisation-au-cameroun\/\">Cliquez ici pour lire l&rsquo;article depuis sa source.<\/a><\/p>\n","protected":false},"excerpt":{"rendered":"<p>Une centaine d\u2019artisans camerounais seront form\u00e9s \u00e0 Yaound\u00e9 sur les techniques de transformation du bambou et du rotin d\u00e8s 2020. L\u2019information a \u00e9t\u00e9 r\u00e9v\u00e9l\u00e9e par le directeur g\u00e9n\u00e9ral adjoint de l\u2019Organisation internationale du Bambou et du Rotin, Lu Wenming. C\u2019\u00e9tait le 6 d\u00e9cembre 2017 au cours d\u2019une audience avec Achille Bassilekin III, ministre des Petites [&hellip;]<\/p>\n","protected":false},"author":1969,"featured_media":0,"comment_status":"closed","ping_status":"closed","sticky":false,"template":"","format":"standard","meta":{"fifu_image_url":"","fifu_image_alt":"","footnotes":""},"categories":[82,78],"tags":[],"class_list":["post-70763","post","type-post","status-publish","format-standard","hentry","category-cameroun","category-economie"],"_links":{"self":[{"href":"https:\/\/linitiative.ca\/International\/wp-json\/wp\/v2\/posts\/70763","targetHints":{"allow":["GET"]}}],"collection":[{"href":"https:\/\/linitiative.ca\/International\/wp-json\/wp\/v2\/posts"}],"about":[{"href":"https:\/\/linitiative.ca\/International\/wp-json\/wp\/v2\/types\/post"}],"author":[{"embeddable":true,"href":"https:\/\/linitiative.ca\/International\/wp-json\/wp\/v2\/users\/1969"}],"replies":[{"embeddable":true,"href":"https:\/\/linitiative.ca\/International\/wp-json\/wp\/v2\/comments?post=70763"}],"version-history":[{"count":0,"href":"https:\/\/linitiative.ca\/International\/wp-json\/wp\/v2\/posts\/70763\/revisions"}],"wp:attachment":[{"href":"https:\/\/linitiative.ca\/International\/wp-json\/wp\/v2\/media?parent=70763"}],"wp:term":[{"taxonomy":"category","embeddable":true,"href":"https:\/\/linitiative.ca\/International\/wp-json\/wp\/v2\/categories?post=70763"},{"taxonomy":"post_tag","embeddable":true,"href":"https:\/\/linitiative.ca\/International\/wp-json\/wp\/v2\/tags?post=70763"}],"curies":[{"name":"wp","href":"https:\/\/api.w.org\/{rel}","templated":true}]}}