{"id":70764,"date":"2019-12-19T11:50:34","date_gmt":"2019-12-19T16:50:34","guid":{"rendered":"https:\/\/linitiative.ca\/International\/zone-de-libre-echange-continentale-les-recommandations-du-fmi-aux-pays-africains\/"},"modified":"2019-12-19T11:50:34","modified_gmt":"2019-12-19T16:50:34","slug":"zone-de-libre-echange-continentale-les-recommandations-du-fmi-aux-pays-africains","status":"publish","type":"post","link":"https:\/\/linitiative.ca\/International\/zone-de-libre-echange-continentale-les-recommandations-du-fmi-aux-pays-africains\/","title":{"rendered":"Zone de libre \u00e9change continentale : les recommandations du FMI aux pays africains"},"content":{"rendered":"<p>Dans son rapport d\u2019octobre 2019 sur les perspectives \u00e9conomiques r\u00e9gionales en Afrique subsaharienne, pr\u00e9sent\u00e9 le 2 d\u00e9cembre 2019, \u00e0 l\u2019universit\u00e9 de Dshang, le <strong>Fonds mon\u00e9taire international (FMI)<\/strong> s\u2019est int\u00e9ress\u00e9 \u00e0 la Zone de libre-\u00e9change continentale africaine (<strong>Zleca<\/strong>), l\u2019accord r\u00e9gional commercial entr\u00e9 en vigueur le 30 mai 2019.<\/p>\n<p>Le FMI sugg\u00e8re \u00e0 l\u2019Afrique de s\u2019inspirer des exp\u00e9riences des autres accords commerciaux r\u00e9gionaux (ACR), d\u00e9j\u00e0 op\u00e9rationnels pour mieux se lancer. D\u2019apr\u00e8s le Fonds, <strong>400 ACR ont \u00e9t\u00e9 notifi\u00e9s<\/strong> \u00e0 l\u2019Organisation mondiale du Commerce. Du point de vu de la taille, la Zleca, avec <strong>1,239 milliards de personnes<\/strong> sera le plus grand march\u00e9. Une population qui devrait doubler \u00e0 <strong>2,5 milliards de consommateurs d\u2019ici 2050<\/strong>.<\/p>\n<p>L\u2019Afrique abritera alors 26% de la population mondiale en \u00e2ge de travailler et verra son \u00e9conomie cro\u00eetre deux fois plus rapidement que celles des pays d\u00e9velopp\u00e9s, selon la Commission \u00e9conomique des Nations Unies pour l\u2019Afrique (<strong>CEA<\/strong>). Parmi les concurrents de la Zleca, l\u2019Union europ\u00e9enne avec son march\u00e9 commun int\u00e9gral en vigueur depuis 1993 et dont la part au commerce mondial est le plus \u00e9lev\u00e9 (33,1%), suivi par l\u2019accord libre-\u00e9change nord-am\u00e9ricain (<strong>Alena<\/strong>) avec 15,6% de part au commerce mondial.<\/p>\n<p>Ayant \u00e9tudi\u00e9 le fonctionnement de ces ACR, le FMI recommande aux signataires de la Zleca, une s\u00e9rie de r\u00e9formes compl\u00e9mentaires pour assurer que l\u2019union douani\u00e8re soit int\u00e9gralement mise en \u0153uvre et appuie une strat\u00e9gie de croissance orient\u00e9e vers l\u2019ext\u00e9rieur. Avec des tarifs moyens de <strong>6,1%<\/strong>, les entreprises install\u00e9es sur le continent africain sont confront\u00e9es \u00e0 des droits de douane plus \u00e9lev\u00e9s, lorsqu\u2019elles exportent en Afrique, plut\u00f4t qu\u2019en dehors du continent.<\/p>\n<div class=\"sharedaddy sd-sharing-enabled robots-nocontent sd-block sd-social sd-social-icon-text sd-sharing\">\n<h3 class=\"sd-title\">Partager\u00a0:<\/h3>\n<\/div>\n<p><h3 class=\"jp-relatedposts-headline\"><em>Articles similaires<\/em><\/h3>\n<\/p>\n<p>Auteur: Francky<br \/>\n<a href=\"https:\/\/ecomatin.net\/zone-de-libre-echange-continentale-les-recommandations-du-fmi-aux-pays-africains\/\">Cliquez ici pour lire l&rsquo;article depuis sa source.<\/a><\/p>\n","protected":false},"excerpt":{"rendered":"<p>Dans son rapport d\u2019octobre 2019 sur les perspectives \u00e9conomiques r\u00e9gionales en Afrique subsaharienne, pr\u00e9sent\u00e9 le 2 d\u00e9cembre 2019, \u00e0 l\u2019universit\u00e9 de Dshang, le Fonds mon\u00e9taire international (FMI) s\u2019est int\u00e9ress\u00e9 \u00e0 la Zone de libre-\u00e9change continentale africaine (Zleca), l\u2019accord r\u00e9gional commercial entr\u00e9 en vigueur le 30 mai 2019. Le FMI sugg\u00e8re \u00e0 l\u2019Afrique de s\u2019inspirer des [&hellip;]<\/p>\n","protected":false},"author":1969,"featured_media":0,"comment_status":"closed","ping_status":"closed","sticky":false,"template":"","format":"standard","meta":{"fifu_image_url":"","fifu_image_alt":"","footnotes":""},"categories":[82,78],"tags":[],"class_list":["post-70764","post","type-post","status-publish","format-standard","hentry","category-cameroun","category-economie"],"_links":{"self":[{"href":"https:\/\/linitiative.ca\/International\/wp-json\/wp\/v2\/posts\/70764","targetHints":{"allow":["GET"]}}],"collection":[{"href":"https:\/\/linitiative.ca\/International\/wp-json\/wp\/v2\/posts"}],"about":[{"href":"https:\/\/linitiative.ca\/International\/wp-json\/wp\/v2\/types\/post"}],"author":[{"embeddable":true,"href":"https:\/\/linitiative.ca\/International\/wp-json\/wp\/v2\/users\/1969"}],"replies":[{"embeddable":true,"href":"https:\/\/linitiative.ca\/International\/wp-json\/wp\/v2\/comments?post=70764"}],"version-history":[{"count":0,"href":"https:\/\/linitiative.ca\/International\/wp-json\/wp\/v2\/posts\/70764\/revisions"}],"wp:attachment":[{"href":"https:\/\/linitiative.ca\/International\/wp-json\/wp\/v2\/media?parent=70764"}],"wp:term":[{"taxonomy":"category","embeddable":true,"href":"https:\/\/linitiative.ca\/International\/wp-json\/wp\/v2\/categories?post=70764"},{"taxonomy":"post_tag","embeddable":true,"href":"https:\/\/linitiative.ca\/International\/wp-json\/wp\/v2\/tags?post=70764"}],"curies":[{"name":"wp","href":"https:\/\/api.w.org\/{rel}","templated":true}]}}