{"id":70765,"date":"2019-12-19T12:27:25","date_gmt":"2019-12-19T17:27:25","guid":{"rendered":"https:\/\/linitiative.ca\/International\/emprunt-de-52-milliards-fcfa-pour-la-rationalisation-des-finances-publiques\/"},"modified":"2019-12-19T12:27:25","modified_gmt":"2019-12-19T17:27:25","slug":"emprunt-de-52-milliards-fcfa-pour-la-rationalisation-des-finances-publiques","status":"publish","type":"post","link":"https:\/\/linitiative.ca\/International\/emprunt-de-52-milliards-fcfa-pour-la-rationalisation-des-finances-publiques\/","title":{"rendered":"Emprunt de 52 milliards FCFA pour la rationalisation des finances publiques"},"content":{"rendered":"<p>Le gouvernement camerounais, \u00e0 travers le ministre en charge de l\u2019Econome, a proc\u00e9d\u00e9 jeudi 19 d\u00e9cembre 2019 \u00e0 Yaound\u00e9, avec le repr\u00e9sentant pays de la Banque africaine de d\u00e9veloppement (<strong>BAD<\/strong>) \u00e0 la signature d\u2019un accord de pr\u00eat. D\u2019un montant de\u00a0<strong>80,4 millions d\u2019euros<\/strong>\u00a0(<strong>52,74 milliards de FCFA<\/strong>), il est destin\u00e9 au financement de la troisi\u00e8me phase du Programme d\u2019Appui \u00e0 la Comp\u00e9titive et la croissance \u00e9conomique (<strong>PACCE<\/strong>\u00a0<strong>III<\/strong>).<\/p>\n<p>Le PACCE a pour objectif de consolider la position budg\u00e9taire de l\u2019Etat. \u00c0 travers la rationalisation de la d\u00e9pense publique en vue de d\u00e9gager des marges budg\u00e9taires n\u00e9cessaires au financement des investissements prioritaires. Selon\u00a0le ministre de l\u2019Economie,\u00a0<strong>Alamnine Ousmane Mey,<\/strong>\u00a0le\u00a0<strong>PACCE III<\/strong>\u00a0devrait contribuer \u00e0 cr\u00e9er les conditions favorables \u00e0 l\u2019am\u00e9lioration de la comp\u00e9titivit\u00e9 et l\u2019acc\u00e9l\u00e9ration d\u2019une croissance \u00e9conomique durable pour un Cameroun \u00e9mergent \u00e0 l\u2019horizon 2035.<\/p>\n<p><strong>Bilan phase I et II<\/strong><\/p>\n<p>Rappelons que le protocole d\u2019accord relatif aux\u00a0<strong>phases I<\/strong>\u00a0et\u00a0<strong>II<\/strong>\u00a0du\u00a0<strong>PACCE<\/strong>\u00a0avait \u00e9t\u00e9 sign\u00e9 respectivement en d\u00e9cembre 2017 pour un montant de de\u00a0<strong>180 millions d\u2019euros<\/strong>\u00a0et d\u00e9cembre 2018 pour\u00a0<strong>150 millions d\u2019euros.<\/strong>\u00a0La\u00a0<strong>phase III<\/strong>\u00a0du\u00a0<strong>PACCE<\/strong>\u00a0porte le montant cumul\u00e9 des appuis budg\u00e9taires du groupe de la Bad \u00e0\u00a0<strong>410, 4 millions d\u2019euros<\/strong>, soit environ\u00a0<strong>269,2 milliards FCFA<\/strong>.<\/p>\n<p>Elle est la troisi\u00e8me et derni\u00e8re d\u2019une s\u00e9rie d\u2019op\u00e9rations d\u2019appui budg\u00e9taire programmatique pluriannuel de trois ans (2017-2019). \u00ab\u00a0L\u2019approche programmatique avait \u00e9t\u00e9 choisie pour am\u00e9liorer la pr\u00e9visibilit\u00e9 de l\u2019aide et de faciliter l\u2019alignement avec les politiques de d\u00e9veloppement du Cameroun et la coordination avec les autres partenaires intervenants dans le cadre du Programme \u00e9conomique et financier. Notamment\u00a0: le FMI, l\u2019AFD, la Banque mondiale et l\u2019Union europ\u00e9enne\u00a0\u00bb, souligne\u00a0<strong>Solomane<\/strong>\u00a0<strong>Kone<\/strong>, repr\u00e9sentant pays de la BAD.<\/p>\n<p>Selon ce dernier,\u00a0la mise en \u0153uvre des deux premi\u00e8res phases a permis d\u2019engranger des\u00a0<em>\u00ab\u00a0r\u00e9sultats consid\u00e9rables\u00a0sur les diff\u00e9rents axes du programme (\u2026) C\u2019est normal que nous (<strong>BAD<\/strong>) soutenions ses r\u00e9formes qui sont assez importantes non seulement pour le Cameroun mais aussi\u00a0pour la sous-r\u00e9gion. Le Cameroun est \u00e9galement un gros morceau de la sous-r\u00e9gion et le fait que le programme se d\u00e9roule normalement dans ce pays est une source de satisfaction\u00a0\u00bb.<\/em><\/p>\n<p><strong>Un portefeuille de 1 340 milliards de FCFA<\/strong><\/p>\n<p>Il convient de rappeler que le portefeuille de la BAD au Cameroun a atteint le cap de\u00a0<strong>1 340 milliards<\/strong>\u00a0<strong>de FCFA<\/strong> au mois de septembre 2019. Ces fonds ont d\u00e9j\u00e0 permis de financer <strong>30 projets<\/strong> dans le pays. Par contre, le 30 ao\u00fbt 2018, ledit portefeuille \u00e9tait de<strong>\u00a0875 milliards FCFA\u00a0<\/strong>et comprenait 23 projets, soit 14 projets nationaux, 5 projets r\u00e9gionaux et 4 projets du secteur priv\u00e9. De mani\u00e8re d\u00e9taill\u00e9e, le portefeuille de projets publics est reparti dans les secteurs transport\/TIC (62 %) ; l\u2019eau et l\u2019assainissement (2 %) ; l\u2019\u00e9nergie (8 %) ; l\u2019agriculture et l\u2019environnement (11 %), ainsi que la gouvernance (17 %). Parmi les projets r\u00e9alis\u00e9s par la BAD au pays, l\u2019on peut \u00e9voquer le corridor Yaound\u00e9- Brazzaville, la construction du pont sur le Ntem, le projet de la dorsale \u00e0 fibre optique et le c\u00e2ble sous-marin mis en eau \u00e0 Kribi, entre autres.<\/p>\n<div class=\"sharedaddy sd-sharing-enabled robots-nocontent sd-block sd-social sd-social-icon-text sd-sharing\">\n<h3 class=\"sd-title\">Partager\u00a0:<\/h3>\n<\/div>\n<p><h3 class=\"jp-relatedposts-headline\"><em>Articles similaires<\/em><\/h3>\n<\/p>\n<p>Auteur: Francky<br \/>\n<a href=\"https:\/\/ecomatin.net\/emprunt-de-52-milliards-fcfa-pour-la-rationalisation-des-finances-publiques\/\">Cliquez ici pour lire l&rsquo;article depuis sa source.<\/a><\/p>\n","protected":false},"excerpt":{"rendered":"<p>Le gouvernement camerounais, \u00e0 travers le ministre en charge de l\u2019Econome, a proc\u00e9d\u00e9 jeudi 19 d\u00e9cembre 2019 \u00e0 Yaound\u00e9, avec le repr\u00e9sentant pays de la Banque africaine de d\u00e9veloppement (BAD) \u00e0 la signature d\u2019un accord de pr\u00eat. D\u2019un montant de\u00a080,4 millions d\u2019euros\u00a0(52,74 milliards de FCFA), il est destin\u00e9 au financement de la troisi\u00e8me phase du [&hellip;]<\/p>\n","protected":false},"author":1969,"featured_media":0,"comment_status":"closed","ping_status":"closed","sticky":false,"template":"","format":"standard","meta":{"fifu_image_url":"","fifu_image_alt":"","footnotes":""},"categories":[82,78],"tags":[],"class_list":["post-70765","post","type-post","status-publish","format-standard","hentry","category-cameroun","category-economie"],"_links":{"self":[{"href":"https:\/\/linitiative.ca\/International\/wp-json\/wp\/v2\/posts\/70765","targetHints":{"allow":["GET"]}}],"collection":[{"href":"https:\/\/linitiative.ca\/International\/wp-json\/wp\/v2\/posts"}],"about":[{"href":"https:\/\/linitiative.ca\/International\/wp-json\/wp\/v2\/types\/post"}],"author":[{"embeddable":true,"href":"https:\/\/linitiative.ca\/International\/wp-json\/wp\/v2\/users\/1969"}],"replies":[{"embeddable":true,"href":"https:\/\/linitiative.ca\/International\/wp-json\/wp\/v2\/comments?post=70765"}],"version-history":[{"count":0,"href":"https:\/\/linitiative.ca\/International\/wp-json\/wp\/v2\/posts\/70765\/revisions"}],"wp:attachment":[{"href":"https:\/\/linitiative.ca\/International\/wp-json\/wp\/v2\/media?parent=70765"}],"wp:term":[{"taxonomy":"category","embeddable":true,"href":"https:\/\/linitiative.ca\/International\/wp-json\/wp\/v2\/categories?post=70765"},{"taxonomy":"post_tag","embeddable":true,"href":"https:\/\/linitiative.ca\/International\/wp-json\/wp\/v2\/tags?post=70765"}],"curies":[{"name":"wp","href":"https:\/\/api.w.org\/{rel}","templated":true}]}}