{"id":70767,"date":"2019-12-19T13:35:24","date_gmt":"2019-12-19T18:35:24","guid":{"rendered":"https:\/\/linitiative.ca\/International\/grave-incendie-au-centre-ville-de-yaounde\/"},"modified":"2019-12-19T13:35:24","modified_gmt":"2019-12-19T18:35:24","slug":"grave-incendie-au-centre-ville-de-yaounde","status":"publish","type":"post","link":"https:\/\/linitiative.ca\/International\/grave-incendie-au-centre-ville-de-yaounde\/","title":{"rendered":"Grave incendie au centre ville de Yaound\u00e9"},"content":{"rendered":"<div class=\"featured-area featured-area-inner\"><img loading=\"lazy\" decoding=\"async\" width=\"780\" height=\"405\" src=\"https:\/\/ecomatin.net\/wp-content\/uploads\/2019\/12\/IMG-20191219-WA0136-2-780x405.jpg?is-pending-load=1\" class=\"attachment-jannah-image-post size-jannah-image-post wp-post-image jetpack-lazy-image\" alt=\"\" srcset=\"data:image\/gif;base64,R0lGODlhAQABAIAAAAAAAP\/\/\/yH5BAEAAAAALAAAAAABAAEAAAIBRAA7\"\/><\/div>\n<div class=\"entry-content entry clearfix\" readability=\"36.7276785714\">\n<p>L\u2019immeuble Super FKT, situ\u00e9 proche de la cath\u00e9drale de Yaounde, abritant plusieurs boutiques de commercants camerounais et apparemment \u00e0 un propri\u00e9taire de nationalit\u00e9 libanaise est en feu\u2026selon les derni\u00e8res informations parvenues \u00e0 notre r\u00e9daction, l\u2019incendie devrait \u00eatre maitrisee par les pompiers de la capitale camerounaises<br \/>Plus d\u2019infos dans les heures qui suivent suivent\u2026<\/p>\n<div class=\"sharedaddy sd-sharing-enabled robots-nocontent sd-block sd-social sd-social-icon-text sd-sharing\">\n<h3 class=\"sd-title\">Partager\u00a0:<\/h3>\n<\/div>\n<p><h3 class=\"jp-relatedposts-headline\"><em>Articles similaires<\/em><\/h3>\n<\/p>\n<\/div>\n<div class=\"toggle-post-content clearfix\"><a id=\"toggle-post-button\" class=\"button\" href=\"#\">Afficher plus <\/a><\/div>\n<p>Auteur: Emile FIDIECK<br \/>\n<a href=\"https:\/\/ecomatin.net\/grave-incendie-au-centre-ville-de-yaounde\/\">Cliquez ici pour lire l&rsquo;article depuis sa source.<\/a><\/p>\n","protected":false},"excerpt":{"rendered":"<p>L\u2019immeuble Super FKT, situ\u00e9 proche de la cath\u00e9drale de Yaounde, abritant plusieurs boutiques de commercants camerounais et apparemment \u00e0 un propri\u00e9taire de nationalit\u00e9 libanaise est en feu\u2026selon les derni\u00e8res informations parvenues \u00e0 notre r\u00e9daction, l\u2019incendie devrait \u00eatre maitrisee par les pompiers de la capitale camerounaisesPlus d\u2019infos dans les heures qui suivent suivent\u2026 Partager\u00a0: Articles similaires [&hellip;]<\/p>\n","protected":false},"author":1969,"featured_media":0,"comment_status":"closed","ping_status":"closed","sticky":false,"template":"","format":"standard","meta":{"fifu_image_url":"","fifu_image_alt":"","footnotes":""},"categories":[82,78],"tags":[],"class_list":["post-70767","post","type-post","status-publish","format-standard","hentry","category-cameroun","category-economie"],"_links":{"self":[{"href":"https:\/\/linitiative.ca\/International\/wp-json\/wp\/v2\/posts\/70767","targetHints":{"allow":["GET"]}}],"collection":[{"href":"https:\/\/linitiative.ca\/International\/wp-json\/wp\/v2\/posts"}],"about":[{"href":"https:\/\/linitiative.ca\/International\/wp-json\/wp\/v2\/types\/post"}],"author":[{"embeddable":true,"href":"https:\/\/linitiative.ca\/International\/wp-json\/wp\/v2\/users\/1969"}],"replies":[{"embeddable":true,"href":"https:\/\/linitiative.ca\/International\/wp-json\/wp\/v2\/comments?post=70767"}],"version-history":[{"count":0,"href":"https:\/\/linitiative.ca\/International\/wp-json\/wp\/v2\/posts\/70767\/revisions"}],"wp:attachment":[{"href":"https:\/\/linitiative.ca\/International\/wp-json\/wp\/v2\/media?parent=70767"}],"wp:term":[{"taxonomy":"category","embeddable":true,"href":"https:\/\/linitiative.ca\/International\/wp-json\/wp\/v2\/categories?post=70767"},{"taxonomy":"post_tag","embeddable":true,"href":"https:\/\/linitiative.ca\/International\/wp-json\/wp\/v2\/tags?post=70767"}],"curies":[{"name":"wp","href":"https:\/\/api.w.org\/{rel}","templated":true}]}}