{"id":70768,"date":"2019-12-20T06:00:11","date_gmt":"2019-12-20T11:00:11","guid":{"rendered":"https:\/\/linitiative.ca\/International\/un-avant-gout-des-chantiers-touristiques-de-2020\/"},"modified":"2019-12-20T06:00:11","modified_gmt":"2019-12-20T11:00:11","slug":"un-avant-gout-des-chantiers-touristiques-de-2020","status":"publish","type":"post","link":"https:\/\/linitiative.ca\/International\/un-avant-gout-des-chantiers-touristiques-de-2020\/","title":{"rendered":"Un avant-go\u00fbt des chantiers touristiques de 2020"},"content":{"rendered":"<header readability=\"1.22142857143\">\n<\/header>\n<div class=\"entry-content clearfix\" readability=\"67\"><img decoding=\"async\" class=\"post_layout_5_img\" src=\"http:\/\/aujourdhui.ma\/wp-content\/uploads\/2019\/12\/ONMT-Marketing-Tourism-Day-2019.jpg?x29840\" alt=\"Un avant-go\u00fbt des chantiers touristiques de 2020\"\/><\/p>\n<p class=\"p1\"><span class=\"c4\"><strong><span class=\"s1\"><em>Convergence d\u2019actions, valorisation du voyageur marocain, ciblage de march\u00e9s porteurs\u2026<\/em><\/span><\/strong><\/span><span id=\"more-327459\"\/><\/p>\n<p class=\"p1\"><span class=\"s1\">Action et coh\u00e9sion. Ce sont les deux piliers autour desquels s\u2019articulera la vision touristique du Maroc pour ce nouveau cap. L\u2019id\u00e9e \u00e9tant d\u2019aligner l\u2019approche de l\u2019Office national marocain du tourisme (ONMT) \u00e0 celles des diff\u00e9rents acteurs en vue de renforcer la promotion de la destination Maroc. Un imp\u00e9ratif du march\u00e9 qui conf\u00e9rera plus d\u2019efficacit\u00e9 \u00e0 la d\u00e9marche touristique des diff\u00e9rentes parties prenantes. C\u2019est d\u2019ailleurs ce qu\u2019a d\u00e9duit l\u2019ensemble des intervenants du secteur des diff\u00e9rentes missions de prospection men\u00e9es ces derniers mois sur diff\u00e9rents march\u00e9s. \u00ab<em>C\u2019est une m\u00e9thode de travail qui s\u2019impose par le march\u00e9 lui-m\u00eame.<\/em><\/span><\/p>\n<p class=\"p1\"><span class=\"s1\"><em>Nous l\u2019avons bien compris. Quand on part avec la m\u00eame analyse et les m\u00eames plans, notre action est plus efficace<\/em>\u00bb, souligne dans ce sens Adil Fakir, directeur g\u00e9n\u00e9ral de l\u2019ONMT, en marge de la cl\u00f4ture de la premi\u00e8re \u00e9dition du \u00abMarketing Tourism Day\u00bb. Cet \u00e9v\u00e9nement vient en effet couronner l\u2019ambition de converger l\u2019action des acteurs publics<span class=\"Apple-converted-space\">\u00a0<\/span> et priv\u00e9s pour un \u00abMade in Morocco\u00bb touristique attractif et p\u00e9renne. Le timing est bien pens\u00e9 pour la tenue de cette manifestation qui perdurera dans le temps. Elle s\u2019inscrit en effet en aboutissement au travail enclench\u00e9 depuis 5 mois pour l\u2019\u00e9laboration du plan d\u2019action de l\u2019ann\u00e9e 2020. Les recommandations \u00e9mises lors de cette journ\u00e9e alimenteront ainsi la r\u00e9flexion sur ce qui va \u00eatre engag\u00e9 au titre des 12 prochains mois comme travail.<\/span><\/p>\n<p class=\"p1\"><span class=\"s1\">Pour ce faire, un planning sera fix\u00e9 pour op\u00e9rationnaliser chaque proposition dans les d\u00e9lais. Parmi les chantiers pr\u00e9vus, on note le renforcement de la contribution du tourisme interne \u00e0 l\u2019industrie touristique nationale. Une nouvelle approche sera incessamment adopt\u00e9e pour valoriser \u00able voyageur national\u00bb \u00e0 travers des offres pertinentes et une meilleure connaissance du produit.<\/span><\/p>\n<p class=\"p1\"><span class=\"s1\">La Conf\u00e9d\u00e9ration nationale du tourisme (CNT) d\u00e9voilera en janvier prochain sa strat\u00e9gie digitale.<\/span><\/p>\n<p class=\"p1\"><span class=\"s1\">Un dispositif qui vient en accompagnement aux membres de la conf\u00e9d\u00e9ration pour la conception de produits appropri\u00e9s au voyageur marocain. En parall\u00e8le \u00e0 cela, l\u2019ONMT et l\u2019ensemble des intervenants du secteur \u0153uvreront \u00e0 repositionner la destination Maroc sur l\u2019\u00e9chiquier international. Un focus particulier sera mis sur deux march\u00e9s \u00e0 forte croissance, en l\u2019occurrence la Chine et les \u00c9tats-unis. De m\u00eame, les actions de promotion et de prospection seront renforc\u00e9es sur les march\u00e9s traditionnel, notamment en dotant les 15 d\u00e9l\u00e9gations de l\u2019Office \u00e0 travers le monde de leur propre plan d\u2019action.<\/span><\/p>\n<\/div>\n<p>Auteur: Kawtar Tali<br \/>\n<a href=\"http:\/\/aujourdhui.ma\/economie\/un-avant-gout-des-chantiers-touristiques-de-2020\">Cliquez ici pour lire l&rsquo;article depuis sa source.<\/a><\/p>\n","protected":false},"excerpt":{"rendered":"<p>Convergence d\u2019actions, valorisation du voyageur marocain, ciblage de march\u00e9s porteurs\u2026 Action et coh\u00e9sion. Ce sont les deux piliers autour desquels s\u2019articulera la vision touristique du Maroc pour ce nouveau cap. L\u2019id\u00e9e \u00e9tant d\u2019aligner l\u2019approche de l\u2019Office national marocain du tourisme (ONMT) \u00e0 celles des diff\u00e9rents acteurs en vue de renforcer la promotion de la destination [&hellip;]<\/p>\n","protected":false},"author":1759,"featured_media":0,"comment_status":"closed","ping_status":"closed","sticky":false,"template":"","format":"standard","meta":{"fifu_image_url":"","fifu_image_alt":"","footnotes":""},"categories":[73,54],"tags":[],"class_list":["post-70768","post","type-post","status-publish","format-standard","hentry","category-actualite","category-maroc"],"_links":{"self":[{"href":"https:\/\/linitiative.ca\/International\/wp-json\/wp\/v2\/posts\/70768","targetHints":{"allow":["GET"]}}],"collection":[{"href":"https:\/\/linitiative.ca\/International\/wp-json\/wp\/v2\/posts"}],"about":[{"href":"https:\/\/linitiative.ca\/International\/wp-json\/wp\/v2\/types\/post"}],"author":[{"embeddable":true,"href":"https:\/\/linitiative.ca\/International\/wp-json\/wp\/v2\/users\/1759"}],"replies":[{"embeddable":true,"href":"https:\/\/linitiative.ca\/International\/wp-json\/wp\/v2\/comments?post=70768"}],"version-history":[{"count":0,"href":"https:\/\/linitiative.ca\/International\/wp-json\/wp\/v2\/posts\/70768\/revisions"}],"wp:attachment":[{"href":"https:\/\/linitiative.ca\/International\/wp-json\/wp\/v2\/media?parent=70768"}],"wp:term":[{"taxonomy":"category","embeddable":true,"href":"https:\/\/linitiative.ca\/International\/wp-json\/wp\/v2\/categories?post=70768"},{"taxonomy":"post_tag","embeddable":true,"href":"https:\/\/linitiative.ca\/International\/wp-json\/wp\/v2\/tags?post=70768"}],"curies":[{"name":"wp","href":"https:\/\/api.w.org\/{rel}","templated":true}]}}