{"id":70771,"date":"2019-12-20T08:35:15","date_gmt":"2019-12-20T13:35:15","guid":{"rendered":"https:\/\/linitiative.ca\/International\/formation-professionnelle-2426-millions-dh-pour-la-cite-des-metiers-et-des-competences-dagadir\/"},"modified":"2019-12-20T08:35:15","modified_gmt":"2019-12-20T13:35:15","slug":"formation-professionnelle-2426-millions-dh-pour-la-cite-des-metiers-et-des-competences-dagadir","status":"publish","type":"post","link":"https:\/\/linitiative.ca\/International\/formation-professionnelle-2426-millions-dh-pour-la-cite-des-metiers-et-des-competences-dagadir\/","title":{"rendered":"Formation professionnelle : 242,6 millions DH pour la Cit\u00e9 des m\u00e9tiers  et des comp\u00e9tences d\u2019Agadir"},"content":{"rendered":"<p><img decoding=\"async\" class=\"post_layout_5_img\" src=\"http:\/\/aujourdhui.ma\/wp-content\/uploads\/2019\/12\/OFPPT.jpg?x29840\" alt=\"Formation professionnelle : 242,6 millions DH pour la Cit\u00e9 des m\u00e9tiers et des comp\u00e9tences d\u2019Agadir\"\/><\/p>\n<p class=\"p1\"><span class=\"c4\"><strong><span class=\"s1\">242,6 millions DH est l\u2019enveloppe budg\u00e9taire allou\u00e9e aux travaux de construction de la Cit\u00e9 des m\u00e9tiers et des comp\u00e9tences d\u2019Agadir (CMC).<\/span><\/strong><\/span><span id=\"more-327486\"\/><\/p>\n<p class=\"p1\"><span class=\"s1\">L\u2019Office de la formation professionnelle et de la promotion du travail (OFPPT), en tant que ma\u00eetre d\u2019ouvrage de ce projet, vient de lancer un appel d\u2019offres pour recruter le 16 janvier prochain l\u2019adjudicataire du march\u00e9 relatif \u00e0 la r\u00e9alisation des travaux de construction de la nouvelle Cit\u00e9 des m\u00e9tiers et des comp\u00e9tences, et qui \u00e9lira domicile dans la commune de Drarga, situ\u00e9e \u00e0 l\u2019entr\u00e9e de la ville d\u2019Agadir, et devra s\u2019\u00e9tendre sur une superficie globale de 15 ha.<\/span><\/p>\n<p class=\"p1\"><span class=\"s1\">Cette derni\u00e8re a \u00e9t\u00e9 pens\u00e9e autour de structures communes incluant entre autres l\u2019internat et l\u2019espace sportif, 11 p\u00f4les sectoriels, ainsi qu\u2019une s\u00e9rie de locaux divers. Elle fonctionnera sur la base du principe de la mutualisation dans un esprit d\u2019optimisation de l\u2019utilisation des ressources disponibles, notamment pour les plates-formes num\u00e9riques.<\/span><\/p>\n<p class=\"p1\"><span class=\"s1\">Cet espace comportera des structures sp\u00e9cifiques \u00e0 l\u2019instar des cha\u00eenes de production p\u00e9dagogiques, des centres de simulation et les halls technologiques, de fa\u00e7on \u00e0 recr\u00e9er l\u2019environnement professionnel n\u00e9cessaire \u00e0 l\u2019acquisition des comp\u00e9tences s\u2019inscrivant dans la pratique r\u00e9elle d\u2019un m\u00e9tier.<\/span><\/p>\n<p class=\"p1\"><span class=\"s1\">Ainsi, la CMC d\u2019Agadir va privil\u00e9gier des formations qui r\u00e9pondent aux sp\u00e9cificit\u00e9s et aux potentialit\u00e9s de la r\u00e9gion Souss-Massa, \u00e0 la fois dans les m\u00e9tiers li\u00e9s aux domaines d\u2019activit\u00e9s porteurs de l\u2019\u00e9cosyst\u00e8me local, mais aussi dans les m\u00e9tiers du futur tels que le Digital-offshoring.<\/span><\/p>\n<p class=\"p1\"><span class=\"s1\">La nouvelle Cit\u00e9 pourra accueillir et d\u00e9velopper l\u2019ensemble des programmes destin\u00e9s aux jeunes travaillant dans le secteur informel, visant \u00e0 renforcer leurs comp\u00e9tences techniques et transversales, notamment en langues, afin de leur permettre d\u2019int\u00e9grer le secteur formel dans des conditions satisfaisantes.<\/span><\/p>\n<p class=\"p1\"><span class=\"s1\">Pour rappel, l\u2019OFPPT s\u2019est engag\u00e9 \u00e0 accompagner la dynamique du Plan d\u2019acc\u00e9l\u00e9ration industrielle au niveau de la r\u00e9gion du Souss-Massa, \u00e0 travers le d\u00e9veloppement d\u2019\u00e9cosyst\u00e8mes qui visent la cr\u00e9ation de 19.000 emplois. L\u2019Office s\u2019est engag\u00e9 \u00e0 accompagner cette dynamique par la formation des ressources humaines n\u00e9cessaires pour l\u2019installation de plusieurs \u00e9cosyst\u00e8mes industriels.<\/span><\/p>\n<p class=\"p1\"><span class=\"s1\">Ces opportunit\u00e9s de travail se repartissent entre le secteur naval (1.000 emplois), le cuir (2.000), l\u2019automobile (10.000), la plasturgie (1.500), les mat\u00e9riaux de construction (2.500) ainsi que les \u00e9cosyst\u00e8mes offshoring (1.500) et chimie (500).<\/span><\/p>\n<p class=\"p1\"><span class=\"s1\">La feuille de route de l\u2019OFPPT repose sur une diversification de l\u2019offre de formation \u00e0 travers la mise en place de nouvelles fili\u00e8res de formation en plasturgie, en cuir, et en mat\u00e9riaux de construction, le renforcement de l\u2019offre en logistique, en soft skills (langues et communication et relation client\u00e8le) pour l\u2019offshoring.<\/span><\/p>\n<p>Auteur: Mohamed Laabid<br \/>\n<a href=\"http:\/\/aujourdhui.ma\/emploi\/formation\/formation-professionnelle-2426-millions-dh-pour-la-cite-des-metiers-et-des-competences-dagadir\">Cliquez ici pour lire l&rsquo;article depuis sa source.<\/a><\/p>\n","protected":false},"excerpt":{"rendered":"<p>242,6 millions DH est l\u2019enveloppe budg\u00e9taire allou\u00e9e aux travaux de construction de la Cit\u00e9 des m\u00e9tiers et des comp\u00e9tences d\u2019Agadir (CMC). L\u2019Office de la formation professionnelle et de la promotion du travail (OFPPT), en tant que ma\u00eetre d\u2019ouvrage de ce projet, vient de lancer un appel d\u2019offres pour recruter le 16 janvier prochain l\u2019adjudicataire du [&hellip;]<\/p>\n","protected":false},"author":1759,"featured_media":0,"comment_status":"closed","ping_status":"closed","sticky":false,"template":"","format":"standard","meta":{"fifu_image_url":"","fifu_image_alt":"","footnotes":""},"categories":[73,54],"tags":[],"class_list":["post-70771","post","type-post","status-publish","format-standard","hentry","category-actualite","category-maroc"],"_links":{"self":[{"href":"https:\/\/linitiative.ca\/International\/wp-json\/wp\/v2\/posts\/70771","targetHints":{"allow":["GET"]}}],"collection":[{"href":"https:\/\/linitiative.ca\/International\/wp-json\/wp\/v2\/posts"}],"about":[{"href":"https:\/\/linitiative.ca\/International\/wp-json\/wp\/v2\/types\/post"}],"author":[{"embeddable":true,"href":"https:\/\/linitiative.ca\/International\/wp-json\/wp\/v2\/users\/1759"}],"replies":[{"embeddable":true,"href":"https:\/\/linitiative.ca\/International\/wp-json\/wp\/v2\/comments?post=70771"}],"version-history":[{"count":0,"href":"https:\/\/linitiative.ca\/International\/wp-json\/wp\/v2\/posts\/70771\/revisions"}],"wp:attachment":[{"href":"https:\/\/linitiative.ca\/International\/wp-json\/wp\/v2\/media?parent=70771"}],"wp:term":[{"taxonomy":"category","embeddable":true,"href":"https:\/\/linitiative.ca\/International\/wp-json\/wp\/v2\/categories?post=70771"},{"taxonomy":"post_tag","embeddable":true,"href":"https:\/\/linitiative.ca\/International\/wp-json\/wp\/v2\/tags?post=70771"}],"curies":[{"name":"wp","href":"https:\/\/api.w.org\/{rel}","templated":true}]}}