{"id":70772,"date":"2019-12-20T08:55:19","date_gmt":"2019-12-20T13:55:19","guid":{"rendered":"https:\/\/linitiative.ca\/International\/en-marge-du-festival-des-migrations-la-societe-civile-maghrebine-rend-hommage-a-driss-el-yazami\/"},"modified":"2019-12-20T08:55:19","modified_gmt":"2019-12-20T13:55:19","slug":"en-marge-du-festival-des-migrations-la-societe-civile-maghrebine-rend-hommage-a-driss-el-yazami","status":"publish","type":"post","link":"https:\/\/linitiative.ca\/International\/en-marge-du-festival-des-migrations-la-societe-civile-maghrebine-rend-hommage-a-driss-el-yazami\/","title":{"rendered":"En marge du Festival des migrations : La soci\u00e9t\u00e9 civile maghr\u00e9bine rend hommage \u00e0 Driss El Yazami"},"content":{"rendered":"<p><img decoding=\"async\" class=\"post_layout_5_img\" src=\"http:\/\/aujourdhui.ma\/wp-content\/uploads\/2019\/12\/Driss-El-Yazami-migration-festival.jpg?x29840\" alt=\"En marge du Festival des migrations : La soci\u00e9t\u00e9 civile maghr\u00e9bine rend hommage \u00e0 Driss El Yazami\"\/><\/p>\n<p class=\"p1\"><span class=\"c4\"><strong>L\u2019originalit\u00e9 de cette \u00e9dition consiste dans le fait que pour la premi\u00e8re fois, \u00abAlmougar Nin Mouda\u00bb est mis sur pied le 18 d\u00e9cembre, date correspondant \u00e0 la Journ\u00e9e internationale des migrants.<\/strong><\/span><span id=\"more-327491\"\/><\/p>\n<p class=\"p1\"><span class=\"s1\">La ville d\u2019Agadir a accueilli du 18 au 19 d\u00e9cembre la cinqui\u00e8me \u00e9dition du Festival des migrations \u00abAlmougar Nin Mouda\u00bb sous le th\u00e8me \u00abL\u2019hospitalit\u00e9 et l\u2019inhospitalit\u00e9 envers les migrants dans les soci\u00e9t\u00e9s m\u00e9diterran\u00e9ennes du XVI au XXI si\u00e8cle\u00bb, et qui a \u00e9t\u00e9 marqu\u00e9e par l\u2019hommage rendu par la soci\u00e9t\u00e9 civile maghr\u00e9bine \u00e0 Driss<br \/>El Yazami, ancien pr\u00e9sident du Conseil national des droits de l\u2019Homme (CNDH) et du Conseil de la communaut\u00e9 marocaine \u00e0 l\u2019\u00e9tranger (CCME) et militant pour les droits des migrants.<\/span><\/p>\n<p class=\"p1\"><span class=\"s1\">Le festival a pour finalit\u00e9 d\u2019\u00e9clairer au plus pr\u00e8s les \u00e9volutions constat\u00e9es en mati\u00e8re de migrations, de mettre \u00e0 plat les diverses probl\u00e9matiques r\u00e9currentes en tentant pour ce faire d\u2019y apporter un \u00e9clairage actualis\u00e9 et produit sous divers horizons acad\u00e9miques et scientifiques. Il a \u00e9galement pour but d\u2019\u00e9tablir des d\u00e9bats f\u00e9conds entre chercheurs venus d\u2019horizons g\u00e9ographiques, mais aussi institutionnels divers, de m\u00eame que de permettre aux jeunes doctorants-chercheurs de b\u00e9n\u00e9ficier de tout l\u2019apport que peuvent receler les interactions entre eux-m\u00eames et l\u2019ensemble des participants convi\u00e9s \u00e0 cette manifestation.<\/span><\/p>\n<p class=\"p1\"><span class=\"s1\">L\u2019originalit\u00e9 de cette \u00e9dition consiste dans le fait que pour la premi\u00e8re fois, \u00abAlmougar Nin Mouda\u00bb est mis sur pied le 18 d\u00e9cembre, date correspondant \u00e0 la Journ\u00e9e internationale des migrants.<\/span><\/p>\n<p class=\"p1\"><span class=\"s1\">Les travaux de cette \u00e9dition se sont articul\u00e9s autour de trois axes principaux, \u00e0 savoir les perceptions de l\u2019(in)hospitalit\u00e9, les pratiques de l\u2019(in)hospitalit\u00e9, et les lieux de l\u2019(in)hospitalit\u00e9 en pr\u00e9sence de nombreux chercheurs.<br \/>L\u2019hommage rendu \u00e0 Driss<br \/>El Yazami a constitu\u00e9 l\u2019un des moments forts de cet \u00e9v\u00e9nement. N\u00e9 en 1952 \u00e0 F\u00e8s, M. El Yazami, ancien pr\u00e9sident du CNDH et du CCME, est dipl\u00f4m\u00e9 de l\u2019Ecole sup\u00e9rieure de commerce de Marseille et du Centre de formation et de perfectionnement des journalistes de Paris. Il est d\u00e9l\u00e9gu\u00e9 g\u00e9n\u00e9ral de \u00abG\u00e9n\u00e9riques\u00bb, une association sp\u00e9cialis\u00e9e dans l\u2019histoire des \u00e9trangers et de l\u2019immigration en France, et r\u00e9dacteur en chef de la revue \u00abMigrance\u00bb.<\/span><\/p>\n<p class=\"p1\"><span class=\"s1\">Ancien membre du conseil d\u2019orientation du Groupe d\u2019\u00e9tudes et de lutte contre les discriminations (GELD), ancien vice-pr\u00e9sident de la Ligue fran\u00e7aise des droits de l\u2019Homme (LDH), ancien secr\u00e9taire g\u00e9n\u00e9ral de la F\u00e9d\u00e9ration internationale des ligues des droits de l\u2019Homme (FlDH) et ex-membre du comit\u00e9 ex\u00e9cutif du R\u00e9seau euro-m\u00e9diterran\u00e9en des droits de l\u2019Homme, M. El Yazami fut co-r\u00e9alisateur du film \u00abFrance, terre d\u2019Islam?\u00bb en 1984.<\/span><\/p>\n<p class=\"p1\"><span class=\"s1\">Pour rappel, ce festival a \u00e9t\u00e9 organis\u00e9 par l\u2019Observatoire r\u00e9gional de migration : Espace et Soci\u00e9t\u00e9 (ORMES) relavant de la Facult\u00e9 des lettres et des sciences humaines Ibn Zohr, en collaboration avec des partenaires internationaux.<\/span><\/p>\n<p>Auteur: Mohamed Laabid<br \/>\n<a href=\"http:\/\/aujourdhui.ma\/societe\/en-marge-du-festival-des-migrations-la-societe-civile-maghrebine-rend-hommage-a-driss-el-yazami\">Cliquez ici pour lire l&rsquo;article depuis sa source.<\/a><\/p>\n","protected":false},"excerpt":{"rendered":"<p>L\u2019originalit\u00e9 de cette \u00e9dition consiste dans le fait que pour la premi\u00e8re fois, \u00abAlmougar Nin Mouda\u00bb est mis sur pied le 18 d\u00e9cembre, date correspondant \u00e0 la Journ\u00e9e internationale des migrants. La ville d\u2019Agadir a accueilli du 18 au 19 d\u00e9cembre la cinqui\u00e8me \u00e9dition du Festival des migrations \u00abAlmougar Nin Mouda\u00bb sous le th\u00e8me \u00abL\u2019hospitalit\u00e9 [&hellip;]<\/p>\n","protected":false},"author":1759,"featured_media":0,"comment_status":"closed","ping_status":"closed","sticky":false,"template":"","format":"standard","meta":{"fifu_image_url":"","fifu_image_alt":"","footnotes":""},"categories":[73,54],"tags":[],"class_list":["post-70772","post","type-post","status-publish","format-standard","hentry","category-actualite","category-maroc"],"_links":{"self":[{"href":"https:\/\/linitiative.ca\/International\/wp-json\/wp\/v2\/posts\/70772","targetHints":{"allow":["GET"]}}],"collection":[{"href":"https:\/\/linitiative.ca\/International\/wp-json\/wp\/v2\/posts"}],"about":[{"href":"https:\/\/linitiative.ca\/International\/wp-json\/wp\/v2\/types\/post"}],"author":[{"embeddable":true,"href":"https:\/\/linitiative.ca\/International\/wp-json\/wp\/v2\/users\/1759"}],"replies":[{"embeddable":true,"href":"https:\/\/linitiative.ca\/International\/wp-json\/wp\/v2\/comments?post=70772"}],"version-history":[{"count":0,"href":"https:\/\/linitiative.ca\/International\/wp-json\/wp\/v2\/posts\/70772\/revisions"}],"wp:attachment":[{"href":"https:\/\/linitiative.ca\/International\/wp-json\/wp\/v2\/media?parent=70772"}],"wp:term":[{"taxonomy":"category","embeddable":true,"href":"https:\/\/linitiative.ca\/International\/wp-json\/wp\/v2\/categories?post=70772"},{"taxonomy":"post_tag","embeddable":true,"href":"https:\/\/linitiative.ca\/International\/wp-json\/wp\/v2\/tags?post=70772"}],"curies":[{"name":"wp","href":"https:\/\/api.w.org\/{rel}","templated":true}]}}