{"id":70773,"date":"2019-12-20T12:00:07","date_gmt":"2019-12-20T17:00:07","guid":{"rendered":"https:\/\/linitiative.ca\/International\/asus-et-son-partenaire-intel-annoncent-le-lancement-en-tunisie-de-leurs-dernieres-innovations-a-2-ecrans-le-zenbook-duo-ux481-et-le-zenbook-14-ux434\/"},"modified":"2019-12-20T12:00:07","modified_gmt":"2019-12-20T17:00:07","slug":"asus-et-son-partenaire-intel-annoncent-le-lancement-en-tunisie-de-leurs-dernieres-innovations-a-2-ecrans-le-zenbook-duo-ux481-et-le-zenbook-14-ux434","status":"publish","type":"post","link":"https:\/\/linitiative.ca\/International\/asus-et-son-partenaire-intel-annoncent-le-lancement-en-tunisie-de-leurs-dernieres-innovations-a-2-ecrans-le-zenbook-duo-ux481-et-le-zenbook-14-ux434\/","title":{"rendered":"Asus et son partenaire Intel annoncent le lancement en Tunisie\u00a0 de leurs derni\u00e8res innovations \u00e0 2 \u00e9crans : le ZenBook Duo (UX481) et le ZenBook 14 (UX434)"},"content":{"rendered":"<p>Asus et son partenaire Intel viennent d\u2019annoncer, le lancement en Tunisie\u00a0de leurs toutes derni\u00e8res innovations \u00e0 2 \u00e9crans: \u00e0 savoir le ZenBook Duo (UX481) et le ZenBook 14 (UX434). Il s\u2019agit pour le ZenBook<\/p>\n<p><img decoding=\"async\" src=\"https:\/\/lexpertjournal.net\/fr\/wp-content\/uploads\/sites\/2\/2019\/12\/Asus-ZenBookduo.png\" alt=\"\" class=\"wp-image-11072\" srcset=\"http:\/\/lexpertjournal.net\/fr\/wp-content\/uploads\/sites\/2\/2019\/12\/Asus-ZenBookduo.png 564w, http:\/\/lexpertjournal.net\/fr\/wp-content\/uploads\/sites\/2\/2019\/12\/Asus-ZenBookduo-300x153.png 300w\" sizes=\"(max-width: 564px) 100vw, 564px\"\/><\/p>\n<p>Duo du premier PC portable au monde avec ScreenPad qui offre une nouvelle exp\u00e9rience d\u2019utilisation pour une cr\u00e9ativit\u00e9 \u00e9tendue. Tandis que pour le ZenBook 14, il s\u2019agit d\u2019un PC ultra-fin, sans doute un chef-d\u2019\u0153uvre con\u00e7u \u00e0 partir d\u2019un savant m\u00e9lange de cr\u00e9ativit\u00e9, de style et d\u2019innovation. Le ZenBook Duo, l\u2019ordinateur de demain Le ZenBook Duo est sans doute l\u2019ordinateur de demain, il int\u00e8gre pour la premi\u00e8re fois au monde un v\u00e9ritable deuxi\u00e8me \u00e9cran au-dessus du clavier. Baptis\u00e9e ScreenPad\u2122 Plus, cette technologie se mat\u00e9rialise sur le format 14 pouces (UX481) par un second \u00e9cran tactile Full HD de 12,6 pouces. Celui-ci interagit de mani\u00e8re transparente avec l\u2019\u00e9cran principal. Gr\u00e2ce \u00e0 un puissant processeur Intel Core i7 de 10 \u00e8me g\u00e9n\u00e9ration, une carte graphique GeForce MX250 et une interface Wi-Fi 6, le ZenBook Duo est un PC ultraportable, con\u00e7u pour une cr\u00e9ativit\u00e9 sans effort et sans limite. Il est capable de prendre en charge facilement toutes les applications affich\u00e9es \u00e0 la fois sur votre \u00e9cran principal et sur le ScreenPad Plus afin de fluidifier le flux de vos t\u00e2ches. 2 of 3 Points-cl\u00e9s du ZenBook Duo: -Premier PC portable au monde avec ScreenPad\u2122 Plus: L\u2019Asus ScreenPad\u2122 Plus vous fera vivre une toute nouvelle exp\u00e9rience d\u2019utilisation pour une cr\u00e9ativit\u00e9 \u00e9tendue. D\u00e9multipliez les possibilit\u00e9s d\u2019optimisation de votre flux de travail et stimulez votre productivit\u00e9 gr\u00e2ce aux nombreuses applications int\u00e9gr\u00e9es. -Performances ultra-puissantes: Pour des performances lib\u00e9ratrices de votre cr\u00e9ativit\u00e9, le ZenBook Duo int\u00e8gre un processeur Intel\u00ae Core\u2122 i7 de 10\u00e8me g\u00e9n\u00e9ration, une carte graphique NVIDIA\u00ae GeForce\u00ae MX250 et une interface Wi-Fi 6. -Superbes images: L\u2019\u00e9cran principal NanoEdge Full HD \u00e0 cadre ultrafin (rapport \u00e9cran\/appareil de 90%) am\u00e9liore consid\u00e9rablement votre exp\u00e9rience visuelle : plus d\u2019espace d\u2019affichage et une pr\u00e9cision des couleurs de qualit\u00e9 professionnelle, certifi\u00e9e Pantone. -Au-del\u00e0 d\u2019une journ\u00e9e de travail: Jusqu\u2019\u00e0 22 heures d\u2019autonomie de la batterie pour un confort d\u2019utilisation optimal en d\u00e9placement. ZenBook Duo offre un petit plus: Avec le stylet Asus fourni, profitez d\u2019une plate-forme stable pour \u00e9crire ou dessiner, de quoi ravir les cr\u00e9ateurs de contenus et exprimer toute votre cr\u00e9ativit\u00e9. L\u2019Asus ZenBook Duo (UX481) est disponible \u00e0 partir de mi-janvier au prix de 4399 DT. Le ZenBook 14: un m\u00e9lange de cr\u00e9ativit\u00e9, de style et d\u2019innovation Style, cr\u00e9ativit\u00e9 et innovation, telles sont les qualit\u00e9s de l\u2019\u00e9l\u00e9gant ZenBook 14. Chaque d\u00e9tail de ce bijou technologique ultra-fin de 14 pouces et plus, et particuli\u00e8rement son incroyable \u00e9cran NanoEdge associ\u00e9 \u00e0 l\u2019innovant ScreenPad\u2122 2.0, a \u00e9t\u00e9 soigneusement fa\u00e7onn\u00e9 dans l\u2019unique but de vous aider \u00e0 laisser libre court \u00e0 votre cr\u00e9ativit\u00e9. Points-cl\u00e9s du ZenBook 14 -Le pav\u00e9 tactile intelligent: Le nouveau ScreenPad\u2122 2.0 am\u00e9liore consid\u00e9rablement l\u2019exp\u00e9rience utilisateur classique sur PC portable, de par son \u00e9cran secondaire contribuant \u00e0 la productivit\u00e9 et au travail multit\u00e2che. Son interface intuitive similaire \u00e0 celle d\u2019un smartphone (5,65\u2019\u2019) vous aide \u00e0 g\u00e9rer vos t\u00e2ches facilement ainsi qu\u2019\u00e0 cr\u00e9er votre flux multit\u00e2che id\u00e9al. -La beaut\u00e9 au-del\u00e0 du r\u00e9el\u00a0: L\u2019\u00e9cran NanoEdge Full HD du ZenBook 14 est tout simplement \u00e9patant : l\u2019immersion est totale gr\u00e2ce \u00e0 un cadre ultrafin (2,9 mm) et aucune distraction n\u2019\u00e9loigne votre regard ! La dalle IPS retro\u00e9clair\u00e9e incorpore une technologie grand angle pour des images id\u00e9ales m\u00eame lorsque vous \u00eates excentr\u00e9 par rapport \u00e0 l\u2019\u00e9cran. -Format ultra-compact: Le ZenBook 14 est le pr\u00e9curseur d\u2019une nouvelle \u00e8re en mati\u00e8re de design ultra- portable gr\u00e2ce \u00e0 son ch\u00e2ssis \u00e0 la fois compact et l\u00e9ger (16,9 mm d\u2019\u00e9paisseur et 1,26 kg seulement). Il est l\u2019ordinateur portable de 14 pouces le plus petit au monde et son rapport \u00e9cran\/appareil est de 95% pour un encombrement ultracompact (format A4). 3 of 3 L\u2019Asus ZenBook 14 (UX434) est disponible \u00e0 partir de mi-janvier au prix de 3799 DT. A propos d\u2019ASUS Pour cr\u00e9er l\u2019\u00e9patant syst\u00e8me audio \u00e0 quatre haut-parleurs du ZenBook Duo, l\u2019\u00e9quipe ASUS Golden Ear a collabor\u00e9 avec les experts audio de Harman Kardon. Le m\u00e9lange unique de composants de qualit\u00e9 et de la technologie Smart ASUS est une entreprise multinationale reconnue pour l\u2019excellence de ses ordinateurs, routeurs, cartes m\u00e8res et cartes graphiques. Elle ambitionne de devenir la marque la plus innovante et la plus appr\u00e9ci\u00e9e dans le domaine des technologies. Employant plus de 5 000 ing\u00e9nieurs R&#038;D \u00e0 travers le monde, ASUS est leader du secteur gr\u00e2ce \u00e0 ses designs avant- gardistes et ses innovations de pointe con\u00e7us pour offrir \u00e0 chacun une exp\u00e9rience d\u2019utilisation exceptionnelle. ASUS s\u2019inspire chaque jour de l\u2019ADN de la marque canalis\u00e9 dans l\u2019expression \u00ab In Search of Incredible \u00bb (en fran\u00e7ais, \u00abl\u2019innovation au service de la perfection\u00bb). En 2018, plusieurs milliers de r\u00e9compenses ont \u00e9t\u00e9 d\u00e9cern\u00e9es \u00e0 l\u2019entreprise qui occupe une place de choix dans les classements Forbes, Thomson Reuters et Fortune en tant que marque parmi les plus appr\u00e9ci\u00e9es au monde.<\/p>\n<p><img alt=\"\"\/><\/p>\n<p class=\"dpsp-share-text\">Partager c&rsquo;est aimer!<\/p>\n<div class=\"wp-post-author-wrap wp-post-author-shortcode left\">\n<h3 class=\"awpa-title\"\/>\n<div class=\"wp-post-author\">\n<div class=\"awpa-img awpa-author-block square\"><a href=\"http:\/\/lexpertjournal.net\/fr\/author\/expert\/\"><img loading=\"lazy\" decoding=\"async\" alt=\"\" src=\"http:\/\/0.gravatar.com\/avatar\/c828f0b17d24309f0d01a4eac3747085?s=150&#038;d=mm&#038;r=g\" srcset=\"http:\/\/0.gravatar.com\/avatar\/c828f0b17d24309f0d01a4eac3747085?s=300&#038;d=mm&#038;r=g 2x\" class=\"avatar avatar-150 photo\" height=\"150\" width=\"150\"\/><\/a><\/div>\n<\/div>\n<\/div>\n<p>Auteur: L&rsquo;expert<br \/>\n<a href=\"http:\/\/lexpertjournal.net\/fr\/2019\/12\/20\/asus-et-son-partenaire-intel-annoncent-le-lancement-en-tunisie-de-leurs-dernieres-innovations-a-2-ecrans-le-zenbook-duo-ux481-et-le-zenbook-14-ux434\/\">Cliquez ici pour lire l&rsquo;article depuis sa source.<\/a><\/p>\n","protected":false},"excerpt":{"rendered":"<p>Asus et son partenaire Intel viennent d\u2019annoncer, le lancement en Tunisie\u00a0de leurs toutes derni\u00e8res innovations \u00e0 2 \u00e9crans: \u00e0 savoir le ZenBook Duo (UX481) et le ZenBook 14 (UX434). Il s\u2019agit pour le ZenBook Duo du premier PC portable au monde avec ScreenPad qui offre une nouvelle exp\u00e9rience d\u2019utilisation pour une cr\u00e9ativit\u00e9 \u00e9tendue. Tandis que [&hellip;]<\/p>\n","protected":false},"author":1775,"featured_media":70774,"comment_status":"closed","ping_status":"closed","sticky":false,"template":"","format":"standard","meta":{"fifu_image_url":"","fifu_image_alt":"","footnotes":""},"categories":[78,55],"tags":[],"class_list":["post-70773","post","type-post","status-publish","format-standard","has-post-thumbnail","hentry","category-economie","category-tunisie"],"_links":{"self":[{"href":"https:\/\/linitiative.ca\/International\/wp-json\/wp\/v2\/posts\/70773","targetHints":{"allow":["GET"]}}],"collection":[{"href":"https:\/\/linitiative.ca\/International\/wp-json\/wp\/v2\/posts"}],"about":[{"href":"https:\/\/linitiative.ca\/International\/wp-json\/wp\/v2\/types\/post"}],"author":[{"embeddable":true,"href":"https:\/\/linitiative.ca\/International\/wp-json\/wp\/v2\/users\/1775"}],"replies":[{"embeddable":true,"href":"https:\/\/linitiative.ca\/International\/wp-json\/wp\/v2\/comments?post=70773"}],"version-history":[{"count":0,"href":"https:\/\/linitiative.ca\/International\/wp-json\/wp\/v2\/posts\/70773\/revisions"}],"wp:featuredmedia":[{"embeddable":true,"href":"https:\/\/linitiative.ca\/International\/wp-json\/"}],"wp:attachment":[{"href":"https:\/\/linitiative.ca\/International\/wp-json\/wp\/v2\/media?parent=70773"}],"wp:term":[{"taxonomy":"category","embeddable":true,"href":"https:\/\/linitiative.ca\/International\/wp-json\/wp\/v2\/categories?post=70773"},{"taxonomy":"post_tag","embeddable":true,"href":"https:\/\/linitiative.ca\/International\/wp-json\/wp\/v2\/tags?post=70773"}],"curies":[{"name":"wp","href":"https:\/\/api.w.org\/{rel}","templated":true}]}}