{"id":70777,"date":"2019-12-20T11:02:00","date_gmt":"2019-12-20T16:02:00","guid":{"rendered":"https:\/\/linitiative.ca\/International\/actualise-44e-vendredi-les-manifestants-denoncent-une-absence-de-legitimite\/"},"modified":"2019-12-20T11:02:00","modified_gmt":"2019-12-20T16:02:00","slug":"actualise-44e-vendredi-les-manifestants-denoncent-une-absence-de-legitimite","status":"publish","type":"post","link":"https:\/\/linitiative.ca\/International\/actualise-44e-vendredi-les-manifestants-denoncent-une-absence-de-legitimite\/","title":{"rendered":"[Actualis\u00e9] 44e vendredi : Les manifestants d\u00e9noncent une \u00ab absence de l\u00e9gitimit\u00e9 \u00bb"},"content":{"rendered":"<div id=\"originalText\" readability=\"71\">\n<p>Une semaine apr\u00e8s le scrutin pr\u00e9sidentiel et au lendemain de la prestation de serment du nouveau Pr\u00e9sident Abdelmadjid Tebboune, les manifestants ont, ce vendredi, et pour la 44e fois cons\u00e9cutive, investi les rues d\u2019Alger pour maintenir leur revendication principale \u00ab\u00a0le d\u00e9part de tout le syst\u00e8me\u00a0\u00bb.<\/p>\n<p>Les premiers rassemblements ont commenc\u00e9 peu avant midi, \u00e0 hauteur de la rue Didouche Mourad, o\u00f9 des dizaines de manifestants ont scand\u00e9 \u00ab\u00a0y\u2019en a marre des g\u00e9n\u00e9raux\u00a0\u00bb et \u00ab\u00a0makach el char3ia (il n\u2019y a pas de l\u00e9gitimit\u00e9)\u00a0\u00bb, en r\u00e9f\u00e9rence aux r\u00e9sultats d\u2019un scrutin pr\u00e9sidentiel largement rejet\u00e9 par le peuple.<\/p>\n<p>A 13h, la rue Didouche Mourad commen\u00e7ait \u00e0 devenir noire de monde, alors qu&rsquo;un important groupe de manifestants se constituait \u00e0 la Grande Poste.\u00a0<\/p>\n<p><iframe loading=\"lazy\" allowfullscreen=\"true\" allowtransparency=\"true\" frameborder=\"0\" height=\"315\" scrolling=\"no\" src=\"https:\/\/www.facebook.com\/plugins\/video.php?href=https%3A%2F%2Fwww.facebook.com%2FJournaLiberteOfficiel%2Fvideos%2F2452692318304037%2F&#038;show_text=0&#038;width=560\" class=\"c6\" width=\"560\">[embedded content]<\/iframe><\/p>\n<p>Mais \u00e0\u00a0partir de 14h, c&rsquo;\u00e9tait carr\u00e9ment la mar\u00e9e humaine. Des milliers de manifestants empruntaient la rue Hassiba Ben Bouali pour rejoindre la Grande Poste. Au m\u00eame moment, des milliers d&rsquo;autres manifestants affluaient de la Casbah et Bab El Oued en passant par la rue Asselah Hocine.\u00a0<\/p>\n<p><iframe loading=\"lazy\" allowfullscreen=\"true\" allowtransparency=\"true\" frameborder=\"0\" height=\"315\" scrolling=\"no\" src=\"https:\/\/www.facebook.com\/plugins\/video.php?href=https%3A%2F%2Fwww.facebook.com%2FJournaLiberteOfficiel%2Fvideos%2F547274766121022%2F&#038;show_text=0&#038;width=560\" class=\"c6\" width=\"560\">[embedded content]<\/iframe><\/p>\n<p>A 15h donc, le centre de la capitale \u00e9tait archicomble de manifestants, et la m\u00eame mobilisation s&rsquo;est poursuivie jusqu&rsquo;\u00e0 17h.\u00a0\u00a0<\/p>\n<p><iframe loading=\"lazy\" allowfullscreen=\"true\" allowtransparency=\"true\" frameborder=\"0\" height=\"315\" scrolling=\"no\" src=\"https:\/\/www.facebook.com\/plugins\/video.php?href=https%3A%2F%2Fwww.facebook.com%2FJournaLiberteOfficiel%2Fvideos%2F725097441331882%2F&#038;show_text=0&#038;width=560\" class=\"c6\" width=\"560\">[embedded content]<\/iframe><\/p>\n<p>Alors que le mouvement populaire du 22 f\u00e9vrier boucle son 10e mois, les manifestants campent sur leurs positions, \u00e0 savoir \u00ab\u00a0la primaut\u00e9 du pouvoir civil sur le militaire\u00a0\u00bb, \u00ab\u00a0le changement du syst\u00e8me maintenu en place\u00a0\u00bb, et appellent \u00e0 \u00ab\u00a0la lib\u00e9ration des d\u00e9tenus d\u2019opinion\u00a0\u00bb.<\/p>\n<p class=\"c7\"><strong>Sihem Benmalek<\/strong><\/p>\n<\/div>\n<div id=\"text_core\" readability=\"71\">\n<p>Une semaine apr\u00e8s le scrutin pr\u00e9sidentiel et au lendemain de la prestation de serment du nouveau Pr\u00e9sident Abdelmadjid Tebboune, les manifestants ont, ce vendredi, et pour la 44e fois cons\u00e9cutive, investi les rues d\u2019Alger pour maintenir leur revendication principale \u00ab\u00a0le d\u00e9part de tout le syst\u00e8me\u00a0\u00bb.<\/p>\n<p>Les premiers rassemblements ont commenc\u00e9 peu avant midi, \u00e0 hauteur de la rue Didouche Mourad, o\u00f9 des dizaines de manifestants ont scand\u00e9 \u00ab\u00a0y\u2019en a marre des g\u00e9n\u00e9raux\u00a0\u00bb et \u00ab\u00a0makach el char3ia (il n\u2019y a pas de l\u00e9gitimit\u00e9)\u00a0\u00bb, en r\u00e9f\u00e9rence aux r\u00e9sultats d\u2019un scrutin pr\u00e9sidentiel largement rejet\u00e9 par le peuple.<\/p>\n<p>A 13h, la rue Didouche Mourad commen\u00e7ait \u00e0 devenir noire de monde, alors qu&rsquo;un important groupe de manifestants se constituait \u00e0 la Grande Poste.\u00a0<\/p>\n<p><iframe loading=\"lazy\" allowfullscreen=\"true\" allowtransparency=\"true\" frameborder=\"0\" height=\"315\" scrolling=\"no\" src=\"https:\/\/www.facebook.com\/plugins\/video.php?href=https%3A%2F%2Fwww.facebook.com%2FJournaLiberteOfficiel%2Fvideos%2F2452692318304037%2F&#038;show_text=0&#038;width=560\" class=\"c6\" width=\"560\">[embedded content]<\/iframe><\/p>\n<p>Mais \u00e0\u00a0partir de 14h, c&rsquo;\u00e9tait carr\u00e9ment la mar\u00e9e humaine. Des milliers de manifestants empruntaient la rue Hassiba Ben Bouali pour rejoindre la Grande Poste. Au m\u00eame moment, des milliers d&rsquo;autres manifestants affluaient de la Casbah et Bab El Oued en passant par la rue Asselah Hocine.\u00a0<\/p>\n<p><iframe loading=\"lazy\" allowfullscreen=\"true\" allowtransparency=\"true\" frameborder=\"0\" height=\"315\" scrolling=\"no\" src=\"https:\/\/www.facebook.com\/plugins\/video.php?href=https%3A%2F%2Fwww.facebook.com%2FJournaLiberteOfficiel%2Fvideos%2F547274766121022%2F&#038;show_text=0&#038;width=560\" class=\"c6\" width=\"560\">[embedded content]<\/iframe><\/p>\n<p>A 15h donc, le centre de la capitale \u00e9tait archicomble de manifestants, et la m\u00eame mobilisation s&rsquo;est poursuivie jusqu&rsquo;\u00e0 17h.\u00a0\u00a0<\/p>\n<p><iframe loading=\"lazy\" allowfullscreen=\"true\" allowtransparency=\"true\" frameborder=\"0\" height=\"315\" scrolling=\"no\" src=\"https:\/\/www.facebook.com\/plugins\/video.php?href=https%3A%2F%2Fwww.facebook.com%2FJournaLiberteOfficiel%2Fvideos%2F725097441331882%2F&#038;show_text=0&#038;width=560\" class=\"c6\" width=\"560\">[embedded content]<\/iframe><\/p>\n<p>Alors que le mouvement populaire du 22 f\u00e9vrier boucle son 10e mois, les manifestants campent sur leurs positions, \u00e0 savoir \u00ab\u00a0la primaut\u00e9 du pouvoir civil sur le militaire\u00a0\u00bb, \u00ab\u00a0le changement du syst\u00e8me maintenu en place\u00a0\u00bb, et appellent \u00e0 \u00ab\u00a0la lib\u00e9ration des d\u00e9tenus d\u2019opinion\u00a0\u00bb.<\/p>\n<p class=\"c7\"><strong>Sihem Benmalek<\/strong><\/p>\n<\/div>\n<p>Auteur:<br \/>\n<a href=\"https:\/\/www.liberte-algerie.com\/actualite\/actualise-44e-vendredi-les-manifestants-denoncent-une-absence-de-legitimite-330485\">Cliquez ici pour lire l&rsquo;article depuis sa source.<\/a><\/p>\n","protected":false},"excerpt":{"rendered":"<p>Une semaine apr\u00e8s le scrutin pr\u00e9sidentiel et au lendemain de la prestation de serment du nouveau Pr\u00e9sident Abdelmadjid Tebboune, les manifestants ont, ce vendredi, et pour la 44e fois cons\u00e9cutive, investi les rues d\u2019Alger pour maintenir leur revendication principale \u00ab\u00a0le d\u00e9part de tout le syst\u00e8me\u00a0\u00bb. Les premiers rassemblements ont commenc\u00e9 peu avant midi, \u00e0 hauteur [&hellip;]<\/p>\n","protected":false},"author":1742,"featured_media":0,"comment_status":"closed","ping_status":"closed","sticky":false,"template":"","format":"standard","meta":{"fifu_image_url":"","fifu_image_alt":"","footnotes":""},"categories":[73,53],"tags":[],"class_list":["post-70777","post","type-post","status-publish","format-standard","hentry","category-actualite","category-algerie"],"_links":{"self":[{"href":"https:\/\/linitiative.ca\/International\/wp-json\/wp\/v2\/posts\/70777","targetHints":{"allow":["GET"]}}],"collection":[{"href":"https:\/\/linitiative.ca\/International\/wp-json\/wp\/v2\/posts"}],"about":[{"href":"https:\/\/linitiative.ca\/International\/wp-json\/wp\/v2\/types\/post"}],"author":[{"embeddable":true,"href":"https:\/\/linitiative.ca\/International\/wp-json\/wp\/v2\/users\/1742"}],"replies":[{"embeddable":true,"href":"https:\/\/linitiative.ca\/International\/wp-json\/wp\/v2\/comments?post=70777"}],"version-history":[{"count":0,"href":"https:\/\/linitiative.ca\/International\/wp-json\/wp\/v2\/posts\/70777\/revisions"}],"wp:attachment":[{"href":"https:\/\/linitiative.ca\/International\/wp-json\/wp\/v2\/media?parent=70777"}],"wp:term":[{"taxonomy":"category","embeddable":true,"href":"https:\/\/linitiative.ca\/International\/wp-json\/wp\/v2\/categories?post=70777"},{"taxonomy":"post_tag","embeddable":true,"href":"https:\/\/linitiative.ca\/International\/wp-json\/wp\/v2\/tags?post=70777"}],"curies":[{"name":"wp","href":"https:\/\/api.w.org\/{rel}","templated":true}]}}