{"id":70779,"date":"2019-12-20T07:04:36","date_gmt":"2019-12-20T12:04:36","guid":{"rendered":"https:\/\/linitiative.ca\/International\/la-question-securitaire-a-la-une-de-lactualite-de-la-cite-ocre\/"},"modified":"2019-12-20T07:04:36","modified_gmt":"2019-12-20T12:04:36","slug":"la-question-securitaire-a-la-une-de-lactualite-de-la-cite-ocre","status":"publish","type":"post","link":"https:\/\/linitiative.ca\/International\/la-question-securitaire-a-la-une-de-lactualite-de-la-cite-ocre\/","title":{"rendered":"La question s\u00e9curitaire \u00e0 la Une de l\u2019actualit\u00e9 de la Cit\u00e9 Ocre"},"content":{"rendered":"<div readability=\"39\">\n<p>-Par Imane BROUGI-.<br \/>Marrakech \u2013 En plus d\u2019\u00eatre une destination touristique et festive hors pair et un lieu de d\u00e9tente et de s\u00e9jours prolong\u00e9s par excellence, Marrakech, dont le nom \u00e9voque le d\u00e9paysement et l\u2019enchantement, a commenc\u00e9 \u00e0 concurrencer les plus grandes capitales mondiales dans l\u2019organisation des \u00e9v\u00e9nements les plus marquants sur la sc\u00e8ne internationale touchant \u00e0 tous les domaines, y compris le champ s\u00e9curitaire.<\/p>\n<\/div>\n<div readability=\"183\">\n<p>En 2019, la question s\u00e9curitaire a \u00e9t\u00e9, en effet, au c\u0153ur de l\u2019actualit\u00e9 de la cit\u00e9 ocre, en occupant une place de choix. Marrakech, qui a accueilli cette ann\u00e9e une s\u00e9rie de manifestations de grande envergure consolidant la r\u00e9flexion et l\u2019action autour des d\u00e9fis et des enjeux s\u00e9curitaires sur les plans continental et international, se positionne aujourd\u2019hui avec force sur l\u2019\u00e9chiquier s\u00e9curitaire mondial.<\/p>\n<p>Terrorisme, crime organis\u00e9, criminalit\u00e9 transfrontali\u00e8re, coop\u00e9ration s\u00e9curitaire internationale, enjeux g\u00e9opolitiques et strat\u00e9giques ont \u00e9t\u00e9 parmi les sujets les plus d\u00e9battus lors des diff\u00e9rents \u00e9v\u00e9nements organis\u00e9s \u00e0 Marrakech, en attirant de hauts responsables, des sp\u00e9cialistes et experts en la mati\u00e8re des quatre coins du monde, afin de conjuguer les efforts et de coop\u00e9rer davantage pour faire r\u00e9gner la paix et la s\u00e9curit\u00e9.<\/p>\n<p>Dans ce cens, la R\u00e9union des Parquets membres du Groupe quadripartite antiterroriste (Maroc, France, Espagne et Belgique), tenue les 11 et 12 d\u00e9cembre \u00e0 Marrakech, a soulign\u00e9 l\u2019imp\u00e9ratif d\u2019approfondir la collaboration et le travail en commun pour faire face au mieux aux nouvelles menaces terroristes.<\/p>\n<p>Les Parquets membres de l\u2019Accord quadripartite antiterroriste ont confirm\u00e9, lors de cette r\u00e9union, leur d\u00e9termination \u00e0 \u00e9lever le niveau de leur performance pour contribuer \u00e0 gagner le pari de mettre un terme \u00e0 la criminalit\u00e9 terroriste dans leur pays respectif et dans le monde, aux c\u00f4t\u00e9s d\u2019autres institutions comp\u00e9tentes et ce, dans le respect des droits de la d\u00e9fense, des libert\u00e9s fondamentales et des exigences des proc\u00e9dures l\u00e9gales.<\/p>\n<p>Tout en r\u00e9it\u00e9rant leur satisfaction quant au niveau de coop\u00e9ration judiciaire existant entre eux, dans la pr\u00e9vention de l\u2019infraction terroriste, les Parquets membres de l\u2019Accord quadripartite ont r\u00e9affirm\u00e9 la poursuite du maintien de l\u2019esprit constructif de coop\u00e9ration entre lesdits parquets permettant de relever les d\u00e9fis de la criminalit\u00e9 terroriste, souvent transnationale, et la prise en compte des efforts louables d\u00e9ploy\u00e9s \u00e0 cet \u00e9gard par les points focaux et les magistrats de liaison dans la facilitation de la coop\u00e9ration entre les pays membres.<\/p>\n<p>Au terme de cette r\u00e9union \u00e9largie, ils ont \u00e9galement relev\u00e9 la n\u00e9cessit\u00e9 d\u2019adoption d\u2019une approche globale de lutte contre le terrorisme, qui ne devrait pas se limiter au seul volet p\u00e9nal, mais englober \u00e9galement des programmes de d\u00e9mant\u00e8lement des discours extr\u00e9mistes violents, et l\u2019adoption d\u2019une strat\u00e9gie claire pour traiter la situation des combattants de retour et leurs familles dans leur pays, que ce soit au niveau de leur proc\u00e8s ou de leur r\u00e9insertion dans la soci\u00e9t\u00e9.<\/p>\n<p>La cit\u00e9 ocre a de m\u00eame abrit\u00e9 un \u00e9v\u00e9nement non moins important: il s\u2019agit de la 4\u00e8me r\u00e9union des Chefs de police du Moyen Orient et d\u2019Afrique du Nord, ainsi que des Iles Comores, de Djibouti, du Soudan, de la Somalie et de la Mauritanie, qui a permis d\u2019apporter un appui consid\u00e9rable aux efforts visant le d\u00e9veloppement d\u2019une coop\u00e9ration s\u00e9curitaire collective, efficace et efficiente et l\u2019\u00e9change des exp\u00e9riences, des expertises et des renseignements.<\/p>\n<p>Cette r\u00e9union a constitu\u00e9 une opportunit\u00e9 idoine aux pays participants afin d\u2019intensifier et de densifier la coop\u00e9ration interarabe et multipartite, \u00e0 travers l\u2019Interpol, tout en d\u00e9battant de questions strat\u00e9giques et s\u00e9curitaires d\u2019actualit\u00e9 et en tirant profit des grands succ\u00e8s r\u00e9alis\u00e9s dans le cadre de l\u2019exp\u00e9rience s\u00e9curitaire du Royaume.<\/p>\n<p>A cette occasion, le Secr\u00e9taire g\u00e9n\u00e9ral de l\u2019Organisation Internationale de police criminelle (Interpol), J\u00fcrgen Stock, a plaid\u00e9 en faveur du renforcement de la coop\u00e9ration transnationale en vue de relever les d\u00e9fis s\u00e9curitaires majeurs auxquels sont confront\u00e9s les pays membres de l\u2019Organisation.<\/p>\n<p>Il a aussi salu\u00e9 la tenue de cette r\u00e9union \u00e0 Marrakech, ville qui a eu le privil\u00e8ge d\u2019abriter en octobre 2007 la 76\u00e8 session de l\u2019Assembl\u00e9e g\u00e9n\u00e9rale d\u2019Interpol, ce qui t\u00e9moigne de la confiance dont jouit le Maroc au sein de la communaut\u00e9 des Nations et illustre, si besoin est, l\u2019engagement infaillible du Royaume dans le domaine de la lutte contre le terrorisme, l\u2019extr\u00e9misme et le crime organis\u00e9 transfrontalier.<\/p>\n<p>Toujours en relation avec la question s\u00e9curitaire, Marrakech a accueilli les travaux de la 3\u00e8me Conf\u00e9rence Internationale des R\u00e9gulateurs sur la S\u00e9curit\u00e9 Nucl\u00e9aire qui a connu la participation de plus de 350 experts et responsables repr\u00e9sentant une centaine de pays, dont 35 Etats Africains.<\/p>\n<p>Cette Conf\u00e9rence internationale, organis\u00e9e par l\u2019Agence Marocaine de S\u00fbret\u00e9 et de S\u00e9curit\u00e9 Nucl\u00e9aires et Radiologiques (AMSSNuR) en collaboration avec l\u2019Agence Internationale de l\u2019Energie Atomique (AIEA), a permis notamment au Maroc d\u2019assurer le lien entre les diff\u00e9rents pays pr\u00e9sents \u00e0 travers la promotion de la coop\u00e9ration internationale, et de se positionner parmi les chefs de file mondiaux dans le domaine de la s\u00e9curit\u00e9 nucl\u00e9aire.<\/p>\n<p>Cette manifestation, organis\u00e9e pour la premi\u00e8re fois en Afrique et dans le monde Arabe, apr\u00e8s une premi\u00e8re \u00e9dition aux Etats-Unis en 2012, a rassembl\u00e9 des responsables de r\u00e9glementation, des professionnels de la s\u00e9curit\u00e9 nucl\u00e9aire, des d\u00e9cideurs, des responsables des Organisations de Support Technique (TSOs), des organisations r\u00e9gionales et internationales, ainsi que des acteurs dans le domaine de la s\u00e9curit\u00e9 nucl\u00e9aire.<\/p>\n<p>Cette 3\u00e8me Conf\u00e9rence a \u00e9t\u00e9 aussi l\u2019occasion de traiter des nouveaux d\u00e9fis auxquels font face les Etats et organisations internationales pour endiguer les menaces d\u2019actes malveillants susceptibles de mettre en danger la s\u00e9curit\u00e9 des mati\u00e8res nucl\u00e9aires ou d\u2019autres sources radioactives qui pourraient avoir des effets n\u00e9fastes sur l\u2019Homme, la soci\u00e9t\u00e9 et l\u2019environnement. Elle a \u00e9galement permis de renforcer davantage la coop\u00e9ration internationale et d\u2019am\u00e9liorer le d\u00e9veloppement des capacit\u00e9s en mati\u00e8re de s\u00e9curit\u00e9 nucl\u00e9aire dans le monde, en g\u00e9n\u00e9ral, et en Afrique en particulier.<\/p>\n<p>Sur un autre sujet intimement li\u00e9 \u00e0 la s\u00e9curit\u00e9 internationale, la cit\u00e9 ocre a abrit\u00e9 les travaux de la 17\u00e8me conf\u00e9rence des directeurs des organismes arabes de protection civile, avec un focus sur les dangers li\u00e9s \u00e0 la pollution de l\u2019environnement et les moyens de les combattre.<\/p>\n<p>Cet \u00e9v\u00e9nement a port\u00e9, notamment, sur le r\u00f4le des organismes de protection civile dans la mise en \u0153uvre du Cadre de Sendai pour la r\u00e9duction des risques de catastrophes 2015-2030, les activit\u00e9s et les missions des organismes de protection civile et la contribution des compagnies d\u2019assurances aux sources de financement de leurs interventions.<\/p>\n<p>Le point a \u00e9t\u00e9 \u00e9galement mis sur deux projets importants concernant un accord de coop\u00e9ration arabe dans le domaine de la recherche et le sauvetage et l\u2019\u00e9laboration d\u2019un \u00ab\u00a0Code arabe unifi\u00e9 pour contr\u00f4ler l\u2019importation et le transport de mati\u00e8res explosives et dangereuses\u00a0\u00bb et le projet d\u2019accord de coop\u00e9ration entre ces organismes et sur le r\u00f4le de ces instances face aux actes terroristes.<\/p>\n<\/div>\n<p>Auteur: Meriem IGASS<br \/>\n<a href=\"http:\/\/www.mapmarrakech.ma\/fr\/securitaire-2\/\">Cliquez ici pour lire l&rsquo;article depuis sa source.<\/a><\/p>\n","protected":false},"excerpt":{"rendered":"<p>-Par Imane BROUGI-.Marrakech \u2013 En plus d\u2019\u00eatre une destination touristique et festive hors pair et un lieu de d\u00e9tente et de s\u00e9jours prolong\u00e9s par excellence, Marrakech, dont le nom \u00e9voque le d\u00e9paysement et l\u2019enchantement, a commenc\u00e9 \u00e0 concurrencer les plus grandes capitales mondiales dans l\u2019organisation des \u00e9v\u00e9nements les plus marquants sur la sc\u00e8ne internationale touchant [&hellip;]<\/p>\n","protected":false},"author":1788,"featured_media":0,"comment_status":"closed","ping_status":"closed","sticky":false,"template":"","format":"standard","meta":{"fifu_image_url":"","fifu_image_alt":"","footnotes":""},"categories":[54,76],"tags":[],"class_list":["post-70779","post","type-post","status-publish","format-standard","hentry","category-maroc","category-regions"],"_links":{"self":[{"href":"https:\/\/linitiative.ca\/International\/wp-json\/wp\/v2\/posts\/70779","targetHints":{"allow":["GET"]}}],"collection":[{"href":"https:\/\/linitiative.ca\/International\/wp-json\/wp\/v2\/posts"}],"about":[{"href":"https:\/\/linitiative.ca\/International\/wp-json\/wp\/v2\/types\/post"}],"author":[{"embeddable":true,"href":"https:\/\/linitiative.ca\/International\/wp-json\/wp\/v2\/users\/1788"}],"replies":[{"embeddable":true,"href":"https:\/\/linitiative.ca\/International\/wp-json\/wp\/v2\/comments?post=70779"}],"version-history":[{"count":0,"href":"https:\/\/linitiative.ca\/International\/wp-json\/wp\/v2\/posts\/70779\/revisions"}],"wp:attachment":[{"href":"https:\/\/linitiative.ca\/International\/wp-json\/wp\/v2\/media?parent=70779"}],"wp:term":[{"taxonomy":"category","embeddable":true,"href":"https:\/\/linitiative.ca\/International\/wp-json\/wp\/v2\/categories?post=70779"},{"taxonomy":"post_tag","embeddable":true,"href":"https:\/\/linitiative.ca\/International\/wp-json\/wp\/v2\/tags?post=70779"}],"curies":[{"name":"wp","href":"https:\/\/api.w.org\/{rel}","templated":true}]}}