{"id":70780,"date":"2019-12-20T09:34:52","date_gmt":"2019-12-20T14:34:52","guid":{"rendered":"https:\/\/linitiative.ca\/International\/marrakech-plate-forme-des-debats-strategiques\/"},"modified":"2019-12-20T09:34:52","modified_gmt":"2019-12-20T14:34:52","slug":"marrakech-plate-forme-des-debats-strategiques","status":"publish","type":"post","link":"https:\/\/linitiative.ca\/International\/marrakech-plate-forme-des-debats-strategiques\/","title":{"rendered":"Marrakech, plate-forme des d\u00e9bats strat\u00e9giques"},"content":{"rendered":"<div readability=\"41\">\n<p>-Par Hassan EL AMRI-.<br \/>Marrakech \u2013 R\u00e9put\u00e9e pour sa dynamique vertueuse tous azimuts, la ville de Marrakech ne cesse, au fil des ann\u00e9es, de confirmer et conforter, si besoin est, sa stature \u00e9minente aussi bien \u00e0 l\u2019\u00e9chelle nationale qu\u2019internationale, en tant que haut lieu d\u2019\u00e9change d\u2019id\u00e9es et plate-forme incontournable de rencontres et de d\u00e9bats autour de questions pertinentes \u00e0 vocation strat\u00e9gique.<\/p>\n<\/div>\n<div readability=\"193\">\n<p>En effet, la cit\u00e9 ocre a abrit\u00e9 tout au long de l\u2019ann\u00e9e 2019 une myriade d\u2019\u00e9v\u00e9nements r\u00e9gionaux et internationaux de grande envergure, embrassant tous les domaines, notamment ceux \u00e0 caract\u00e8re \u00e9conomique, \u00e0 m\u00eame de s\u2019\u00e9riger en un espace privil\u00e9gi\u00e9 de partage de r\u00e9flexions, d\u2019exp\u00e9riences et d\u2019expertises autour de sujets qui int\u00e9ressent la Communaut\u00e9 \u00e9conomique nationale, continentale, r\u00e9gionale et mondiale.<\/p>\n<p>Ainsi, la ville imp\u00e9riale a abrit\u00e9, les 21 et 22 octobre derniers, la 2\u00e8me Conf\u00e9rence internationale de Marrakech sur la Justice, en pr\u00e9sence de pr\u00e8s de 800 repr\u00e9sentants de plus de 70 pays, dont plus de 40 ministres de la justice, de hauts responsables judiciaires, et des acteurs-cl\u00e9 des institutions \u00e9conomiques et financi\u00e8res internationales sp\u00e9cialis\u00e9es.<\/p>\n<p>Plac\u00e9e sous le Haut Patronage de SM le Roi Mohammed VI, cette Conf\u00e9rence, initi\u00e9e sous le th\u00e8me \u00ab\u00a0Justice et Investissement: D\u00e9fis et Enjeux\u00a0\u00bb, s\u2019inscrivait dans le cadre des Hautes Instructions Royales visant \u00e0 stimuler les investissements, \u00e0 renforcer la comp\u00e9titivit\u00e9 de l\u2019\u00e9conomie nationale et \u00e0 am\u00e9liorer l\u2019environnement des entreprises, notamment par l\u2019adoption d\u2019une culture de dialogue, de consultation et de coordination entre les diff\u00e9rents acteurs du secteur de la justice et les op\u00e9rateurs \u00e9conomiques cl\u00e9s au Maroc et \u00e0 l\u2019international.<\/p>\n<p>Ce grand conclave a \u00e9t\u00e9 marqu\u00e9 par le message Royal adress\u00e9 par le Souverain aux participants, dans lequel SM le Roi a soulign\u00e9 que la justice est l\u2019une des cl\u00e9s essentielles pour fortifier le climat des affaires, promouvoir la libert\u00e9 d\u2019entreprendre et prot\u00e9ger l\u2019entreprise, notant que la mise en place d\u2019un climat propice \u00e0 l\u2019investissement requiert des garanties juridiques et \u00e9conomiques susceptibles de renforcer la confiance dans le syst\u00e8me judiciaire.<\/p>\n<p>Non loin de Marrakech, l\u2019Universit\u00e9 Mohammed VI Polytechnique (UM6P) \u00e0 Bengu\u00e9rir a accueilli les 4 et 5 novembre derniers, la 2\u00e8me Conf\u00e9rence minist\u00e9rielle annuelle de l\u2019Initiative pour l\u2019Adaptation de l\u2019Agriculture Africaine (AAA).<\/p>\n<p>Ce rendez-vous d\u2019envergure a r\u00e9uni 28 d\u00e9l\u00e9gations \u00e9trang\u00e8res, dont 20 ministres africains, des repr\u00e9sentants de gouvernements africains, d\u2019institutions financi\u00e8res internationales (Banque mondiale, FAO, BAD), des donateurs, ainsi que plusieurs scientifiques de renomm\u00e9e internationale.<\/p>\n<p>A l\u2019issue de deux jours de d\u00e9bats fructueux, les ministres de l\u2019Agriculture et repr\u00e9sentants des Organisations et Institutions de financement internationales et r\u00e9gionales ont, dans leur D\u00e9claration finale, encourag\u00e9 la Fondation AAA \u00ab\u00a0\u00e0 poursuivre et \u00e0 \u00e9largir son accompagnement des pays pour la formulation des Plans Nationaux d\u2019Investissements dans l\u2019Agriculture Climato-Intelligente\u00a0\u00bb.<\/p>\n<p>Toujours en lien avec le secteur agricole, la cit\u00e9 ocre a accueilli, les 11 et 12 novembre derniers, la 1\u00e8re Conf\u00e9rence UE-Nord Africaine sur l\u2019agriculture biologique \u00ab\u00a0EU\/North-African Conference on Organic Agriculture\u00a0\u00bb (EU-NACOA), \u00e0 l\u2019issue de laquelle les participants ont plaid\u00e9 en faveur du renforcement de la recherche scientifique en agriculture biologique et de l\u2019ouverture sur les nouvelles technologies.<\/p>\n<p>Marrakech a \u00e9t\u00e9 aussi \u00e0 l\u2019honneur, les 13 et 14 f\u00e9vrier derniers, \u00e0 l\u2019occasion de la 2\u00e8me Conf\u00e9rence des femmes d\u2019affaires arabes et africaines. Cet \u00e9v\u00e9nement rehauss\u00e9 par la pr\u00e9sence de ministres, d\u2019\u00e9minentes personnalit\u00e9s et de plus d\u2019une trentaine d\u2019experts chevronn\u00e9s venus d\u2019une dizaine de pays africains et du Moyen-Orient, a permis aux diff\u00e9rents participants, de d\u00e9battre des enjeux et d\u00e9fis \u00e0 relever pour la r\u00e9alisation des Objectifs de D\u00e9veloppement Durable (ODD) et ce, \u00e0 travers le soutien des femmes entrepreneures.<\/p>\n<p>A l\u2019issue de leurs travaux, les participants ont appel\u00e9 \u00e0 la cr\u00e9ation de Fonds d\u00e9di\u00e9s \u00e0 la promotion de l\u2019entrepreneuriat des femmes en Afrique et dans le monde arabe, afin de contribuer \u00e0 lib\u00e9rer les potentiels financiers, tout en plaidant pour la diversification des initiatives de partenariats public-priv\u00e9 de fa\u00e7on \u00e0 permettre l\u2019autonomisation des femmes entrepreneures arabes et africaines.<\/p>\n<p>La ville des \u00ab\u00a0Sept Saints\u00a0\u00bb a \u00e9t\u00e9 aussi durant l\u2019ann\u00e9e 2019 la terre de rencontres du gotha des assurances en abritant, du 23 au 25 septembre, la 26\u00e8me Conf\u00e9rence de la F\u00e9d\u00e9ration Afro-Asiatique d\u2019Assurance et de R\u00e9assurance (FAIR 2019), avec la participation de plus de 900 responsables, d\u00e9cideurs et acteurs op\u00e9rant dans ce secteur.<\/p>\n<div readability=\"121\">\n<p>Plac\u00e9 sous le Haut Patronage de SM le Roi Mohammed VI, cet important conclave a offert un espace propice pour identifier les voies et solutions appropri\u00e9es pour permettre au secteur de l\u2019assurance et de la r\u00e9assurance de jouer pleinement son r\u00f4le, notamment la s\u00e9curisation des personnes et des biens et la mobilisation de l\u2019\u00e9pargne pour la r\u00e9gion Afrique-Asie.<\/p>\n<p>Dans le m\u00eame sillage, la m\u00eame ville a \u00e9t\u00e9 au rendez-vous, les 4 et 5 d\u00e9cembre, avec la 4\u00e8me Conf\u00e9rence de l\u2019Union Arabe des Contr\u00f4leurs d\u2019assurances (AUIRC), initi\u00e9e par l\u2019Autorit\u00e9 de Contr\u00f4le des Assurances et de la Pr\u00e9voyance Sociale (ACAPS) en collaboration avec l\u2019AUIRC.<\/p>\n<p>Cette Rencontre d\u2019envergure, ayant rassembl\u00e9 les r\u00e9gulateurs et op\u00e9rateurs des secteurs de l\u2019assurance de la r\u00e9gion MENA, a offert aux participants une plateforme d\u2019\u00e9change et de d\u00e9bat autour des questions relatives \u00e0 la r\u00e9glementation et au d\u00e9veloppement des march\u00e9s de l\u2019assurance et de la r\u00e9assurance dans la r\u00e9gion, dont le volume avoisine les 40 milliards de dollars US.<\/p>\n<p>Marrakech a \u00e9t\u00e9 \u00e9galement \u00e0 l\u2019honneur, les 28 et 29 novembre, en organisant le 2\u00e8me \u00ab\u00a0EU-Africa Business Summit\u00a0\u00bb, une plateforme privil\u00e9gi\u00e9e d\u2019\u00e9changes entre l\u2019Afrique et l\u2019UE, qui a accueilli plus de 300 participants, dont d\u2019influents d\u00e9cideurs politiques et dirigeants d\u2019entreprises africains et europ\u00e9ens, ainsi que des experts de renom pour discuter des opportunit\u00e9s d\u2019investissements et de la mise en place de partenariats durables entre l\u2019Afrique et l\u2019Europe.<\/p>\n<p>Lors de cette grand-messe, les participants ont affirm\u00e9 que les relations UE-Afrique sont appel\u00e9es aujourd\u2019hui plus que jamais \u00e0 sortir du paradigme de l\u2019aide au d\u00e9veloppement et entrer dans l\u2019\u00e8re de la relation \u00ab\u00a0win-win\u00a0\u00bb, soulignant que les deux parties ont tout int\u00e9r\u00eat \u00e0 red\u00e9finir leur partenariat autant au niveau institutionnel qu\u2019en termes de relations \u00e9conomiques pour \u00e9voluer vers une relation plus \u00e9quilibr\u00e9e.<\/p>\n<p>En marge de ce Sommet, il a \u00e9t\u00e9 proc\u00e9d\u00e9 \u00e0 l\u2019annonce de la cr\u00e9ation, \u00e0 l\u2019initiative de la Conf\u00e9d\u00e9ration G\u00e9n\u00e9rale des Entreprises du Maroc (CGEM), de la \u00ab\u00a0Coalition Business Afrique\u00a0\u00bb, une task-force panafricaine, qui oeuvrera pour f\u00e9d\u00e9rer l\u2019ensemble des acteurs \u00e9conomiques du Continent autour d\u2019une vision et d\u2019une strat\u00e9gie de d\u00e9veloppement communes.<\/p>\n<p>La ville imp\u00e9riale a, en outre, \u00e9t\u00e9 le th\u00e9\u00e2tre des travaux de la 44\u00e8 R\u00e9union annuelle du Groupe de la Banque Islamique de D\u00e9veloppement (BID), organis\u00e9e du 03 au 06 avril dernier, sous le Haut Patronage de SM le Roi Mohammed VI.<\/p>\n<p>L\u2019un des moments forts de cette R\u00e9union, qui a permis aux repr\u00e9sentants des Etats membres de d\u00e9cortiquer les quatre piliers essentiels du plan quinquennal de la Banque: \u00ab\u00a0les partenariats public-priv\u00e9\u00a0\u00bb, \u00ab\u00a0la science, la technologie et l\u2019innovation\u00a0\u00bb, \u00ab\u00a0la cha\u00eene de valeur mondiale\u00a0\u00bb et \u00ab\u00a0la finance islamique\u00a0\u00bb, a \u00e9t\u00e9 le message Royal adress\u00e9 aux participants, dans lequel le Souverain a appel\u00e9 \u00e0 une action collective en vue de consolider la solidarit\u00e9 entre les pays islamiques, assurer la transition vers un mod\u00e8le \u00e9conomique propre \u00e0 assurer le d\u00e9veloppement \u00e0 tous les niveaux et impulser une dynamique vigoureuse aux relations \u00e9conomiques entre les Etats membres.<\/p>\n<p>Dans le m\u00eame cadre, la ville de Marrakech a \u00e9t\u00e9 au devant de la sc\u00e8ne, les 25 et 26 mars derniers, avec les sessions minist\u00e9rielles de la 52\u00e8me Conf\u00e9rence des ministres africains des Finances, de la planification et du d\u00e9veloppement \u00e9conomique (COM2019) de la Commission Economique pour l\u2019Afrique (CEA).<\/p>\n<p>Ces sessions ont \u00e9t\u00e9 pr\u00e9c\u00e9d\u00e9es par l\u2019organisation, dans la cit\u00e9 ocre, de la 38\u00e8me r\u00e9union du comit\u00e9 d\u2019experts de la COM2019 (20-22 mars) ayant port\u00e9 sur des sujets li\u00e9s aux politiques budg\u00e9taires, au commerce intra-africain, au secteur priv\u00e9 et \u00e0 l\u2019\u00e9conomie num\u00e9rique, ainsi que par des manifestations parall\u00e8les (23-24 mars), notamment la pr\u00e9sentation du Rapport \u00e9conomique sur l\u2019Afrique, publication phare de la CEA.<\/p>\n<p>Cette COM2019 a constitu\u00e9 une occasion pour les ministres et experts africains d\u2019examiner diff\u00e9rents dossiers, dont l\u2019am\u00e9lioration de la gestion budg\u00e9taire, l\u2019adaptation \u00e0 la digitalisation, l\u2019usage des nouvelles technologies et les politiques fiscales n\u00e9cessaires \u00e0 la mise en \u0153uvre de la ZLECA dans le cadre du programme de d\u00e9veloppement durable \u00e0 l\u2019horizon 2030 et du programme de d\u00e9veloppement de l\u2019Afrique, l\u2019Agenda 2063, outre le r\u00f4le du secteur priv\u00e9 \u00e0 l\u2019\u00e8re num\u00e9rique.<\/p>\n<p>D\u00e9cid\u00e9ment, la cit\u00e9 ocre, gr\u00e2ce \u00e0 sa grande expertise connue et reconnue dans l\u2019organisation de grands \u00e9v\u00e9nements nationaux, r\u00e9gionaux et internationaux, dont ceux \u00e0 dominante \u00e9conomique, peut s\u2019enorgueillir d\u2019\u00eatre l\u2019une des plus prestigieuses destinations \u00e0 l\u2019international dans le domaine du tourisme d\u2019affaires, \u00e0 m\u00eame de consolider sa place ind\u00e9niable sur l\u2019\u00e9chiquier mondial dans le segment du MICE (Meetings, Incentives, Conferencing, Exhibitions).<\/p>\n<\/div>\n<\/div>\n<p>Auteur: Meriem IGASS<br \/>\n<a href=\"http:\/\/www.mapmarrakech.ma\/fr\/marrakech-3\/\">Cliquez ici pour lire l&rsquo;article depuis sa source.<\/a><\/p>\n","protected":false},"excerpt":{"rendered":"<p>-Par Hassan EL AMRI-.Marrakech \u2013 R\u00e9put\u00e9e pour sa dynamique vertueuse tous azimuts, la ville de Marrakech ne cesse, au fil des ann\u00e9es, de confirmer et conforter, si besoin est, sa stature \u00e9minente aussi bien \u00e0 l\u2019\u00e9chelle nationale qu\u2019internationale, en tant que haut lieu d\u2019\u00e9change d\u2019id\u00e9es et plate-forme incontournable de rencontres et de d\u00e9bats autour de [&hellip;]<\/p>\n","protected":false},"author":1788,"featured_media":0,"comment_status":"closed","ping_status":"closed","sticky":false,"template":"","format":"standard","meta":{"fifu_image_url":"","fifu_image_alt":"","footnotes":""},"categories":[54,76],"tags":[],"class_list":["post-70780","post","type-post","status-publish","format-standard","hentry","category-maroc","category-regions"],"_links":{"self":[{"href":"https:\/\/linitiative.ca\/International\/wp-json\/wp\/v2\/posts\/70780","targetHints":{"allow":["GET"]}}],"collection":[{"href":"https:\/\/linitiative.ca\/International\/wp-json\/wp\/v2\/posts"}],"about":[{"href":"https:\/\/linitiative.ca\/International\/wp-json\/wp\/v2\/types\/post"}],"author":[{"embeddable":true,"href":"https:\/\/linitiative.ca\/International\/wp-json\/wp\/v2\/users\/1788"}],"replies":[{"embeddable":true,"href":"https:\/\/linitiative.ca\/International\/wp-json\/wp\/v2\/comments?post=70780"}],"version-history":[{"count":0,"href":"https:\/\/linitiative.ca\/International\/wp-json\/wp\/v2\/posts\/70780\/revisions"}],"wp:attachment":[{"href":"https:\/\/linitiative.ca\/International\/wp-json\/wp\/v2\/media?parent=70780"}],"wp:term":[{"taxonomy":"category","embeddable":true,"href":"https:\/\/linitiative.ca\/International\/wp-json\/wp\/v2\/categories?post=70780"},{"taxonomy":"post_tag","embeddable":true,"href":"https:\/\/linitiative.ca\/International\/wp-json\/wp\/v2\/tags?post=70780"}],"curies":[{"name":"wp","href":"https:\/\/api.w.org\/{rel}","templated":true}]}}