{"id":70784,"date":"2019-12-20T05:00:00","date_gmt":"2019-12-20T10:00:00","guid":{"rendered":"https:\/\/linitiative.ca\/International\/medecine-legale-la-mise-a-niveau-de-la-profession-relancee\/"},"modified":"2019-12-20T05:00:00","modified_gmt":"2019-12-20T10:00:00","slug":"medecine-legale-la-mise-a-niveau-de-la-profession-relancee","status":"publish","type":"post","link":"https:\/\/linitiative.ca\/International\/medecine-legale-la-mise-a-niveau-de-la-profession-relancee\/","title":{"rendered":"M\u00e9decine l\u00e9gale: La mise \u00e0 niveau de la profession relanc\u00e9e"},"content":{"rendered":"<div readability=\"36\">\n<p>L\u2019examen d\u00e9taill\u00e9 du projet de loi aujourd\u2019hui \u00e0 la Chambre des repr\u00e9sentants<\/p>\n<p>Renforcement de la protection des praticiens<\/p>\n<p>Des formations sp\u00e9ciales au profit des m\u00e9decins l\u00e9gistes des bureaux communaux d\u2019hygi\u00e8ne<\/p>\n<\/div>\n<div readability=\"88.5\">\n<div class=\"dnd-atom-wrapper type-image context-sdl_editor_representation\" contenteditable=\"false\" readability=\"33.5\">\n<div class=\"dnd-drop-wrapper image\"><img loading=\"lazy\" decoding=\"async\" typeof=\"foaf:Image\" class=\"img-responsive\" src=\"https:\/\/www.leconomiste.com\/sites\/default\/files\/eco7\/public\/thumbnails\/image\/commission-de-la-justice-058.jpg\" width=\"660\" height=\"330\" alt=\"commission-de-la-justice-058.jpg\" title=\"commission-de-la-justice-058.jpg\"\/><\/div>\n<div class=\"dnd-legend-wrapper\" contenteditable=\"true\" readability=\"12\">\n<p class=\"rtejustify\">Les membres de la Commission de la justice de la Chambre des repr\u00e9sentants se penchent aujourd\u2019hui sur l\u2019examen d\u00e9taill\u00e9 du projet de loi sur la m\u00e9decine l\u00e9gale, apr\u00e8s plusieurs mois en stand-by. Ce texte d\u00e9finit les modalit\u00e9s d\u2019exercice de cette profession, dont l\u2019apport est d\u00e9cisif dans la r\u00e9solution de plusieurs affaires devant la justice <em>(Ph. Bziouat)<\/em><\/p>\n<\/div>\n<\/div>\n<p class=\"rtejustify\">C\u2019est un projet de loi strat\u00e9gique, qui tra\u00eene au Parlement depuis plusieurs mois. D\u00e9pos\u00e9 \u00e0 la Chambre des repr\u00e9sentants en novembre 2018, le texte sur la m\u00e9decine l\u00e9gale a \u00e9t\u00e9 pr\u00e9sent\u00e9 en f\u00e9vrier dernier. C\u2019est aujourd\u2019hui que l\u2019examen d\u00e9taill\u00e9 de cette r\u00e9forme est programm\u00e9 au sein de la Commission de la justice.<\/p>\n<p class=\"rtejustify\">Ce texte ambitionne de renforcer l\u2019encadrement de cette profession, notamment en fixant les r\u00e8gles de son exercice. Parmi les principales dispositions de ce projet de loi, celles portant sur les missions des m\u00e9decins l\u00e9gistes.<\/p>\n<p class=\"rtejustify\">Il s\u2019agit de l\u2019examen clinique des personnes atteintes de blessures physiques ou mentales, en vue de d\u00e9terminer leur gravit\u00e9, en plus de la formulation d\u2019avis techniques li\u00e9s aux affaires soumises \u00e0 la justice. L\u2019apport de ces professionnels est d\u00e9cisif pour \u00e9luder les circonstances d\u2019un crime et la d\u00e9tection de preuves dans le cadre d\u2019une affaire devant la justice.<\/p>\n<p class=\"rtejustify\">Ces missions sont prises en charge par les \u00abm\u00e9decins sp\u00e9cialistes en m\u00e9decine l\u00e9gale, inscrits au registre de l\u2019Ordre national des m\u00e9decins, ainsi que par les praticiens exer\u00e7ant dans les bureaux communaux d\u2019hygi\u00e8ne\u00bb. Ce texte renforce \u00e9galement la protection des praticiens. Il pr\u00e9voit des sanctions allant de 1 \u00e0 2 ans d\u2019emprisonnement en plus d\u2019une amende de 1.200 \u00e0 5.000 DH \u00e0 l\u2019encontre des personnes qui entravent ou tentent d\u2019entraver le travail du m\u00e9decin l\u00e9giste, dans le cadre d\u2019une mission pour laquelle il a \u00e9t\u00e9 mandat\u00e9 par la justice.<\/p>\n<p class=\"rtejustify\">Le mandat du Parquet ou du juge d\u2019instruction est indispensable pour l\u2019exercice des missions de m\u00e9decin l\u00e9giste. C\u2019est sur cette base qu\u2019il proc\u00e8de \u00e0 l\u2019examen des cadavres pour les besoins de l\u2019enqu\u00eate. Ce projet de loi fixe \u00e9galement les cas dans lesquels une autopsie peut \u00eatre pratiqu\u00e9e. Il s\u2019agit par exemple des d\u00e9c\u00e8s suite \u00e0 des agressions physiques ou sexuelles ou encore suite \u00e0 un empoisonnement.<\/p>\n<p class=\"rtejustify\">Les d\u00e9c\u00e8s dans des lieux de d\u00e9tention ou dans les cas de torture figurent \u00e9galement parmi les cas n\u00e9cessitant la r\u00e9alisation d\u2019une autopsie. Un rapport d\u00e9taill\u00e9, dont les modalit\u00e9s de r\u00e9daction sont d\u00e9finies par l\u2019article 24, doit \u00eatre soumis aux autorit\u00e9s judiciaires ou \u00e0 la police judiciaire, sur ordonnance du tribunal. L\u2019article 25 pr\u00e9cise que ce document confidentiel doit \u00eatre r\u00e9alis\u00e9 en 3 copies.<\/p>\n<p class=\"rtejustify\">Ce projet de loi pr\u00e9voit \u00e9galement le renforcement des capacit\u00e9s des m\u00e9decins exer\u00e7ant au niveau des bureaux communaux d\u2019hygi\u00e8ne, via des cycles de formation en m\u00e9decine l\u00e9gale, afin d\u2019\u00eatre en phase avec les nouvelles exigences de cette profession. Des conventions relatives \u00e0 ces formations seront sign\u00e9es entre les minist\u00e8res concern\u00e9s et des \u00e9tablissements d\u2019enseignement sup\u00e9rieur sp\u00e9cialis\u00e9s.<\/p>\n<p class=\"rtejustify\">L\u2019article 38 fixe un d\u00e9lai de 4 ans \u00e0 partir de la publication de cette nouvelle loi au Bulletin officiel pour se conformer aux dispositions li\u00e9es \u00e0 la formation de cette cat\u00e9gorie de m\u00e9decins l\u00e9gistes. Ceci est d\u2019autant plus important que le Maroc souffre actuellement d\u2019un grand d\u00e9ficit dans ce domaine. L\u2019augmentation du nombre des praticiens est l\u2019un des objectifs de cette r\u00e9forme.<\/p>\n<blockquote readability=\"14\">\n<p class=\"rtecenter\"><strong><span class=\"c4\">Experts judiciaires<\/span><\/strong><\/p>\n<p class=\"rtejustify\">Les m\u00e9decins l\u00e9gistes seront inscrits en tant qu\u2019experts judiciaires, en vertu de ce projet de loi, sur l\u2019un des registres pr\u00e9vus \u00e0 cet effet au niveau des Cours d\u2019appel, ou sur le registre national des experts judiciaires, sur d\u00e9cision du minist\u00e8re de la Justice. Ils devront \u00e9galement pr\u00eater serment en conformit\u00e9 avec la r\u00e9glementation en vigueur. Les professionnels ayant failli \u00e0 leurs responsabilit\u00e9s sont passibles de sanctions disciplinaires, comme cela est pr\u00e9vu par l\u2019article 31. Ils sont aussi tenus par le respect du secret professionnel, en vertu de l\u2019article 36. Les m\u00e9decins l\u00e9gistes qui inscrivent dans leurs rapports des donn\u00e9es qui ne correspondent pas \u00e0 la r\u00e9alit\u00e9 ou ayant d\u00e9lib\u00e9r\u00e9ment omis de mentionner certaines informations seront poursuivis pour faux t\u00e9moignage.<\/p>\n<\/blockquote>\n<p class=\"rtejustify\"><em>M.A.M.<\/em><\/p>\n<\/div>\n<p>Auteur: hlafriqi<br \/>\n<a href=\"https:\/\/www.leconomiste.com\/article\/1054738-medecine-legale-la-mise-niveau-de-la-profession-relancee\">Cliquez ici pour lire l&rsquo;article depuis sa source.<\/a><\/p>\n","protected":false},"excerpt":{"rendered":"<p>L\u2019examen d\u00e9taill\u00e9 du projet de loi aujourd\u2019hui \u00e0 la Chambre des repr\u00e9sentants Renforcement de la protection des praticiens Des formations sp\u00e9ciales au profit des m\u00e9decins l\u00e9gistes des bureaux communaux d\u2019hygi\u00e8ne Les membres de la Commission de la justice de la Chambre des repr\u00e9sentants se penchent aujourd\u2019hui sur l\u2019examen d\u00e9taill\u00e9 du projet de loi sur la [&hellip;]<\/p>\n","protected":false},"author":1763,"featured_media":70785,"comment_status":"closed","ping_status":"closed","sticky":false,"template":"","format":"standard","meta":{"fifu_image_url":"","fifu_image_alt":"","footnotes":""},"categories":[78,54],"tags":[],"class_list":["post-70784","post","type-post","status-publish","format-standard","has-post-thumbnail","hentry","category-economie","category-maroc"],"_links":{"self":[{"href":"https:\/\/linitiative.ca\/International\/wp-json\/wp\/v2\/posts\/70784","targetHints":{"allow":["GET"]}}],"collection":[{"href":"https:\/\/linitiative.ca\/International\/wp-json\/wp\/v2\/posts"}],"about":[{"href":"https:\/\/linitiative.ca\/International\/wp-json\/wp\/v2\/types\/post"}],"author":[{"embeddable":true,"href":"https:\/\/linitiative.ca\/International\/wp-json\/wp\/v2\/users\/1763"}],"replies":[{"embeddable":true,"href":"https:\/\/linitiative.ca\/International\/wp-json\/wp\/v2\/comments?post=70784"}],"version-history":[{"count":0,"href":"https:\/\/linitiative.ca\/International\/wp-json\/wp\/v2\/posts\/70784\/revisions"}],"wp:featuredmedia":[{"embeddable":true,"href":"https:\/\/linitiative.ca\/International\/wp-json\/"}],"wp:attachment":[{"href":"https:\/\/linitiative.ca\/International\/wp-json\/wp\/v2\/media?parent=70784"}],"wp:term":[{"taxonomy":"category","embeddable":true,"href":"https:\/\/linitiative.ca\/International\/wp-json\/wp\/v2\/categories?post=70784"},{"taxonomy":"post_tag","embeddable":true,"href":"https:\/\/linitiative.ca\/International\/wp-json\/wp\/v2\/tags?post=70784"}],"curies":[{"name":"wp","href":"https:\/\/api.w.org\/{rel}","templated":true}]}}